{"id":15275,"date":"2022-03-31T16:00:20","date_gmt":"2022-03-31T19:00:20","guid":{"rendered":"https:\/\/radiorevelacionfm.cl\/?p=15275"},"modified":"2022-03-31T16:00:20","modified_gmt":"2022-03-31T19:00:20","slug":"injuv-busca-jovenes-lideres-con-ideas-que-transformen-su-comunidad","status":"publish","type":"post","link":"https:\/\/radiorevelacionfm.cl\/?p=15275","title":{"rendered":"INJUV busca j\u00f3venes l\u00edderes con ideas que transformen su comunidad"},"content":{"rendered":"<div class=\"flex_column av_one_full  flex_column_div av-zero-column-padding first  avia-builder-el-0  el_before_av_one_full  avia-builder-el-first  \" style='border-radius:0px; '><div  class='avia-image-container  av-styling-    avia-builder-el-1  avia-builder-el-no-sibling  avia-align-center '  itemprop=\"image\" itemscope=\"itemscope\" itemtype=\"https:\/\/schema.org\/ImageObject\"  ><div class='avia-image-container-inner'><div class='avia-image-overlay-wrap'><img decoding=\"async\" class='wp-image-15276 avia-img-lazy-loading-not-15276 avia_image' src=\"https:\/\/radiorevelacionfm.cl\/wp-content\/uploads\/2022\/03\/injuv-postulaciones-1-1_optimized.jpeg\" alt='' title='injuv---postulaciones-(1)-(1)_optimized' height=\"600\" width=\"727\"  itemprop=\"thumbnailUrl\" srcset=\"https:\/\/radiorevelacionfm.cl\/wp-content\/uploads\/2022\/03\/injuv-postulaciones-1-1_optimized.jpeg 727w, https:\/\/radiorevelacionfm.cl\/wp-content\/uploads\/2022\/03\/injuv-postulaciones-1-1_optimized-300x248.jpeg 300w, https:\/\/radiorevelacionfm.cl\/wp-content\/uploads\/2022\/03\/injuv-postulaciones-1-1_optimized-705x582.jpeg 705w, https:\/\/radiorevelacionfm.cl\/wp-content\/uploads\/2022\/03\/injuv-postulaciones-1-1_optimized-600x495.jpeg 600w\" sizes=\"(max-width: 727px) 100vw, 727px\" \/><\/div><\/div><\/div><\/div><div class=\"flex_column av_one_full  flex_column_div av-zero-column-padding first  avia-builder-el-2  el_after_av_one_full  el_before_av_one_full  column-top-margin\" style='border-radius:0px; '><section class=\"av_textblock_section \"  itemscope=\"itemscope\" itemtype=\"https:\/\/schema.org\/BlogPosting\" itemprop=\"blogPost\" ><div class='avia_textblock  '   itemprop=\"text\" ><p style=\"text-align: center;\"><span style=\"font-size: 18pt;\"><strong>INJUV busca j\u00f3venes l\u00edderes con ideas que transformen su comunidad<\/strong><\/span><\/p>\n<div id=\"gtx-trans\" style=\"position: absolute; left: -50px; top: 4.31534px;\">\n<div class=\"gtx-trans-icon\"><\/div>\n<\/div>\n<\/div><\/section><\/div><div class=\"flex_column av_one_full  flex_column_div av-zero-column-padding first  avia-builder-el-4  el_after_av_one_full  el_before_av_hr  column-top-margin\" style='border-radius:0px; '><section class=\"av_textblock_section \"  itemscope=\"itemscope\" itemtype=\"https:\/\/schema.org\/BlogPosting\" itemprop=\"blogPost\" ><div class='avia_textblock  '   itemprop=\"text\" ><p style=\"text-align: justify;\"><span style=\"font-size: 12pt;\">El Instituto Nacional de la Juventud (INJUV) abri\u00f3 el proceso de postulaci\u00f3n para su programa Creamos, una iniciativa que busca ser un semillero de liderazgos juveniles y que contempla un proceso de formaci\u00f3n, adem\u00e1s de la opci\u00f3n de acceder a financiamiento de proyectos de j\u00f3venes l\u00edderes.<\/span><\/p>\n<p style=\"text-align: justify;\"><span style=\"font-size: 12pt;\">La convocatoria va dirigida a j\u00f3venes de entre 15 a 29 a\u00f1os que tengan una idea para resolver alg\u00fan problema que afecte a sus comunidades. Para esto se busca entregar herramientas formativas y financieras para gestionar proyectos de incidencia comunitaria.<\/span><\/p>\n<p style=\"text-align: justify;\"><span style=\"font-size: 12pt;\">\u201cCon esto buscamos que las y los j\u00f3venes l\u00edderes lleven a cabo sus ideas a trav\u00e9s de un proceso que cuenta con mentor\u00edas y asesoramiento. Desde INJUV creemos en los proyectos que las juventudes tienen en mente y queremos ayudarles a ser gestores de cambios en sus comunidades\u201d, explica la directora regional (s), G\u00e9nesis Arias Fuentes.<\/span><\/p>\n<p style=\"text-align: justify;\"><span style=\"font-size: 12pt;\">Esta iniciativa fue creada el 2020 y en sus dos a\u00f1os de funcionamiento ha formado a m\u00e1s de 600 j\u00f3venes en liderazgo para la innovaci\u00f3n social y se han ejecutado un total de 48 proyectos en todo el pa\u00eds.\u00a0<\/span><\/p>\n<p style=\"text-align: justify;\"><span style=\"font-size: 12pt;\">El programa Creamos contempla tres etapas a lo largo de su ejecuci\u00f3n:<\/span><\/p>\n<ol style=\"text-align: justify;\">\n<li><span style=\"font-size: 12pt;\">Postulaci\u00f3n: en esta etapa se podr\u00e1 postular una idea que busque una mejora en su comunidad a trav\u00e9s de la plataforma de participaci\u00f3n ciudadana (creamos.injuv.cl), as\u00ed como participar en algunos conversatorios donde se ayudar\u00e1 a refinar dicha idea antes de la postulaci\u00f3n. Las convocatorias para los conversatorios se difundir\u00e1n a trav\u00e9s de las redes sociales de las direcciones regionales de INJUV.<\/span><\/li>\n<li><span style=\"font-size: 12pt;\">Formaci\u00f3n y Asesor\u00edas: las y los j\u00f3venes seleccionados para el programa participar\u00e1n en el Plan de Formaci\u00f3n de Liderazgo Juvenil, el que consiste en cursos virtuales (Liderazgo para la Innovaci\u00f3n Social, Introducci\u00f3n a la Gesti\u00f3n de Proyectos Sociales, Agenda 2030: desaf\u00edos socio ambientales y Enfoque de Derechos Humanos), mentor\u00edas por parte de expertos y expertas, seminarios formativos y asesor\u00edas para potenciar los proyectos elegidos.<\/span><\/li>\n<li><span style=\"font-size: 12pt;\">Implementaci\u00f3n de Proyectos Creamos: luego del proceso formativo, INJUV apoyar\u00e1 la implementaci\u00f3n de al menos 30 Proyectos Creamos, por un m\u00e1ximo de $2.000.000 millones de pesos cada uno.<\/span><\/li>\n<\/ol>\n<p style=\"text-align: justify;\"><span style=\"font-size: 12pt;\"><strong>\u00bfQu\u00e9 debe tener las ideas que se postulen? <\/strong><\/span><\/p>\n<p style=\"text-align: justify;\"><span style=\"font-size: 12pt;\">Las ideas deben tener un t\u00edtulo explicativo y una breve rese\u00f1a que explique el problema al que apunta y los objetivos que se proponen. Se pueden vincular a los Objetivos de Desarrollo Sostenible de la Agenda 2030 y complementarlas con una imagen referencial. Tambi\u00e9n se puede subir un video en el que se explique de qu\u00e9 se trata (esto otorgar\u00e1 puntos adicionales).<\/span><\/p>\n<p style=\"text-align: justify;\"><span style=\"font-size: 12pt;\">Toda persona inscrita en la plataforma podr\u00e1 ver las diferentes ideas publicadas, adem\u00e1s de poder comentarlas y participar en una votaci\u00f3n. Los votos que obtengan las ideas ser\u00e1n contabilizados en la evaluaci\u00f3n de la postulaci\u00f3n.<\/span><\/p>\n<p style=\"text-align: justify;\"><span style=\"font-size: 12pt;\">Para completar la postulaci\u00f3n, adem\u00e1s de publicar la idea se debes responder el formulario \u00abCu\u00e9ntanos de ti\u00bb. En este se deber\u00e1 indicar cu\u00e1les son las motivaciones para participar en el programa.<\/span><\/p>\n<p style=\"text-align: justify;\"><span style=\"font-size: 12pt;\">Las postulaciones cierran el domingo 15 de mayo a las 23.59 horas.<\/span><\/p>\n<p style=\"text-align: justify;\"><span style=\"font-size: 12pt;\">Para postular entra a <a href=\"https:\/\/creamos.injuv.cl\/es-CL\/\">https:\/\/creamos.injuv.cl\/es-CL\/<\/a> .<\/span><\/p>\n<\/div><\/section><\/div><div  style='height:50px' class='hr hr-invisible   avia-builder-el-6  el_after_av_one_full  el_before_av_social_share '><span class='hr-inner ' ><span class='hr-inner-style'><\/span><\/span><\/div><\/p>\n<div  class='av-social-sharing-box  avia-builder-el-7  el_after_av_hr  el_before_av_hr  '><div class='av-share-box'><h5 class='av-share-link-description av-no-toc '>Compartir esta noticia<\/h5><ul class='av-share-box-list noLightbox'><li class='av-share-link av-social-link-facebook' ><a target=\"_blank\" aria-label=\"Compartir en Facebook\" href='https:\/\/www.facebook.com\/sharer.php?u=https:\/\/radiorevelacionfm.cl\/?p=15275&#038;t=INJUV%20busca%20j%C3%B3venes%20l%C3%ADderes%20con%20ideas%20que%20transformen%20su%20comunidad' aria-hidden='false' data-av_icon='\ue8f3' data-av_iconfont='entypo-fontello' title='' data-avia-related-tooltip='Compartir en Facebook' rel=\"noopener\"><span class='avia_hidden_link_text'>Compartir en Facebook<\/span><\/a><\/li><li class='av-share-link av-social-link-twitter' ><a target=\"_blank\" aria-label=\"Compartir en Twitter\" href='https:\/\/twitter.com\/share?text=INJUV%20busca%20j%C3%B3venes%20l%C3%ADderes%20con%20ideas%20que%20transformen%20su%20comunidad&#038;url=https:\/\/radiorevelacionfm.cl\/?p=15275' aria-hidden='false' data-av_icon='\ue8f1' data-av_iconfont='entypo-fontello' title='' data-avia-related-tooltip='Compartir en Twitter' rel=\"noopener\"><span class='avia_hidden_link_text'>Compartir en Twitter<\/span><\/a><\/li><li class='av-share-link av-social-link-whatsapp' ><a target=\"_blank\" aria-label=\"Compartir en Whatsapp\" href='https:\/\/api.whatsapp.com\/send?text=https:\/\/radiorevelacionfm.cl\/?p=15275' aria-hidden='false' data-av_icon='\uf232' data-av_iconfont='entypo-fontello' title='' data-avia-related-tooltip='Compartir en Whatsapp' rel=\"noopener\"><span class='avia_hidden_link_text'>Compartir en Whatsapp<\/span><\/a><\/li><li class='av-share-link av-social-link-linkedin' ><a target=\"_blank\" aria-label=\"Compartir en LinkedIn\" href='https:\/\/linkedin.com\/shareArticle?mini=true&#038;title=INJUV%20busca%20j%C3%B3venes%20l%C3%ADderes%20con%20ideas%20que%20transformen%20su%20comunidad&#038;url=https:\/\/radiorevelacionfm.cl\/?p=15275' aria-hidden='false' data-av_icon='\ue8fc' data-av_iconfont='entypo-fontello' title='' data-avia-related-tooltip='Compartir en LinkedIn' rel=\"noopener\"><span class='avia_hidden_link_text'>Compartir en LinkedIn<\/span><\/a><\/li><li class='av-share-link av-social-link-mail' ><a  aria-label=\"Compartir por correo\" href='mailto:?subject=INJUV%20busca%20j%C3%B3venes%20l%C3%ADderes%20con%20ideas%20que%20transformen%20su%20comunidad&#038;body=https:\/\/radiorevelacionfm.cl\/?p=15275' aria-hidden='false' data-av_icon='\ue805' data-av_iconfont='entypo-fontello' title='' data-avia-related-tooltip='Compartir por correo'><span class='avia_hidden_link_text'>Compartir por correo<\/span><\/a><\/li><\/ul><\/div><\/div>\n<div  style='height:50px' class='hr hr-invisible   avia-builder-el-8  el_after_av_social_share  el_before_av_comments_list '><span class='hr-inner ' ><span class='hr-inner-style'><\/span><\/span><\/div>\n<div  class='av-buildercomment  av-blog-meta-html-info-disabled av-blog-meta-tag-disabled  '><\/div>\n","protected":false},"excerpt":{"rendered":"","protected":false},"author":1,"featured_media":15276,"comment_status":"open","ping_status":"open","sticky":false,"template":"","format":"standard","meta":{"footnotes":""},"categories":[38],"tags":[],"class_list":["post-15275","post","type-post","status-publish","format-standard","has-post-thumbnail","hentry","category-regional"],"jetpack_featured_media_url":"https:\/\/radiorevelacionfm.cl\/wp-content\/uploads\/2022\/03\/injuv-postulaciones-1-1_optimized.jpeg","_links":{"self":[{"href":"https:\/\/radiorevelacionfm.cl\/index.php?rest_route=\/wp\/v2\/posts\/15275","targetHints":{"allow":["GET"]}}],"collection":[{"href":"https:\/\/radiorevelacionfm.cl\/index.php?rest_route=\/wp\/v2\/posts"}],"about":[{"href":"https:\/\/radiorevelacionfm.cl\/index.php?rest_route=\/wp\/v2\/types\/post"}],"author":[{"embeddable":true,"href":"https:\/\/radiorevelacionfm.cl\/index.php?rest_route=\/wp\/v2\/users\/1"}],"replies":[{"embeddable":true,"href":"https:\/\/radiorevelacionfm.cl\/index.php?rest_route=%2Fwp%2Fv2%2Fcomments&post=15275"}],"version-history":[{"count":2,"href":"https:\/\/radiorevelacionfm.cl\/index.php?rest_route=\/wp\/v2\/posts\/15275\/revisions"}],"predecessor-version":[{"id":15278,"href":"https:\/\/radiorevelacionfm.cl\/index.php?rest_route=\/wp\/v2\/posts\/15275\/revisions\/15278"}],"wp:featuredmedia":[{"embeddable":true,"href":"https:\/\/radiorevelacionfm.cl\/index.php?rest_route=\/wp\/v2\/media\/15276"}],"wp:attachment":[{"href":"https:\/\/radiorevelacionfm.cl\/index.php?rest_route=%2Fwp%2Fv2%2Fmedia&parent=15275"}],"wp:term":[{"taxonomy":"category","embeddable":true,"href":"https:\/\/radiorevelacionfm.cl\/index.php?rest_route=%2Fwp%2Fv2%2Fcategories&post=15275"},{"taxonomy":"post_tag","embeddable":true,"href":"https:\/\/radiorevelacionfm.cl\/index.php?rest_route=%2Fwp%2Fv2%2Ftags&post=15275"}],"curies":[{"name":"wp","href":"https:\/\/api.w.org\/{rel}","templated":true}]}}