{"id":15262,"date":"2022-03-31T10:11:10","date_gmt":"2022-03-31T13:11:10","guid":{"rendered":"https:\/\/radiorevelacionfm.cl\/?p=15262"},"modified":"2022-03-31T10:11:10","modified_gmt":"2022-03-31T13:11:10","slug":"articulan-plan-de-accion-para-escuela-espana-de-coyhaique","status":"publish","type":"post","link":"https:\/\/radiorevelacionfm.cl\/?p=15262","title":{"rendered":"Articulan plan de acci\u00f3n para Escuela Espa\u00f1a de Coyhaique"},"content":{"rendered":"<div class=\"flex_column av_one_full  flex_column_div av-zero-column-padding first  avia-builder-el-0  el_before_av_one_full  avia-builder-el-first  \" style='border-radius:0px; '><div  class='avia-image-container  av-styling-    avia-builder-el-1  avia-builder-el-no-sibling  avia-align-center '  itemprop=\"image\" itemscope=\"itemscope\" itemtype=\"https:\/\/schema.org\/ImageObject\"  ><div class='avia-image-container-inner'><div class='avia-image-overlay-wrap'><img decoding=\"async\" class='wp-image-15264 avia-img-lazy-loading-not-15264 avia_image' src=\"https:\/\/radiorevelacionfm.cl\/wp-content\/uploads\/2022\/03\/reunion-escuela-espana-1_optimized.jpg\" alt='' title='reunion-escuela-espa\u00f1a-(1)_optimized' height=\"600\" width=\"1005\"  itemprop=\"thumbnailUrl\" srcset=\"https:\/\/radiorevelacionfm.cl\/wp-content\/uploads\/2022\/03\/reunion-escuela-espana-1_optimized.jpg 1005w, https:\/\/radiorevelacionfm.cl\/wp-content\/uploads\/2022\/03\/reunion-escuela-espana-1_optimized-300x179.jpg 300w, https:\/\/radiorevelacionfm.cl\/wp-content\/uploads\/2022\/03\/reunion-escuela-espana-1_optimized-768x459.jpg 768w, https:\/\/radiorevelacionfm.cl\/wp-content\/uploads\/2022\/03\/reunion-escuela-espana-1_optimized-705x421.jpg 705w, https:\/\/radiorevelacionfm.cl\/wp-content\/uploads\/2022\/03\/reunion-escuela-espana-1_optimized-600x358.jpg 600w\" sizes=\"(max-width: 1005px) 100vw, 1005px\" \/><\/div><\/div><\/div><\/div>\n<div class=\"flex_column av_one_full  flex_column_div av-zero-column-padding first  avia-builder-el-2  el_after_av_one_full  el_before_av_one_full  column-top-margin\" style='border-radius:0px; '><section class=\"av_textblock_section \"  itemscope=\"itemscope\" itemtype=\"https:\/\/schema.org\/BlogPosting\" itemprop=\"blogPost\" ><div class='avia_textblock  '   itemprop=\"text\" ><p style=\"text-align: center;\"><strong><span style=\"font-size: 18pt;\">Articulan plan de acci\u00f3n para Escuela Espa\u00f1a de Coyhaique<\/span><\/strong><\/p>\n<div id=\"gtx-trans\" style=\"position: absolute; left: -50px; top: 4.31534px;\">\n<div class=\"gtx-trans-icon\"><\/div>\n<\/div>\n<\/div><\/section><\/div><div class=\"flex_column av_one_full  flex_column_div av-zero-column-padding first  avia-builder-el-4  el_after_av_one_full  el_before_av_hr  column-top-margin\" style='border-radius:0px; '><section class=\"av_textblock_section \"  itemscope=\"itemscope\" itemtype=\"https:\/\/schema.org\/BlogPosting\" itemprop=\"blogPost\" ><div class='avia_textblock  '   itemprop=\"text\" ><p style=\"text-align: justify;\">Un plan de acci\u00f3n ante las necesidades educativas de la Escuela Espa\u00f1a de Coyhaique, concord\u00f3 la tarde de este mi\u00e9rcoles una mesa de trabajo multisectorial constituida en la Delegaci\u00f3n Presidencial Regional de Ays\u00e9n.<\/p>\n<p style=\"text-align: justify;\">La instancia, coordinada por el Delegado Rodrigo Araya Morales, reuni\u00f3 a la seremi de Educaci\u00f3n, Isabel Garrido, el alcalde de Coyhaique, Carlos Gatica, equipo t\u00e9cnico de la seremi de Desarrollo Social, la directora de la escuela Pamela \u00c1lvarez y la directiva del Centro de Padres y Apoderados.<\/p>\n<p style=\"text-align: justify;\">\u201cPudimos avanzar en determinar cu\u00e1les son los procesos que vienen a continuaci\u00f3n en dos grandes \u00e1reas: lograr el traslado a dos establecimientos que puedan acoger a toda la actividad educativa que tienen los alumnos de la Escuela Espa\u00f1a, en mejores condiciones de las que est\u00e1n actualmente, y lo que tenemos que hacer para lograr la Recomendaci\u00f3n Satisfactoria (RS) del proyecto de inversi\u00f3n para la construcci\u00f3n de la escuela Espa\u00f1a, cuyo dise\u00f1o ya est\u00e1 terminado. Es un tema que no va a ser inmediato y pudimos resolver todas las dudas con respecto a los pasos a seguir\u201d, expres\u00f3 Rodrigo Araya.<\/p>\n<p style=\"text-align: justify;\">Entre los representantes de los padres y apoderados, Carolina Jara manifest\u00f3 conformidad por los compromisos y plazos establecidos.<\/p>\n<p style=\"text-align: justify;\">\u201cComo directiva del Centro General de Padres de la Escuela Espa\u00f1a salimos conformes con la reuni\u00f3n. Hay varios compromisos que se deben cumplir, pero ya se est\u00e1 trabajando. Estamos con el compromiso positivo del Delegado, de la seremi de Educaci\u00f3n y del alcalde Carlos Gatica, as\u00ed es que esperamos que esos compromisos se cumplan y vamos a continuar trabajando para que podamos tener prontas soluciones para nuestros hijos de la Escuela Espa\u00f1a\u201d, concluy\u00f3.<\/p>\n<p style=\"text-align: justify;\">El alcalde Carlos Gatica dijo que junto a la Direcci\u00f3n de Educaci\u00f3n Municipal abordar\u00e1n los compromisos adquiridos.<\/p>\n<p style=\"text-align: justify;\">\u201cExiste una ruta de trabajo en el corto, mediano y largo plazo. El objetivo fundamental es que se concrete la construcci\u00f3n de la Escuela Espa\u00f1a y como corto plazo que se genere el traslado de nuestros ni\u00f1os y ni\u00f1as a establecimientos que cumplan con las condiciones m\u00ednimas para poder educarse y desarrollarse, que hoy d\u00eda no est\u00e1n cumpliendo las instalaciones\u201d, se\u00f1al\u00f3.<\/p>\n<p style=\"text-align: justify;\">La seremi de Educaci\u00f3n, Isabel Garrido coincidi\u00f3 en la importancia del acuerdo entre todas las partes.<\/p>\n<p style=\"text-align: justify;\">\u201cClarificamos para que todo el mundo tenga la misma informaci\u00f3n, cu\u00e1les son los pasos a seguir. Destacar la voluntad de di\u00e1logo de todos los actores, de ponernos de acuerdo, porque tenemos claro que aqu\u00ed est\u00e1 en juego el derecho a la educaci\u00f3n de los ni\u00f1os y ni\u00f1as que, adem\u00e1s, tienen necesidades educativas especiales, entonces es una poblaci\u00f3n hist\u00f3ricamente muy vulnerada. Estamos caminando hacia resguardar el derecho a la educaci\u00f3n de ni\u00f1os y ni\u00f1as, puntualiz\u00f3.<\/p>\n<p style=\"text-align: justify;\">Para la directora del establecimiento, Pamela \u00c1lvarez Matus se lleva una informaci\u00f3n concreta a la comunidad educativa.<\/p>\n<p style=\"text-align: justify;\">\u201cLa jornada de hoy me pareci\u00f3 muy positiva, los primeros d\u00edas de marzo nos reunimos en una mesa similar con el se\u00f1or alcalde, donde solicitamos hechos concretos. Hoy d\u00eda podemos decir que hay fechas, propuestas concretas para optar a otro establecimiento y contamos con nuestro Delegado y seremi de Educaci\u00f3n y se firm\u00f3 hoy que as\u00ed ser\u00e1\u201d, concluy\u00f3.<\/p>\n<p style=\"text-align: justify;\">El traslado de estudiantes, profesores y funcionarios se materializar\u00e1 durante el primer semestre, mientras se avanza con la obtenci\u00f3n de la Recomendaci\u00f3n Satisfactoria en la seremi de Desarrollo Social, para gestionar a financiamiento el proyecto de reposici\u00f3n definitiva del establecimiento.<\/p>\n<\/div><\/section><\/div><\/p>\n<div  style='height:50px' class='hr hr-invisible   avia-builder-el-6  el_after_av_one_full  el_before_av_social_share '><span class='hr-inner ' ><span class='hr-inner-style'><\/span><\/span><\/div>\n<div  class='av-social-sharing-box  avia-builder-el-7  el_after_av_hr  el_before_av_hr  '><div class='av-share-box'><h5 class='av-share-link-description av-no-toc '>Compartir esta noticia<\/h5><ul class='av-share-box-list noLightbox'><li class='av-share-link av-social-link-facebook' ><a target=\"_blank\" aria-label=\"Compartir en Facebook\" href='https:\/\/www.facebook.com\/sharer.php?u=https:\/\/radiorevelacionfm.cl\/?p=15262&#038;t=Articulan%20plan%20de%20acci%C3%B3n%20para%20Escuela%20Espa%C3%B1a%20de%20Coyhaique' aria-hidden='false' data-av_icon='\ue8f3' data-av_iconfont='entypo-fontello' title='' data-avia-related-tooltip='Compartir en Facebook' rel=\"noopener\"><span class='avia_hidden_link_text'>Compartir en Facebook<\/span><\/a><\/li><li class='av-share-link av-social-link-twitter' ><a target=\"_blank\" aria-label=\"Compartir en Twitter\" href='https:\/\/twitter.com\/share?text=Articulan%20plan%20de%20acci%C3%B3n%20para%20Escuela%20Espa%C3%B1a%20de%20Coyhaique&#038;url=https:\/\/radiorevelacionfm.cl\/?p=15262' aria-hidden='false' data-av_icon='\ue8f1' data-av_iconfont='entypo-fontello' title='' data-avia-related-tooltip='Compartir en Twitter' rel=\"noopener\"><span class='avia_hidden_link_text'>Compartir en Twitter<\/span><\/a><\/li><li class='av-share-link av-social-link-whatsapp' ><a target=\"_blank\" aria-label=\"Compartir en Whatsapp\" href='https:\/\/api.whatsapp.com\/send?text=https:\/\/radiorevelacionfm.cl\/?p=15262' aria-hidden='false' data-av_icon='\uf232' data-av_iconfont='entypo-fontello' title='' data-avia-related-tooltip='Compartir en Whatsapp' rel=\"noopener\"><span class='avia_hidden_link_text'>Compartir en Whatsapp<\/span><\/a><\/li><li class='av-share-link av-social-link-linkedin' ><a target=\"_blank\" aria-label=\"Compartir en LinkedIn\" href='https:\/\/linkedin.com\/shareArticle?mini=true&#038;title=Articulan%20plan%20de%20acci%C3%B3n%20para%20Escuela%20Espa%C3%B1a%20de%20Coyhaique&#038;url=https:\/\/radiorevelacionfm.cl\/?p=15262' aria-hidden='false' data-av_icon='\ue8fc' data-av_iconfont='entypo-fontello' title='' data-avia-related-tooltip='Compartir en LinkedIn' rel=\"noopener\"><span class='avia_hidden_link_text'>Compartir en LinkedIn<\/span><\/a><\/li><li class='av-share-link av-social-link-mail' ><a  aria-label=\"Compartir por correo\" href='mailto:?subject=Articulan%20plan%20de%20acci%C3%B3n%20para%20Escuela%20Espa%C3%B1a%20de%20Coyhaique&#038;body=https:\/\/radiorevelacionfm.cl\/?p=15262' aria-hidden='false' data-av_icon='\ue805' data-av_iconfont='entypo-fontello' title='' data-avia-related-tooltip='Compartir por correo'><span class='avia_hidden_link_text'>Compartir por correo<\/span><\/a><\/li><\/ul><\/div><\/div>\n<div  style='height:50px' class='hr hr-invisible   avia-builder-el-8  el_after_av_social_share  el_before_av_comments_list '><span class='hr-inner ' ><span class='hr-inner-style'><\/span><\/span><\/div>\n<div  class='av-buildercomment  av-blog-meta-html-info-disabled av-blog-meta-tag-disabled  '><\/div>\n","protected":false},"excerpt":{"rendered":"","protected":false},"author":1,"featured_media":15264,"comment_status":"open","ping_status":"open","sticky":false,"template":"","format":"standard","meta":{"footnotes":""},"categories":[38],"tags":[],"class_list":["post-15262","post","type-post","status-publish","format-standard","has-post-thumbnail","hentry","category-regional"],"jetpack_featured_media_url":"https:\/\/radiorevelacionfm.cl\/wp-content\/uploads\/2022\/03\/reunion-escuela-espana-1_optimized.jpg","_links":{"self":[{"href":"https:\/\/radiorevelacionfm.cl\/index.php?rest_route=\/wp\/v2\/posts\/15262","targetHints":{"allow":["GET"]}}],"collection":[{"href":"https:\/\/radiorevelacionfm.cl\/index.php?rest_route=\/wp\/v2\/posts"}],"about":[{"href":"https:\/\/radiorevelacionfm.cl\/index.php?rest_route=\/wp\/v2\/types\/post"}],"author":[{"embeddable":true,"href":"https:\/\/radiorevelacionfm.cl\/index.php?rest_route=\/wp\/v2\/users\/1"}],"replies":[{"embeddable":true,"href":"https:\/\/radiorevelacionfm.cl\/index.php?rest_route=%2Fwp%2Fv2%2Fcomments&post=15262"}],"version-history":[{"count":3,"href":"https:\/\/radiorevelacionfm.cl\/index.php?rest_route=\/wp\/v2\/posts\/15262\/revisions"}],"predecessor-version":[{"id":15268,"href":"https:\/\/radiorevelacionfm.cl\/index.php?rest_route=\/wp\/v2\/posts\/15262\/revisions\/15268"}],"wp:featuredmedia":[{"embeddable":true,"href":"https:\/\/radiorevelacionfm.cl\/index.php?rest_route=\/wp\/v2\/media\/15264"}],"wp:attachment":[{"href":"https:\/\/radiorevelacionfm.cl\/index.php?rest_route=%2Fwp%2Fv2%2Fmedia&parent=15262"}],"wp:term":[{"taxonomy":"category","embeddable":true,"href":"https:\/\/radiorevelacionfm.cl\/index.php?rest_route=%2Fwp%2Fv2%2Fcategories&post=15262"},{"taxonomy":"post_tag","embeddable":true,"href":"https:\/\/radiorevelacionfm.cl\/index.php?rest_route=%2Fwp%2Fv2%2Ftags&post=15262"}],"curies":[{"name":"wp","href":"https:\/\/api.w.org\/{rel}","templated":true}]}}