{"id":15255,"date":"2022-03-30T23:28:14","date_gmt":"2022-03-31T02:28:14","guid":{"rendered":"https:\/\/radiorevelacionfm.cl\/?p=15255"},"modified":"2022-03-30T23:28:14","modified_gmt":"2022-03-31T02:28:14","slug":"gobierno-anuncia-seremis-para-la-region-de-aysen","status":"publish","type":"post","link":"https:\/\/radiorevelacionfm.cl\/?p=15255","title":{"rendered":"Gobierno anuncia Seremis para la Regi\u00f3n de Ays\u00e9n"},"content":{"rendered":"<div class=\"flex_column av_one_full  flex_column_div av-zero-column-padding first  avia-builder-el-0  el_before_av_one_full  avia-builder-el-first  \" style='border-radius:0px; '><div  class='avia-image-container  av-styling-    avia-builder-el-1  avia-builder-el-no-sibling  avia-align-center '  itemprop=\"image\" itemscope=\"itemscope\" itemtype=\"https:\/\/schema.org\/ImageObject\"  ><div class='avia-image-container-inner'><div class='avia-image-overlay-wrap'><img decoding=\"async\" class='wp-image-15256 avia-img-lazy-loading-not-15256 avia_image' src=\"https:\/\/radiorevelacionfm.cl\/wp-content\/uploads\/2022\/03\/Presidente-Boric-1-1.jpg\" alt='' title='Presidente Boric (1) (1)' height=\"600\" width=\"1251\"  itemprop=\"thumbnailUrl\" srcset=\"https:\/\/radiorevelacionfm.cl\/wp-content\/uploads\/2022\/03\/Presidente-Boric-1-1.jpg 1251w, https:\/\/radiorevelacionfm.cl\/wp-content\/uploads\/2022\/03\/Presidente-Boric-1-1-300x144.jpg 300w, https:\/\/radiorevelacionfm.cl\/wp-content\/uploads\/2022\/03\/Presidente-Boric-1-1-1030x494.jpg 1030w, https:\/\/radiorevelacionfm.cl\/wp-content\/uploads\/2022\/03\/Presidente-Boric-1-1-768x368.jpg 768w, https:\/\/radiorevelacionfm.cl\/wp-content\/uploads\/2022\/03\/Presidente-Boric-1-1-705x338.jpg 705w, https:\/\/radiorevelacionfm.cl\/wp-content\/uploads\/2022\/03\/Presidente-Boric-1-1-600x288.jpg 600w\" sizes=\"(max-width: 1251px) 100vw, 1251px\" \/><\/div><\/div><\/div><\/div><div class=\"flex_column av_one_full  flex_column_div av-zero-column-padding first  avia-builder-el-2  el_after_av_one_full  el_before_av_one_full  column-top-margin\" style='border-radius:0px; '><section class=\"av_textblock_section \"  itemscope=\"itemscope\" itemtype=\"https:\/\/schema.org\/BlogPosting\" itemprop=\"blogPost\" ><div class='avia_textblock  '   itemprop=\"text\" ><p style=\"text-align: center;\"><strong><span style=\"font-size: 18pt;\">Gobierno anuncia Seremis para la Regi\u00f3n de Ays\u00e9n<\/span><\/strong><\/p>\n<div id=\"gtx-trans\" style=\"position: absolute; left: -50px; top: 4.31534px;\">\n<div class=\"gtx-trans-icon\"><\/div>\n<\/div>\n<\/div><\/section><\/div><div class=\"flex_column av_one_full  flex_column_div av-zero-column-padding first  avia-builder-el-4  el_after_av_one_full  el_before_av_hr  column-top-margin\" style='border-radius:0px; '><section class=\"av_textblock_section \"  itemscope=\"itemscope\" itemtype=\"https:\/\/schema.org\/BlogPosting\" itemprop=\"blogPost\" ><div class='avia_textblock  '   itemprop=\"text\" ><p style=\"font-weight: 400; text-align: justify;\">El gobierno concret\u00f3 este mi\u00e9rcoles nuevos nombramientos de Secretarios Regionales Ministeriales en distintas carteras, quienes comenzar\u00e1n a trabajar de inmediato de manera colaborativa con las y los gobernadores regionales.<\/p>\n<p style=\"font-weight: 400; text-align: justify;\">Tal como ha sido se\u00f1alado por el Presidente de la Rep\u00fablica, Gabriel Boric, as\u00ed como por la ministra del Interior, Izkia Siches, el gobierno tendr\u00e1 una visi\u00f3n de desarrollo regional, por lo que, como representantes de los ministerios en las regiones, buscar\u00e1n trabajar en equipo junto con los gobiernos regionales.<\/p>\n<p style=\"font-weight: 400; text-align: justify;\">A trav\u00e9s de la Subsecretar\u00eda de Desarrollo Regional (Subdere), encabezada por Miguel Crispi, el nombramiento de las y los Seremis ha buscado fortalecer que la coalici\u00f3n de gobierno se exprese en los distintos territorios a lo largo de todo el pa\u00eds, destacando una diversidad que represente las demandas de cambio por parte de la ciudadan\u00eda y promoviendo una verdadera descentralizaci\u00f3n en nuestro pa\u00eds, uno de los sellos del programa del Presidente Boric.<\/p>\n<p style=\"font-weight: 400; text-align: justify;\">De esta forma, el gobierno sigue trabajando en todas las regiones y territorios. Este proceso continuar\u00e1 y se completar\u00e1 en los pr\u00f3ximos d\u00edas, lo que ser\u00e1 comunicado oportunamente.<\/p>\n<p style=\"font-weight: 400; text-align: justify;\">En nuestra Regi\u00f3n de Ays\u00e9n, han sido nombrados y nombradas:<\/p>\n<ul style=\"text-align: justify;\">\n<li style=\"font-weight: 400;\">SEREMI de DEPORTE: Mar\u00eda Eugenia Dur\u00e1n, RD.<\/li>\n<li style=\"font-weight: 400;\">SEREMI de ENERG\u00cdA: Carlos Alfredo D\u00edaz Varela, independiente.<\/li>\n<li style=\"font-weight: 400;\">SEREMI de GOBIERNO: Rodrigo Omar Saldivia Vera, PS.<\/li>\n<li style=\"font-weight: 400;\">SEREMI de JUSTICIA: Samuel Navarro, PC.<\/li>\n<li style=\"font-weight: 400;\">SEREMI de MIDESO: Karina Acevedo, PR.<\/li>\n<li style=\"font-weight: 400;\">SEREMI de TRANSPORTE: Claudia Cantero, RD.<\/li>\n<li style=\"font-weight: 400;\">SEREMI de MINER\u00cdA: Rudolf Hans Zimmermann, PC.<\/li>\n<li style=\"font-weight: 400;\">SEREMI de MUJER: Andrea M\u00e9ndez Valenzuela, CS.<\/li>\n<li style=\"font-weight: 400;\">SEREMI de TRABAJO: Jos\u00e9 Humberto Mar\u00edn Leiva, PPD.<\/li>\n<li style=\"font-weight: 400;\">SEREMI de OBRAS P\u00daBLICAS: Omar Patricio Sanhueza Ulloa, RD.<\/li>\n<li style=\"font-weight: 400;\">SEREMI de VIVIENDA: Paulina Ruz, PPD.<\/li>\n<\/ul>\n<\/div><\/section><\/div><div  style='height:50px' class='hr hr-invisible   avia-builder-el-6  el_after_av_one_full  el_before_av_social_share '><span class='hr-inner ' ><span class='hr-inner-style'><\/span><\/span><\/div><\/p>\n<div  class='av-social-sharing-box  avia-builder-el-7  el_after_av_hr  el_before_av_hr  '><div class='av-share-box'><h5 class='av-share-link-description av-no-toc '>Compartir esta noticia<\/h5><ul class='av-share-box-list noLightbox'><li class='av-share-link av-social-link-facebook' ><a target=\"_blank\" aria-label=\"Compartir en Facebook\" href='https:\/\/www.facebook.com\/sharer.php?u=https:\/\/radiorevelacionfm.cl\/?p=15255&#038;t=Gobierno%20anuncia%20Seremis%20para%20la%20Regi%C3%B3n%20de%20Ays%C3%A9n' aria-hidden='false' data-av_icon='\ue8f3' data-av_iconfont='entypo-fontello' title='' data-avia-related-tooltip='Compartir en Facebook' rel=\"noopener\"><span class='avia_hidden_link_text'>Compartir en Facebook<\/span><\/a><\/li><li class='av-share-link av-social-link-twitter' ><a target=\"_blank\" aria-label=\"Compartir en Twitter\" href='https:\/\/twitter.com\/share?text=Gobierno%20anuncia%20Seremis%20para%20la%20Regi%C3%B3n%20de%20Ays%C3%A9n&#038;url=https:\/\/radiorevelacionfm.cl\/?p=15255' aria-hidden='false' data-av_icon='\ue8f1' data-av_iconfont='entypo-fontello' title='' data-avia-related-tooltip='Compartir en Twitter' rel=\"noopener\"><span class='avia_hidden_link_text'>Compartir en Twitter<\/span><\/a><\/li><li class='av-share-link av-social-link-whatsapp' ><a target=\"_blank\" aria-label=\"Compartir en Whatsapp\" href='https:\/\/api.whatsapp.com\/send?text=https:\/\/radiorevelacionfm.cl\/?p=15255' aria-hidden='false' data-av_icon='\uf232' data-av_iconfont='entypo-fontello' title='' data-avia-related-tooltip='Compartir en Whatsapp' rel=\"noopener\"><span class='avia_hidden_link_text'>Compartir en Whatsapp<\/span><\/a><\/li><li class='av-share-link av-social-link-linkedin' ><a target=\"_blank\" aria-label=\"Compartir en LinkedIn\" href='https:\/\/linkedin.com\/shareArticle?mini=true&#038;title=Gobierno%20anuncia%20Seremis%20para%20la%20Regi%C3%B3n%20de%20Ays%C3%A9n&#038;url=https:\/\/radiorevelacionfm.cl\/?p=15255' aria-hidden='false' data-av_icon='\ue8fc' data-av_iconfont='entypo-fontello' title='' data-avia-related-tooltip='Compartir en LinkedIn' rel=\"noopener\"><span class='avia_hidden_link_text'>Compartir en LinkedIn<\/span><\/a><\/li><li class='av-share-link av-social-link-mail' ><a  aria-label=\"Compartir por correo\" href='mailto:?subject=Gobierno%20anuncia%20Seremis%20para%20la%20Regi%C3%B3n%20de%20Ays%C3%A9n&#038;body=https:\/\/radiorevelacionfm.cl\/?p=15255' aria-hidden='false' data-av_icon='\ue805' data-av_iconfont='entypo-fontello' title='' data-avia-related-tooltip='Compartir por correo'><span class='avia_hidden_link_text'>Compartir por correo<\/span><\/a><\/li><\/ul><\/div><\/div>\n<div  style='height:50px' class='hr hr-invisible   avia-builder-el-8  el_after_av_social_share  el_before_av_comments_list '><span class='hr-inner ' ><span class='hr-inner-style'><\/span><\/span><\/div>\n<div  class='av-buildercomment  av-blog-meta-html-info-disabled av-blog-meta-tag-disabled  '><\/div>\n","protected":false},"excerpt":{"rendered":"","protected":false},"author":1,"featured_media":15256,"comment_status":"open","ping_status":"open","sticky":false,"template":"","format":"standard","meta":{"footnotes":""},"categories":[35],"tags":[],"class_list":["post-15255","post","type-post","status-publish","format-standard","has-post-thumbnail","hentry","category-politica"],"jetpack_featured_media_url":"https:\/\/radiorevelacionfm.cl\/wp-content\/uploads\/2022\/03\/Presidente-Boric-1-1.jpg","_links":{"self":[{"href":"https:\/\/radiorevelacionfm.cl\/index.php?rest_route=\/wp\/v2\/posts\/15255","targetHints":{"allow":["GET"]}}],"collection":[{"href":"https:\/\/radiorevelacionfm.cl\/index.php?rest_route=\/wp\/v2\/posts"}],"about":[{"href":"https:\/\/radiorevelacionfm.cl\/index.php?rest_route=\/wp\/v2\/types\/post"}],"author":[{"embeddable":true,"href":"https:\/\/radiorevelacionfm.cl\/index.php?rest_route=\/wp\/v2\/users\/1"}],"replies":[{"embeddable":true,"href":"https:\/\/radiorevelacionfm.cl\/index.php?rest_route=%2Fwp%2Fv2%2Fcomments&post=15255"}],"version-history":[{"count":2,"href":"https:\/\/radiorevelacionfm.cl\/index.php?rest_route=\/wp\/v2\/posts\/15255\/revisions"}],"predecessor-version":[{"id":15258,"href":"https:\/\/radiorevelacionfm.cl\/index.php?rest_route=\/wp\/v2\/posts\/15255\/revisions\/15258"}],"wp:featuredmedia":[{"embeddable":true,"href":"https:\/\/radiorevelacionfm.cl\/index.php?rest_route=\/wp\/v2\/media\/15256"}],"wp:attachment":[{"href":"https:\/\/radiorevelacionfm.cl\/index.php?rest_route=%2Fwp%2Fv2%2Fmedia&parent=15255"}],"wp:term":[{"taxonomy":"category","embeddable":true,"href":"https:\/\/radiorevelacionfm.cl\/index.php?rest_route=%2Fwp%2Fv2%2Fcategories&post=15255"},{"taxonomy":"post_tag","embeddable":true,"href":"https:\/\/radiorevelacionfm.cl\/index.php?rest_route=%2Fwp%2Fv2%2Ftags&post=15255"}],"curies":[{"name":"wp","href":"https:\/\/api.w.org\/{rel}","templated":true}]}}