{"id":15252,"date":"2022-03-31T10:01:01","date_gmt":"2022-03-31T13:01:01","guid":{"rendered":"https:\/\/radiorevelacionfm.cl\/?p=15252"},"modified":"2022-03-31T10:01:01","modified_gmt":"2022-03-31T13:01:01","slug":"armada-apoyo-evacuacion-medica-de-urgencia-de-adulto-accidentado-desde-puerto-aguirre-a-chacabuco","status":"publish","type":"post","link":"https:\/\/radiorevelacionfm.cl\/?p=15252","title":{"rendered":"Armada apoy\u00f3 evacuaci\u00f3n m\u00e9dica de urgencia de adulto accidentado desde Puerto Aguirre a Chacabuco"},"content":{"rendered":"<div class=\"flex_column av_one_full  flex_column_div av-zero-column-padding first  avia-builder-el-0  el_before_av_one_full  avia-builder-el-first  \" style='border-radius:0px; '><div  class='avia-image-container  av-styling-    avia-builder-el-1  avia-builder-el-no-sibling  avia-align-center '  itemprop=\"image\" itemscope=\"itemscope\" itemtype=\"https:\/\/schema.org\/ImageObject\"  ><div class='avia-image-container-inner'><div class='avia-image-overlay-wrap'><img decoding=\"async\" class='wp-image-15253 avia-img-lazy-loading-not-15253 avia_image' src=\"https:\/\/radiorevelacionfm.cl\/wp-content\/uploads\/2022\/03\/Evacuacion-medica-1-1.jpg\" alt='' title='Evacuacion medica (1) (1)' height=\"600\" width=\"893\"  itemprop=\"thumbnailUrl\" srcset=\"https:\/\/radiorevelacionfm.cl\/wp-content\/uploads\/2022\/03\/Evacuacion-medica-1-1.jpg 893w, https:\/\/radiorevelacionfm.cl\/wp-content\/uploads\/2022\/03\/Evacuacion-medica-1-1-300x202.jpg 300w, https:\/\/radiorevelacionfm.cl\/wp-content\/uploads\/2022\/03\/Evacuacion-medica-1-1-768x516.jpg 768w, https:\/\/radiorevelacionfm.cl\/wp-content\/uploads\/2022\/03\/Evacuacion-medica-1-1-705x474.jpg 705w, https:\/\/radiorevelacionfm.cl\/wp-content\/uploads\/2022\/03\/Evacuacion-medica-1-1-600x403.jpg 600w\" sizes=\"(max-width: 893px) 100vw, 893px\" \/><\/div><\/div><\/div><\/div><div class=\"flex_column av_one_full  flex_column_div av-zero-column-padding first  avia-builder-el-2  el_after_av_one_full  el_before_av_one_full  column-top-margin\" style='border-radius:0px; '><section class=\"av_textblock_section \"  itemscope=\"itemscope\" itemtype=\"https:\/\/schema.org\/BlogPosting\" itemprop=\"blogPost\" ><div class='avia_textblock  '   itemprop=\"text\" ><p style=\"text-align: center;\"><strong><span style=\"font-size: 18pt;\">Armada apoy\u00f3 evacuaci\u00f3n m\u00e9dica de urgencia de adulto accidentado desde Puerto Aguirre a Chacabuco<\/span><\/strong><\/p>\n<div id=\"gtx-trans\" style=\"position: absolute; left: -50px; top: 4.31534px;\">\n<div class=\"gtx-trans-icon\"><\/div>\n<\/div>\n<\/div><\/section><\/div><div class=\"flex_column av_one_full  flex_column_div av-zero-column-padding first  avia-builder-el-4  el_after_av_one_full  el_before_av_hr  column-top-margin\" style='border-radius:0px; '><section class=\"av_textblock_section \"  itemscope=\"itemscope\" itemtype=\"https:\/\/schema.org\/BlogPosting\" itemprop=\"blogPost\" ><div class='avia_textblock  '   itemprop=\"text\" ><p style=\"text-align: justify;\">Pasadas las 21 horas del lunes 28 de marzo la Gobernaci\u00f3n Mar\u00edtima de Ays\u00e9n dispuso el zarpe de la Lancha Servicio Rescate (LSR) 4425 de Puerto Aguirre, para efectuar una evacuaci\u00f3n m\u00e9dica de urgencia hasta Puerto Ays\u00e9n.<\/p>\n<p style=\"text-align: justify;\">Seg\u00fan detall\u00f3 el Oficial de Servicio de servicio de la Gobernaci\u00f3n Mar\u00edtima de Ays\u00e9n, Teniente 1\u00b0Litoral Gonzalo Jim\u00e9nez \u201cla evacuaci\u00f3n m\u00e9dica se efectu\u00f3 para un paciente de 62 a\u00f1os de edad quien tras caer de una altura de cuatro metros result\u00f3 con un traumatismo enc\u00e9falo craneano (TEC) leve y observaciones de fractura en tobillo izquierdo, por lo que requer\u00eda atenci\u00f3n m\u00e1s especializada\u201d.<\/p>\n<p style=\"text-align: justify;\">Fue pasadas las 22.00 horas que zarp\u00f3 la Lancha Servicio Rescate 4425, destino Puerto Chacabuco. Ocasi\u00f3n en que el afectado fue acompa\u00f1ado por personal param\u00e9dico de la Posta de Salud Rural de Puerto Aguirre.<\/p>\n<p style=\"text-align: justify;\">El Centro Regulador Urgencia Coyhaique, coordin\u00f3 adem\u00e1s la presencia de una ambulancia para trasladar al paciente tras su arribo a Puerto Chacabuco hasta el Hospital de Puerto Ays\u00e9n.<\/p>\n<p style=\"text-align: justify;\">Finalmente y tras el exitoso traslado, el Teniente Jim\u00e9nez record\u00f3 que siempre la Autoridad Mar\u00edtima se encuentra alerta para llevar a cabo estas tareas de urgencia con el objetivo de apoyar a los habitantes de los sectores m\u00e1s aislados del pa\u00eds, esto en el marco del \u00c1rea de Misi\u00f3n de Contribuci\u00f3n al Desarrollo Nacional y a la Acci\u00f3n del Estado que posee la Armada de Chile.<\/p>\n<\/div><\/section><\/div><div  style='height:50px' class='hr hr-invisible   avia-builder-el-6  el_after_av_one_full  el_before_av_social_share '><span class='hr-inner ' ><span class='hr-inner-style'><\/span><\/span><\/div><\/p>\n<div  class='av-social-sharing-box  avia-builder-el-7  el_after_av_hr  el_before_av_hr  '><div class='av-share-box'><h5 class='av-share-link-description av-no-toc '>Compartir esta noticia<\/h5><ul class='av-share-box-list noLightbox'><li class='av-share-link av-social-link-facebook' ><a target=\"_blank\" aria-label=\"Compartir en Facebook\" href='https:\/\/www.facebook.com\/sharer.php?u=https:\/\/radiorevelacionfm.cl\/?p=15252&#038;t=Armada%20apoy%C3%B3%20evacuaci%C3%B3n%20m%C3%A9dica%20de%20urgencia%20de%20adulto%20accidentado%20desde%20Puerto%20Aguirre%20a%20Chacabuco' aria-hidden='false' data-av_icon='\ue8f3' data-av_iconfont='entypo-fontello' title='' data-avia-related-tooltip='Compartir en Facebook' rel=\"noopener\"><span class='avia_hidden_link_text'>Compartir en Facebook<\/span><\/a><\/li><li class='av-share-link av-social-link-twitter' ><a target=\"_blank\" aria-label=\"Compartir en Twitter\" href='https:\/\/twitter.com\/share?text=Armada%20apoy%C3%B3%20evacuaci%C3%B3n%20m%C3%A9dica%20de%20urgencia%20de%20adulto%20accidentado%20desde%20Puerto%20Aguirre%20a%20Chacabuco&#038;url=https:\/\/radiorevelacionfm.cl\/?p=15252' aria-hidden='false' data-av_icon='\ue8f1' data-av_iconfont='entypo-fontello' title='' data-avia-related-tooltip='Compartir en Twitter' rel=\"noopener\"><span class='avia_hidden_link_text'>Compartir en Twitter<\/span><\/a><\/li><li class='av-share-link av-social-link-whatsapp' ><a target=\"_blank\" aria-label=\"Compartir en Whatsapp\" href='https:\/\/api.whatsapp.com\/send?text=https:\/\/radiorevelacionfm.cl\/?p=15252' aria-hidden='false' data-av_icon='\uf232' data-av_iconfont='entypo-fontello' title='' data-avia-related-tooltip='Compartir en Whatsapp' rel=\"noopener\"><span class='avia_hidden_link_text'>Compartir en Whatsapp<\/span><\/a><\/li><li class='av-share-link av-social-link-linkedin' ><a target=\"_blank\" aria-label=\"Compartir en LinkedIn\" href='https:\/\/linkedin.com\/shareArticle?mini=true&#038;title=Armada%20apoy%C3%B3%20evacuaci%C3%B3n%20m%C3%A9dica%20de%20urgencia%20de%20adulto%20accidentado%20desde%20Puerto%20Aguirre%20a%20Chacabuco&#038;url=https:\/\/radiorevelacionfm.cl\/?p=15252' aria-hidden='false' data-av_icon='\ue8fc' data-av_iconfont='entypo-fontello' title='' data-avia-related-tooltip='Compartir en LinkedIn' rel=\"noopener\"><span class='avia_hidden_link_text'>Compartir en LinkedIn<\/span><\/a><\/li><li class='av-share-link av-social-link-mail' ><a  aria-label=\"Compartir por correo\" href='mailto:?subject=Armada%20apoy%C3%B3%20evacuaci%C3%B3n%20m%C3%A9dica%20de%20urgencia%20de%20adulto%20accidentado%20desde%20Puerto%20Aguirre%20a%20Chacabuco&#038;body=https:\/\/radiorevelacionfm.cl\/?p=15252' aria-hidden='false' data-av_icon='\ue805' data-av_iconfont='entypo-fontello' title='' data-avia-related-tooltip='Compartir por correo'><span class='avia_hidden_link_text'>Compartir por correo<\/span><\/a><\/li><\/ul><\/div><\/div>\n<div  style='height:50px' class='hr hr-invisible   avia-builder-el-8  el_after_av_social_share  el_before_av_comments_list '><span class='hr-inner ' ><span class='hr-inner-style'><\/span><\/span><\/div>\n<div  class='av-buildercomment  av-blog-meta-html-info-disabled av-blog-meta-tag-disabled  '><\/div>\n","protected":false},"excerpt":{"rendered":"","protected":false},"author":1,"featured_media":15253,"comment_status":"open","ping_status":"open","sticky":false,"template":"","format":"standard","meta":{"footnotes":""},"categories":[38],"tags":[],"class_list":["post-15252","post","type-post","status-publish","format-standard","has-post-thumbnail","hentry","category-regional"],"jetpack_featured_media_url":"https:\/\/radiorevelacionfm.cl\/wp-content\/uploads\/2022\/03\/Evacuacion-medica-1-1.jpg","_links":{"self":[{"href":"https:\/\/radiorevelacionfm.cl\/index.php?rest_route=\/wp\/v2\/posts\/15252","targetHints":{"allow":["GET"]}}],"collection":[{"href":"https:\/\/radiorevelacionfm.cl\/index.php?rest_route=\/wp\/v2\/posts"}],"about":[{"href":"https:\/\/radiorevelacionfm.cl\/index.php?rest_route=\/wp\/v2\/types\/post"}],"author":[{"embeddable":true,"href":"https:\/\/radiorevelacionfm.cl\/index.php?rest_route=\/wp\/v2\/users\/1"}],"replies":[{"embeddable":true,"href":"https:\/\/radiorevelacionfm.cl\/index.php?rest_route=%2Fwp%2Fv2%2Fcomments&post=15252"}],"version-history":[{"count":2,"href":"https:\/\/radiorevelacionfm.cl\/index.php?rest_route=\/wp\/v2\/posts\/15252\/revisions"}],"predecessor-version":[{"id":15266,"href":"https:\/\/radiorevelacionfm.cl\/index.php?rest_route=\/wp\/v2\/posts\/15252\/revisions\/15266"}],"wp:featuredmedia":[{"embeddable":true,"href":"https:\/\/radiorevelacionfm.cl\/index.php?rest_route=\/wp\/v2\/media\/15253"}],"wp:attachment":[{"href":"https:\/\/radiorevelacionfm.cl\/index.php?rest_route=%2Fwp%2Fv2%2Fmedia&parent=15252"}],"wp:term":[{"taxonomy":"category","embeddable":true,"href":"https:\/\/radiorevelacionfm.cl\/index.php?rest_route=%2Fwp%2Fv2%2Fcategories&post=15252"},{"taxonomy":"post_tag","embeddable":true,"href":"https:\/\/radiorevelacionfm.cl\/index.php?rest_route=%2Fwp%2Fv2%2Ftags&post=15252"}],"curies":[{"name":"wp","href":"https:\/\/api.w.org\/{rel}","templated":true}]}}