{"id":15247,"date":"2022-03-30T21:51:49","date_gmt":"2022-03-31T00:51:49","guid":{"rendered":"https:\/\/radiorevelacionfm.cl\/?p=15247"},"modified":"2022-03-30T21:51:49","modified_gmt":"2022-03-31T00:51:49","slug":"autoridad-maritima-detecta-embarcaciones-de-calbuco-efectuando-pesca-ilegal-en-aysen","status":"publish","type":"post","link":"https:\/\/radiorevelacionfm.cl\/?p=15247","title":{"rendered":"Autoridad Mar\u00edtima detecta embarcaciones de Calbuco efectuando pesca ilegal en Ays\u00e9n"},"content":{"rendered":"<div class=\"flex_column av_one_full  flex_column_div av-zero-column-padding first  avia-builder-el-0  el_before_av_one_full  avia-builder-el-first  \" style='border-radius:0px; '><div  class='avia-image-container  av-styling-    avia-builder-el-1  avia-builder-el-no-sibling  avia-align-center '  itemprop=\"image\" itemscope=\"itemscope\" itemtype=\"https:\/\/schema.org\/ImageObject\"  ><div class='avia-image-container-inner'><div class='avia-image-overlay-wrap'><img decoding=\"async\" class='wp-image-15249 avia-img-lazy-loading-not-15249 avia_image' src=\"https:\/\/radiorevelacionfm.cl\/wp-content\/uploads\/2022\/03\/Pesca-Ilegal-1-1.jpg\" alt='' title='Pesca Ilegal (1) (1)' height=\"600\" width=\"800\"  itemprop=\"thumbnailUrl\" srcset=\"https:\/\/radiorevelacionfm.cl\/wp-content\/uploads\/2022\/03\/Pesca-Ilegal-1-1.jpg 800w, https:\/\/radiorevelacionfm.cl\/wp-content\/uploads\/2022\/03\/Pesca-Ilegal-1-1-300x225.jpg 300w, https:\/\/radiorevelacionfm.cl\/wp-content\/uploads\/2022\/03\/Pesca-Ilegal-1-1-768x576.jpg 768w, https:\/\/radiorevelacionfm.cl\/wp-content\/uploads\/2022\/03\/Pesca-Ilegal-1-1-705x529.jpg 705w, https:\/\/radiorevelacionfm.cl\/wp-content\/uploads\/2022\/03\/Pesca-Ilegal-1-1-600x450.jpg 600w\" sizes=\"(max-width: 800px) 100vw, 800px\" \/><\/div><\/div><\/div><\/div><div class=\"flex_column av_one_full  flex_column_div av-zero-column-padding first  avia-builder-el-2  el_after_av_one_full  el_before_av_one_full  column-top-margin\" style='border-radius:0px; '><section class=\"av_textblock_section \"  itemscope=\"itemscope\" itemtype=\"https:\/\/schema.org\/BlogPosting\" itemprop=\"blogPost\" ><div class='avia_textblock  '   itemprop=\"text\" ><p style=\"text-align: center;\"><strong><span style=\"font-size: 18pt;\">Autoridad Mar\u00edtima detecta embarcaciones de Calbuco efectuando pesca ilegal en Ays\u00e9n<\/span><\/strong><\/p>\n<div id=\"gtx-trans\" style=\"position: absolute; left: -50px; top: 4.31534px;\">\n<div class=\"gtx-trans-icon\"><\/div>\n<\/div>\n<\/div><\/section><\/div><div class=\"flex_column av_one_full  flex_column_div av-zero-column-padding first  avia-builder-el-4  el_after_av_one_full  el_before_av_hr  column-top-margin\" style='border-radius:0px; '><section class=\"av_textblock_section \"  itemscope=\"itemscope\" itemtype=\"https:\/\/schema.org\/BlogPosting\" itemprop=\"blogPost\" ><div class='avia_textblock  '   itemprop=\"text\" ><div class=\"CUERPO\">\n<p style=\"text-align: justify;\">Durante patrullajes de fiscalizaci\u00f3n pesquera efectuados el martes 29 de marzo en un trabajo conjunto realizado por la Polic\u00eda Mar\u00edtima de Puerto Aguirre, la dotaci\u00f3n de la Lancha de Servicio General \u201cAys\u00e9n\u201d y personal del\u00a0 Servicio Nacional de Pesca y Acuicultura (SERNAPESCA), se detect\u00f3 en distintos puntos de la Regi\u00f3n de Ays\u00e9n a dos embarcaciones, provenientes de Calbuco Regi\u00f3n de Los Lagos, infringiendo la ley de pesca.<\/p>\n<p style=\"text-align: justify;\">En el primer procedimiento coment\u00f3 \u00a0el\u00a0 Oficial de Operaciones de la Gobernaci\u00f3n Mar\u00edtima de Ays\u00e9n, Teniente 1\u00b0 Litoral Gonzalo Jim\u00e9nez \u00a0\u201cla Lancha de \u00a0Servicio de Rescate 4425 de Puerto Aguirre, en el \u00e1rea del Canal Carrera del Chivato fiscaliz\u00f3 a la\u00a0 lancha a \u00a0motor \u00a0\u201cDon V\u00edctor I\u201d, Matr\u00edcula \u00a0de Calbuco, con 4 tripulantes a bordo y curs\u00f3 citaci\u00f3n al Juzgado de Letras y Garant\u00eda de Puerto Ays\u00e9n por infringir la ley de pesca, esto al transgredir el convenio de zonas contiguas y al no poder demostrar el origen legal del recurso al mantener a bordo \u00a0almeja,\u00a0 espec\u00edficamente\u00a0 un total de 25 mallas equivalente a\u00a0 1.250 Kilos aproximadamente\u201d.<\/p>\n<p style=\"text-align: justify;\">En tanto el segundo procedimiento fue apoyado por la dotaci\u00f3n de la Lancha de Servicio General\u00a0 LSG \u201cAys\u00e9n\u201d en \u00e1rea del Canal Moraleda, \u00a0donde se\u00a0 fiscaliz\u00f3\u00a0 la lancha a motor \u201cSilvana I\u201d, tambi\u00e9n Matr\u00edcula \u00a0de Calbuco \u00a0y con 4 tripulantes a bordo quienes se encontraban en faenas de pesca sin captura a bordo. \u201cPor esto, se curs\u00f3 citaci\u00f3n al Juzgado de Letras y Garant\u00eda de Puerto Ays\u00e9n al Armador. \u00a0Paralelamente se curs\u00f3 citaci\u00f3n al Patr\u00f3n a Fiscal\u00eda Mar\u00edtima, por efectuar navegaci\u00f3n sin Autorizaci\u00f3n de zarpe, sin certificado de navegabilidad y sin balsa salvavidas\u201d agreg\u00f3 el Oficial.<\/p>\n<p style=\"text-align: justify;\">En ambos casos, Personal de polic\u00eda mar\u00edtima instruy\u00f3 a los patrones de las embarcaciones que se desplacen \u00a0a puerto base, Puerto de Calbuco.<\/p>\n<p style=\"text-align: justify;\">Finalmente, Jim\u00e9nez \u00a0asegur\u00f3 que este tipo de fiscalizaciones \u201cse mantendr\u00e1n \u00a0para dar cumplimiento a ley de pesca y acuicultura, y adem\u00e1s \u00a0responden al \u00e1rea de misi\u00f3n de seguridad e intereses territoriales de la Armada de Chile\u201d.<\/p>\n<\/div>\n<\/div><\/section><\/div><div  style='height:50px' class='hr hr-invisible   avia-builder-el-6  el_after_av_one_full  el_before_av_social_share '><span class='hr-inner ' ><span class='hr-inner-style'><\/span><\/span><\/div><\/p>\n<div  class='av-social-sharing-box  avia-builder-el-7  el_after_av_hr  el_before_av_hr  '><div class='av-share-box'><h5 class='av-share-link-description av-no-toc '>Compartir esta noticia<\/h5><ul class='av-share-box-list noLightbox'><li class='av-share-link av-social-link-facebook' ><a target=\"_blank\" aria-label=\"Compartir en Facebook\" href='https:\/\/www.facebook.com\/sharer.php?u=https:\/\/radiorevelacionfm.cl\/?p=15247&#038;t=Autoridad%20Mar%C3%ADtima%20detecta%20embarcaciones%20de%20Calbuco%20efectuando%20pesca%20ilegal%20en%20Ays%C3%A9n' aria-hidden='false' data-av_icon='\ue8f3' data-av_iconfont='entypo-fontello' title='' data-avia-related-tooltip='Compartir en Facebook' rel=\"noopener\"><span class='avia_hidden_link_text'>Compartir en Facebook<\/span><\/a><\/li><li class='av-share-link av-social-link-twitter' ><a target=\"_blank\" aria-label=\"Compartir en Twitter\" href='https:\/\/twitter.com\/share?text=Autoridad%20Mar%C3%ADtima%20detecta%20embarcaciones%20de%20Calbuco%20efectuando%20pesca%20ilegal%20en%20Ays%C3%A9n&#038;url=https:\/\/radiorevelacionfm.cl\/?p=15247' aria-hidden='false' data-av_icon='\ue8f1' data-av_iconfont='entypo-fontello' title='' data-avia-related-tooltip='Compartir en Twitter' rel=\"noopener\"><span class='avia_hidden_link_text'>Compartir en Twitter<\/span><\/a><\/li><li class='av-share-link av-social-link-whatsapp' ><a target=\"_blank\" aria-label=\"Compartir en Whatsapp\" href='https:\/\/api.whatsapp.com\/send?text=https:\/\/radiorevelacionfm.cl\/?p=15247' aria-hidden='false' data-av_icon='\uf232' data-av_iconfont='entypo-fontello' title='' data-avia-related-tooltip='Compartir en Whatsapp' rel=\"noopener\"><span class='avia_hidden_link_text'>Compartir en Whatsapp<\/span><\/a><\/li><li class='av-share-link av-social-link-linkedin' ><a target=\"_blank\" aria-label=\"Compartir en LinkedIn\" href='https:\/\/linkedin.com\/shareArticle?mini=true&#038;title=Autoridad%20Mar%C3%ADtima%20detecta%20embarcaciones%20de%20Calbuco%20efectuando%20pesca%20ilegal%20en%20Ays%C3%A9n&#038;url=https:\/\/radiorevelacionfm.cl\/?p=15247' aria-hidden='false' data-av_icon='\ue8fc' data-av_iconfont='entypo-fontello' title='' data-avia-related-tooltip='Compartir en LinkedIn' rel=\"noopener\"><span class='avia_hidden_link_text'>Compartir en LinkedIn<\/span><\/a><\/li><li class='av-share-link av-social-link-mail' ><a  aria-label=\"Compartir por correo\" href='mailto:?subject=Autoridad%20Mar%C3%ADtima%20detecta%20embarcaciones%20de%20Calbuco%20efectuando%20pesca%20ilegal%20en%20Ays%C3%A9n&#038;body=https:\/\/radiorevelacionfm.cl\/?p=15247' aria-hidden='false' data-av_icon='\ue805' data-av_iconfont='entypo-fontello' title='' data-avia-related-tooltip='Compartir por correo'><span class='avia_hidden_link_text'>Compartir por correo<\/span><\/a><\/li><\/ul><\/div><\/div>\n<div  style='height:50px' class='hr hr-invisible   avia-builder-el-8  el_after_av_social_share  el_before_av_comments_list '><span class='hr-inner ' ><span class='hr-inner-style'><\/span><\/span><\/div>\n<div  class='av-buildercomment  av-blog-meta-html-info-disabled av-blog-meta-tag-disabled  '><\/div>\n","protected":false},"excerpt":{"rendered":"","protected":false},"author":1,"featured_media":15249,"comment_status":"open","ping_status":"open","sticky":false,"template":"","format":"standard","meta":{"footnotes":""},"categories":[60],"tags":[],"class_list":["post-15247","post","type-post","status-publish","format-standard","has-post-thumbnail","hentry","category-pesca"],"jetpack_featured_media_url":"https:\/\/radiorevelacionfm.cl\/wp-content\/uploads\/2022\/03\/Pesca-Ilegal-1-1.jpg","_links":{"self":[{"href":"https:\/\/radiorevelacionfm.cl\/index.php?rest_route=\/wp\/v2\/posts\/15247","targetHints":{"allow":["GET"]}}],"collection":[{"href":"https:\/\/radiorevelacionfm.cl\/index.php?rest_route=\/wp\/v2\/posts"}],"about":[{"href":"https:\/\/radiorevelacionfm.cl\/index.php?rest_route=\/wp\/v2\/types\/post"}],"author":[{"embeddable":true,"href":"https:\/\/radiorevelacionfm.cl\/index.php?rest_route=\/wp\/v2\/users\/1"}],"replies":[{"embeddable":true,"href":"https:\/\/radiorevelacionfm.cl\/index.php?rest_route=%2Fwp%2Fv2%2Fcomments&post=15247"}],"version-history":[{"count":2,"href":"https:\/\/radiorevelacionfm.cl\/index.php?rest_route=\/wp\/v2\/posts\/15247\/revisions"}],"predecessor-version":[{"id":15251,"href":"https:\/\/radiorevelacionfm.cl\/index.php?rest_route=\/wp\/v2\/posts\/15247\/revisions\/15251"}],"wp:featuredmedia":[{"embeddable":true,"href":"https:\/\/radiorevelacionfm.cl\/index.php?rest_route=\/wp\/v2\/media\/15249"}],"wp:attachment":[{"href":"https:\/\/radiorevelacionfm.cl\/index.php?rest_route=%2Fwp%2Fv2%2Fmedia&parent=15247"}],"wp:term":[{"taxonomy":"category","embeddable":true,"href":"https:\/\/radiorevelacionfm.cl\/index.php?rest_route=%2Fwp%2Fv2%2Fcategories&post=15247"},{"taxonomy":"post_tag","embeddable":true,"href":"https:\/\/radiorevelacionfm.cl\/index.php?rest_route=%2Fwp%2Fv2%2Ftags&post=15247"}],"curies":[{"name":"wp","href":"https:\/\/api.w.org\/{rel}","templated":true}]}}