{"id":15237,"date":"2022-03-30T19:23:56","date_gmt":"2022-03-30T22:23:56","guid":{"rendered":"https:\/\/radiorevelacionfm.cl\/?p=15237"},"modified":"2022-03-30T19:32:17","modified_gmt":"2022-03-30T22:32:17","slug":"curso-de-veliche-salvaguarda-practicas-y-cosmovision-del-pueblo-huilliche-en-aysen","status":"publish","type":"post","link":"https:\/\/radiorevelacionfm.cl\/?p=15237","title":{"rendered":"Curso de lengua Veliche salvaguarda pr\u00e1cticas y cosmovisi\u00f3n del pueblo Huilliche en Ays\u00e9n"},"content":{"rendered":"<div class=\"flex_column av_one_full  flex_column_div av-zero-column-padding first  avia-builder-el-0  el_before_av_one_full  avia-builder-el-first  \" style='border-radius:0px; '><div  class='avia-image-container  av-styling-    avia-builder-el-1  avia-builder-el-no-sibling  avia-align-center '  itemprop=\"image\" itemscope=\"itemscope\" itemtype=\"https:\/\/schema.org\/ImageObject\"  ><div class='avia-image-container-inner'><div class='avia-image-overlay-wrap'><img decoding=\"async\" class='wp-image-15238 avia-img-lazy-loading-not-15238 avia_image' src=\"https:\/\/radiorevelacionfm.cl\/wp-content\/uploads\/2022\/03\/foto-6-4-1_optimized.jpg\" alt='' title='foto-6-(4)-(1)_optimized' height=\"600\" width=\"900\"  itemprop=\"thumbnailUrl\" srcset=\"https:\/\/radiorevelacionfm.cl\/wp-content\/uploads\/2022\/03\/foto-6-4-1_optimized.jpg 900w, https:\/\/radiorevelacionfm.cl\/wp-content\/uploads\/2022\/03\/foto-6-4-1_optimized-300x200.jpg 300w, https:\/\/radiorevelacionfm.cl\/wp-content\/uploads\/2022\/03\/foto-6-4-1_optimized-768x512.jpg 768w, https:\/\/radiorevelacionfm.cl\/wp-content\/uploads\/2022\/03\/foto-6-4-1_optimized-705x470.jpg 705w, https:\/\/radiorevelacionfm.cl\/wp-content\/uploads\/2022\/03\/foto-6-4-1_optimized-600x400.jpg 600w\" sizes=\"(max-width: 900px) 100vw, 900px\" \/><\/div><\/div><\/div><\/div>\n<div class=\"flex_column av_one_full  flex_column_div av-zero-column-padding first  avia-builder-el-2  el_after_av_one_full  el_before_av_one_full  column-top-margin\" style='border-radius:0px; '><section class=\"av_textblock_section \"  itemscope=\"itemscope\" itemtype=\"https:\/\/schema.org\/BlogPosting\" itemprop=\"blogPost\" ><div class='avia_textblock  '   itemprop=\"text\" ><p style=\"text-align: center;\"><span style=\"font-size: 18pt;\"><strong>Curso de lengua Veliche salvaguarda pr\u00e1cticas y cosmovisi\u00f3n del pueblo Huilliche en Ays\u00e9n<\/strong><\/span><\/p>\n<div id=\"gtx-trans\" style=\"position: absolute; left: -50px; top: 4.31534px;\">\n<div class=\"gtx-trans-icon\"><\/div>\n<\/div>\n<\/div><\/section><\/div><div class=\"flex_column av_one_full  flex_column_div av-zero-column-padding first  avia-builder-el-4  el_after_av_one_full  el_before_av_hr  column-top-margin\" style='border-radius:0px; '><section class=\"av_textblock_section \"  itemscope=\"itemscope\" itemtype=\"https:\/\/schema.org\/BlogPosting\" itemprop=\"blogPost\" ><div class='avia_textblock  '   itemprop=\"text\" ><p style=\"text-align: justify;\">A finales de marzo, con la presencia de invitados provenientes del Servicio Nacional del Patrimonio, la Unidad de Cultura de la Municipalidad de Ays\u00e9n y autoridades comunales, la Agrupaci\u00f3n de Educadores Ancestrales Huilliches de Chilo\u00e9 procedi\u00f3 a la certificaci\u00f3n del curso de Lengua Veliche y Cultura Huilliche de Chilo\u00e9 en la Tavu de la comunidad Maw\u00fcn Mapu, emplazada en Ribera Sur.<\/p>\n<p style=\"text-align: justify;\">Con el fin de revitalizar la lengua y su uso entre la comunidad huilliche de Ays\u00e9n, desde el 2017, diversas organizaciones y entidades culturales se han unido en la cruzada de su rescate, conservaci\u00f3n y puesta en valor. Un esfuerzo que logr\u00f3 materializarse a trav\u00e9s del proceso de certificaci\u00f3n de asistentes al curso de veliche y que viene a salvaguardar el patrimonio inmaterial de la zona.<\/p>\n<p style=\"text-align: justify;\">En medio de esa din\u00e1mica, que cont\u00f3 con presencia de funcionarios p\u00fablicos y municipales, el encargado de Cultura, Cristi\u00e1n Torres, puso \u00e9nfasis en lo esencial de generar v\u00ednculos entre todos los actores sociales que componen la regi\u00f3n y que, a mediano plazo, considera los lineamientos del Plan Municipal Cultural. \u201cEscuchamos relatos hist\u00f3ricos, de memoria. Relatos que tienen relaci\u00f3n con c\u00f3mo los pueblos ind\u00edgenas han sido invisibilizados, la enorme labor que tenemos en este caso las instituciones de poder recuperar eso para la regi\u00f3n como parte de la identidad\u201d.<\/p>\n<p style=\"text-align: justify;\">Por otra parte, desde la Subdirecci\u00f3n Nacional de Pueblos Originarios del Ministerio de las Culturas, las Artes y el Patrimonio, el encargado de la Secci\u00f3n Regional, Sergio S\u00e1nchez, ahond\u00f3 sobre el proceso efectuado en conjunto a agrupaciones y colectivos de pueblos originarios, entre los que figura el curso de veliche. \u201cUno de los pilares fundamentales del programa que trabajamos, es que los planes de revitalizaci\u00f3n cultural se construyen con enfoque de derechos humanos y territorial, en los que la participaci\u00f3n cultural ind\u00edgena es lo fundamental\u201d.<\/p>\n<p style=\"text-align: justify;\">\u201cPara realizar esto nos venimos juntando con las organizaciones harto tiempo, en un di\u00e1logo que se llama Di\u00e1logos de Priorizaci\u00f3n, donde priorizan qu\u00e9 es lo que quieren trabajar\u201d, a\u00f1adi\u00f3 S\u00e1nchez. As\u00ed emerge de las agrupaciones huilliches la necesidad de socializar la lengua veliche y, de manera paralela, la autodeterminaci\u00f3n de los pueblos originarios en un esfuerzo mancomunado entre sus principales agentes y la institucionalidad.<\/p>\n<p style=\"text-align: justify;\">En lo que respecta al traspaso de conocimientos, el presidente de la Agrupaci\u00f3n de Educadores Ancestrales Huilliches de Chilo\u00e9, Oscar Millalonco, manifest\u00f3 su satisfacci\u00f3n ante los resultados. \u201cPara m\u00ed es uno de los logros m\u00e1s importante que tengo, porque Ays\u00e9n y la zona de Coyhaique, o la regi\u00f3n de Ays\u00e9n, es uno de los lugares menos complicado para revitalizar nuestra lengua y nuestra cultura. Aqu\u00ed el mundo mapuche no tiene autoridad, es distinto a Chilo\u00e9 que hay una influencia mapuche muy fuerte que se inici\u00f3 con la educaci\u00f3n intercultural en los colegios y se introdujo desde el nivel central\u201d, especific\u00f3.<\/p>\n<p style=\"text-align: justify;\">Para Millalonco, que visita por cuarta vez el territorio en la tarea \u201cde recuperar, revitalizar y hacer recordar a la gente sobre su ancestralidad\u201d, la conexi\u00f3n fue inmediata en las aulas. \u201cNo hubo diferencia, no hubo un choque, todo lo contrario, porque la cosmovisi\u00f3n es la misma. Entonces todas las interpretaciones que damos nosotros en Chilo\u00e9 tambi\u00e9n la conocen ellos, y eso ayuda a que sea m\u00e1s fluido\u201d.<\/p>\n<p style=\"text-align: justify;\">Finalmente, S\u00e1nchez resalt\u00f3 la carga hist\u00f3rica y simb\u00f3lica de las lenguas. \u201cConociendo bien la lengua de un pueblo puedes llegar a imaginar c\u00f3mo se mueve, trae consigo la cultura misma\u201d. En tanto, desde el municipio porte\u00f1o, Torres puntualiz\u00f3 que las \u201cpretensiones son reencontrarse con las agrupaciones ind\u00edgenas, ponerlas tambi\u00e9n en las mesas de trabajo desde Cultura y buscar la manera que el resto de la poblaci\u00f3n que desconoce esta realidad pueda sentirse parte, reconocerla\u201d.<\/p>\n<\/div><\/section><\/div><\/p>\n<div  style='height:50px' class='hr hr-invisible   avia-builder-el-6  el_after_av_one_full  el_before_av_social_share '><span class='hr-inner ' ><span class='hr-inner-style'><\/span><\/span><\/div>\n<div  class='av-social-sharing-box  avia-builder-el-7  el_after_av_hr  el_before_av_hr  '><div class='av-share-box'><h5 class='av-share-link-description av-no-toc '>Compartir esta noticia<\/h5><ul class='av-share-box-list noLightbox'><li class='av-share-link av-social-link-facebook' ><a target=\"_blank\" aria-label=\"Compartir en Facebook\" href='https:\/\/www.facebook.com\/sharer.php?u=https:\/\/radiorevelacionfm.cl\/?p=15237&#038;t=Curso%20de%20lengua%20Veliche%20salvaguarda%20pr%C3%A1cticas%20y%20cosmovisi%C3%B3n%20del%20pueblo%20Huilliche%20en%20Ays%C3%A9n' aria-hidden='false' data-av_icon='\ue8f3' data-av_iconfont='entypo-fontello' title='' data-avia-related-tooltip='Compartir en Facebook' rel=\"noopener\"><span class='avia_hidden_link_text'>Compartir en Facebook<\/span><\/a><\/li><li class='av-share-link av-social-link-twitter' ><a target=\"_blank\" aria-label=\"Compartir en Twitter\" href='https:\/\/twitter.com\/share?text=Curso%20de%20lengua%20Veliche%20salvaguarda%20pr%C3%A1cticas%20y%20cosmovisi%C3%B3n%20del%20pueblo%20Huilliche%20en%20Ays%C3%A9n&#038;url=https:\/\/radiorevelacionfm.cl\/?p=15237' aria-hidden='false' data-av_icon='\ue8f1' data-av_iconfont='entypo-fontello' title='' data-avia-related-tooltip='Compartir en Twitter' rel=\"noopener\"><span class='avia_hidden_link_text'>Compartir en Twitter<\/span><\/a><\/li><li class='av-share-link av-social-link-whatsapp' ><a target=\"_blank\" aria-label=\"Compartir en Whatsapp\" href='https:\/\/api.whatsapp.com\/send?text=https:\/\/radiorevelacionfm.cl\/?p=15237' aria-hidden='false' data-av_icon='\uf232' data-av_iconfont='entypo-fontello' title='' data-avia-related-tooltip='Compartir en Whatsapp' rel=\"noopener\"><span class='avia_hidden_link_text'>Compartir en Whatsapp<\/span><\/a><\/li><li class='av-share-link av-social-link-linkedin' ><a target=\"_blank\" aria-label=\"Compartir en LinkedIn\" href='https:\/\/linkedin.com\/shareArticle?mini=true&#038;title=Curso%20de%20lengua%20Veliche%20salvaguarda%20pr%C3%A1cticas%20y%20cosmovisi%C3%B3n%20del%20pueblo%20Huilliche%20en%20Ays%C3%A9n&#038;url=https:\/\/radiorevelacionfm.cl\/?p=15237' aria-hidden='false' data-av_icon='\ue8fc' data-av_iconfont='entypo-fontello' title='' data-avia-related-tooltip='Compartir en LinkedIn' rel=\"noopener\"><span class='avia_hidden_link_text'>Compartir en LinkedIn<\/span><\/a><\/li><li class='av-share-link av-social-link-mail' ><a  aria-label=\"Compartir por correo\" href='mailto:?subject=Curso%20de%20lengua%20Veliche%20salvaguarda%20pr%C3%A1cticas%20y%20cosmovisi%C3%B3n%20del%20pueblo%20Huilliche%20en%20Ays%C3%A9n&#038;body=https:\/\/radiorevelacionfm.cl\/?p=15237' aria-hidden='false' data-av_icon='\ue805' data-av_iconfont='entypo-fontello' title='' data-avia-related-tooltip='Compartir por correo'><span class='avia_hidden_link_text'>Compartir por correo<\/span><\/a><\/li><\/ul><\/div><\/div>\n<div  style='height:50px' class='hr hr-invisible   avia-builder-el-8  el_after_av_social_share  el_before_av_comments_list '><span class='hr-inner ' ><span class='hr-inner-style'><\/span><\/span><\/div>\n<div  class='av-buildercomment  av-blog-meta-html-info-disabled av-blog-meta-tag-disabled  '><\/div>\n","protected":false},"excerpt":{"rendered":"","protected":false},"author":1,"featured_media":15238,"comment_status":"open","ping_status":"open","sticky":false,"template":"","format":"standard","meta":{"footnotes":""},"categories":[38],"tags":[],"class_list":["post-15237","post","type-post","status-publish","format-standard","has-post-thumbnail","hentry","category-regional"],"jetpack_featured_media_url":"https:\/\/radiorevelacionfm.cl\/wp-content\/uploads\/2022\/03\/foto-6-4-1_optimized.jpg","_links":{"self":[{"href":"https:\/\/radiorevelacionfm.cl\/index.php?rest_route=\/wp\/v2\/posts\/15237","targetHints":{"allow":["GET"]}}],"collection":[{"href":"https:\/\/radiorevelacionfm.cl\/index.php?rest_route=\/wp\/v2\/posts"}],"about":[{"href":"https:\/\/radiorevelacionfm.cl\/index.php?rest_route=\/wp\/v2\/types\/post"}],"author":[{"embeddable":true,"href":"https:\/\/radiorevelacionfm.cl\/index.php?rest_route=\/wp\/v2\/users\/1"}],"replies":[{"embeddable":true,"href":"https:\/\/radiorevelacionfm.cl\/index.php?rest_route=%2Fwp%2Fv2%2Fcomments&post=15237"}],"version-history":[{"count":4,"href":"https:\/\/radiorevelacionfm.cl\/index.php?rest_route=\/wp\/v2\/posts\/15237\/revisions"}],"predecessor-version":[{"id":15244,"href":"https:\/\/radiorevelacionfm.cl\/index.php?rest_route=\/wp\/v2\/posts\/15237\/revisions\/15244"}],"wp:featuredmedia":[{"embeddable":true,"href":"https:\/\/radiorevelacionfm.cl\/index.php?rest_route=\/wp\/v2\/media\/15238"}],"wp:attachment":[{"href":"https:\/\/radiorevelacionfm.cl\/index.php?rest_route=%2Fwp%2Fv2%2Fmedia&parent=15237"}],"wp:term":[{"taxonomy":"category","embeddable":true,"href":"https:\/\/radiorevelacionfm.cl\/index.php?rest_route=%2Fwp%2Fv2%2Fcategories&post=15237"},{"taxonomy":"post_tag","embeddable":true,"href":"https:\/\/radiorevelacionfm.cl\/index.php?rest_route=%2Fwp%2Fv2%2Ftags&post=15237"}],"curies":[{"name":"wp","href":"https:\/\/api.w.org\/{rel}","templated":true}]}}