{"id":15232,"date":"2022-03-31T09:28:10","date_gmt":"2022-03-31T12:28:10","guid":{"rendered":"https:\/\/radiorevelacionfm.cl\/?p=15232"},"modified":"2022-03-31T09:30:14","modified_gmt":"2022-03-31T12:30:14","slug":"horario-de-invierno-como-afecta-a-las-ninas-y-ninos-el-nuevo-horario","status":"publish","type":"post","link":"https:\/\/radiorevelacionfm.cl\/?p=15232","title":{"rendered":"Cambio de Horario: \u00bfC\u00f3mo afecta a las ni\u00f1as y ni\u00f1os el nuevo horario?"},"content":{"rendered":"<div class=\"flex_column av_one_full  flex_column_div av-zero-column-padding first  avia-builder-el-0  el_before_av_one_full  avia-builder-el-first  \" style='border-radius:0px; '><div  class='avia-image-container  av-styling-    avia-builder-el-1  avia-builder-el-no-sibling  avia-align-center '  itemprop=\"image\" itemscope=\"itemscope\" itemtype=\"https:\/\/schema.org\/ImageObject\"  ><div class='avia-image-container-inner'><div class='avia-image-overlay-wrap'><img decoding=\"async\" class='wp-image-15233 avia-img-lazy-loading-not-15233 avia_image' src=\"https:\/\/radiorevelacionfm.cl\/wp-content\/uploads\/2022\/03\/2-74-1-1.jpg\" alt='' title='2 (74) (1) (1)' height=\"600\" width=\"900\"  itemprop=\"thumbnailUrl\" srcset=\"https:\/\/radiorevelacionfm.cl\/wp-content\/uploads\/2022\/03\/2-74-1-1.jpg 900w, https:\/\/radiorevelacionfm.cl\/wp-content\/uploads\/2022\/03\/2-74-1-1-300x200.jpg 300w, https:\/\/radiorevelacionfm.cl\/wp-content\/uploads\/2022\/03\/2-74-1-1-768x512.jpg 768w, https:\/\/radiorevelacionfm.cl\/wp-content\/uploads\/2022\/03\/2-74-1-1-705x470.jpg 705w, https:\/\/radiorevelacionfm.cl\/wp-content\/uploads\/2022\/03\/2-74-1-1-600x400.jpg 600w\" sizes=\"(max-width: 900px) 100vw, 900px\" \/><\/div><\/div><\/div><\/div>\n<div class=\"flex_column av_one_full  flex_column_div av-zero-column-padding first  avia-builder-el-2  el_after_av_one_full  el_before_av_one_full  column-top-margin\" style='border-radius:0px; '><section class=\"av_textblock_section \"  itemscope=\"itemscope\" itemtype=\"https:\/\/schema.org\/BlogPosting\" itemprop=\"blogPost\" ><div class='avia_textblock  '   itemprop=\"text\" ><p style=\"text-align: center;\"><span style=\"font-size: 18pt;\"><strong>Cambio de Horario: \u00bfC\u00f3mo afecta a las ni\u00f1as y ni\u00f1os el nuevo horario?<\/strong><\/span><\/p>\n<div id=\"gtx-trans\" style=\"position: absolute; left: -50px; top: 4.31534px;\">\n<div class=\"gtx-trans-icon\"><\/div>\n<\/div>\n<\/div><\/section><\/div><div class=\"flex_column av_one_full  flex_column_div av-zero-column-padding first  avia-builder-el-4  el_after_av_one_full  el_before_av_hr  column-top-margin\" style='border-radius:0px; '><section class=\"av_textblock_section \"  itemscope=\"itemscope\" itemtype=\"https:\/\/schema.org\/BlogPosting\" itemprop=\"blogPost\" ><div class='avia_textblock  '   itemprop=\"text\" ><p style=\"font-weight: 400; text-align: justify;\">Con la llegada del oto\u00f1o, le damos la bienvenida al horario de invierno que nos permite ganar una hora de sue\u00f1o.\u00a0 De hecho, el pr\u00f3ximo s\u00e1bado 2 de abril\u00a0cuando sean las 00:00 horas se deber\u00e1 retrasar\u00a0el reloj 60 minutos y si bien esto puede parecer una ventaja, podr\u00eda no serlo para todos\/as los ni\u00f1os y ni\u00f1as, debido a que probablemente sus ritmos de sue\u00f1o se ver\u00e1n alterados durante este tiempo.<\/p>\n<p style=\"font-weight: 400; text-align: justify;\">Gabriela Carre\u00f1o, psic\u00f3loga de Fonoinfancia, indica que, aunque este cambio afecta de manera diferente a cada ni\u00f1o o ni\u00f1a, algunos\/as podr\u00edan no verse afectados, y otros presentar malestar asociado a que su ritmo habitual de sue\u00f1o-vigilia se modifica. \u201cEntre los cambios que es posible apreciar encontramos problemas para conciliar el sue\u00f1o, despertares nocturnos, desajuste en cuanto a los horarios de sus comidas, siesta, rutinas, etc.\u201d, explica.<\/p>\n<p style=\"font-weight: 400; text-align: justify;\">Los ni\u00f1os y ni\u00f1as al ver alterado su ritmo de sue\u00f1o-vigilia podr\u00edan presentar un mayor cansancio, variaciones en el apetito, desconcentraci\u00f3n y diversos cambios an\u00edmicos. Seg\u00fan la profesional, \u201cen el contexto actual, vemos que los ni\u00f1os y ni\u00f1as han debido adaptarse a una serie de cambios producto de la pandemia. Muchos de ellos\/as se incorporaron en marzo de manera presencial a los espacios educativos, luego de haber vivido largos periodos de confinamiento, lo que probablemente ha requerido de un gran esfuerzo emocional\u201d, menciona.<\/p>\n<p style=\"font-weight: 400; text-align: justify;\">Y a\u00f1ade: \u201cEn este escenario podr\u00eda resultarles a los ni\u00f1os y ni\u00f1as m\u00e1s dif\u00edcil que en otras oportunidades adaptarse a la modificaci\u00f3n horaria, debido a que han enfrentado muchos cambios durante el \u00faltimo periodo\u201d.<\/p>\n<p style=\"font-weight: 400; text-align: justify;\">Durante esta etapa, tambi\u00e9n es probable que ellos\/as se sientan algo desorientados\/as frente al cambio de hora, lo que puede traer como consecuencia una mayor sensibilidad que podr\u00eda expresarse de diversas maneras, desde un aumento de irritabilidad o ansiedad, a una mayor demanda hacia sus madres, padres o cuidadores\/as.<\/p>\n<p style=\"font-weight: 400; text-align: justify;\">\u201cUno de los efectos de la modificaci\u00f3n en el horario que resulta muy visible para ellos\/as, es que comienza a oscurecerse m\u00e1s temprano lo que suele venir acompa\u00f1ado de la sensaci\u00f3n de que el \u00b4d\u00eda es m\u00e1s corto\u00b4. Con esto es muy probable que los ni\u00f1os\/as que sol\u00edan jugar por las tardes en sus barrios y parques vean acortada esta jornada, lo que tambi\u00e9n podr\u00eda ser vivido con un sentimiento de frustraci\u00f3n\u201d, se\u00f1ala Gabriela Carre\u00f1o.<\/p>\n<p style=\"font-weight: 400; text-align: justify;\"><u>Paciencia y adaptaci\u00f3n gradual<\/u><\/p>\n<p style=\"font-weight: 400; text-align: justify;\">En el escenario actual parece importante que los\/as adultos\/as tambi\u00e9n puedan reflexionar acerca de c\u00f3mo les afecta a ellos\/as el cambio de hora; muchos\/as adultos\/as se encuentran retomando el trabajo presencial y adapt\u00e1ndose a nuevas rutinas, por lo que es posible que la modificaci\u00f3n horaria pueda afectarles con mayor intensidad, volvi\u00e9ndose m\u00e1s irritables y quiz\u00e1s menos pacientes con sus hijos\/as. \u201cEn este caso, la paciencia ser\u00e1 de mucha importancia para que los ni\u00f1os\/as puedan sentirse acogidos\/as e ir acostumbr\u00e1ndose a la nueva rutina\u201d, indica la psic\u00f3loga de Fonoinfancia.<\/p>\n<p style=\"font-weight: 400; text-align: justify;\">Para la profesional, el gran desaf\u00edo es lograr que los ni\u00f1os\/as se<strong>\u00a0<\/strong>duerman m\u00e1s temprano por la noche<strong>\u00a0<\/strong>y de esta manera logren superar el cansancio por las ma\u00f1anas. \u201cEn general, se sugiere una adaptaci\u00f3n gradual de las rutinas e ir adelantando ciertos hitos como horarios de comida, siesta, juegos y ba\u00f1o, entre otros. Por ejemplo, comenzar con 15 minutos inicialmente e ir aumentando este tiempo de manera paulatina. Una peque\u00f1a siesta tambi\u00e9n podr\u00eda ser de ayuda si los ni\u00f1os\/as parecen muy cansados\/as\u201d, afirma.<\/p>\n<p style=\"font-weight: 400; text-align: justify;\">Se recomienda tambi\u00e9n generar espacios de ejercicio f\u00edsico para que los ni\u00f1os\/as puedan realizar mayor actividad, se cansen m\u00e1s y logren dormirse m\u00e1s temprano. Probablemente sea beneficioso oscurecer la habitaci\u00f3n donde duermen para evitar que la luz ingrese directamente en las ma\u00f1anas, lo que podr\u00eda facilitar que poco a poco duerman hasta m\u00e1s tarde.<\/p>\n<p style=\"font-weight: 400; text-align: justify;\">\u201cEn vista de que esta modificaci\u00f3n horaria afecta a los ni\u00f1os\/as, los\/as adultos\/as podr\u00edan aprovechar la contingencia para explicarles acerca del cambio de horario, las estaciones de a\u00f1o y temperatura ambiental. Esto podr\u00eda permitirles tomar con mayor naturalidad estos eventos y tener mejor disposici\u00f3n a hacer cambios en sus rutinas. Para explicarles acerca de esto se podr\u00edan usar cuentos, dibujos, animaciones u otros elementos que faciliten su comprensi\u00f3n\u201d, concluye.<\/p>\n<p style=\"font-weight: 400; text-align: justify;\">Fonoinfancia, con m\u00e1s de 20 a\u00f1os de experiencia, es un servicio de cobertura nacional y gratuito, de atenci\u00f3n psicol\u00f3gica a trav\u00e9s del tel\u00e9fono 800 200 818 y v\u00eda chat en\u00a0<a href=\"http:\/\/www.fonoinfancia.cl\/\" data-saferedirecturl=\"https:\/\/www.google.com\/url?q=http:\/\/www.fonoinfancia.cl&amp;source=gmail&amp;ust=1648760058088000&amp;usg=AOvVaw2WQop4ezl-zcCy7PcKJB68\">www.fonoinfancia.cl<\/a>. Es atendido de lunes a viernes, de 08:30 a 19:00 horas, por especialistas en temas de crianza, ni\u00f1ez y familia.<\/p>\n<p style=\"font-weight: 400; text-align: justify;\">Integra pertenece a la Red de Fundaciones de la Presidencia de la Rep\u00fablica. Con 31 a\u00f1os de experiencia, es la red m\u00e1s grande de salas cuna y jardines infantiles del pa\u00eds con 1.200 establecimientos gratuitos, a los que asisten m\u00e1s de 85 mil ni\u00f1os y ni\u00f1as en todo Chile.<\/p>\n<\/div><\/section><\/div><\/p>\n<div  style='height:50px' class='hr hr-invisible   avia-builder-el-6  el_after_av_one_full  el_before_av_social_share '><span class='hr-inner ' ><span class='hr-inner-style'><\/span><\/span><\/div>\n<div  class='av-social-sharing-box  avia-builder-el-7  el_after_av_hr  el_before_av_hr  '><div class='av-share-box'><h5 class='av-share-link-description av-no-toc '>Compartir esta noticia<\/h5><ul class='av-share-box-list noLightbox'><li class='av-share-link av-social-link-facebook' ><a target=\"_blank\" aria-label=\"Compartir en Facebook\" href='https:\/\/www.facebook.com\/sharer.php?u=https:\/\/radiorevelacionfm.cl\/?p=15232&#038;t=Cambio%20de%20Horario%3A%20%C2%BFC%C3%B3mo%20afecta%20a%20las%20ni%C3%B1as%20y%20ni%C3%B1os%20el%20nuevo%20horario%3F' aria-hidden='false' data-av_icon='\ue8f3' data-av_iconfont='entypo-fontello' title='' data-avia-related-tooltip='Compartir en Facebook' rel=\"noopener\"><span class='avia_hidden_link_text'>Compartir en Facebook<\/span><\/a><\/li><li class='av-share-link av-social-link-twitter' ><a target=\"_blank\" aria-label=\"Compartir en Twitter\" href='https:\/\/twitter.com\/share?text=Cambio%20de%20Horario%3A%20%C2%BFC%C3%B3mo%20afecta%20a%20las%20ni%C3%B1as%20y%20ni%C3%B1os%20el%20nuevo%20horario%3F&#038;url=https:\/\/radiorevelacionfm.cl\/?p=15232' aria-hidden='false' data-av_icon='\ue8f1' data-av_iconfont='entypo-fontello' title='' data-avia-related-tooltip='Compartir en Twitter' rel=\"noopener\"><span class='avia_hidden_link_text'>Compartir en Twitter<\/span><\/a><\/li><li class='av-share-link av-social-link-whatsapp' ><a target=\"_blank\" aria-label=\"Compartir en Whatsapp\" href='https:\/\/api.whatsapp.com\/send?text=https:\/\/radiorevelacionfm.cl\/?p=15232' aria-hidden='false' data-av_icon='\uf232' data-av_iconfont='entypo-fontello' title='' data-avia-related-tooltip='Compartir en Whatsapp' rel=\"noopener\"><span class='avia_hidden_link_text'>Compartir en Whatsapp<\/span><\/a><\/li><li class='av-share-link av-social-link-linkedin' ><a target=\"_blank\" aria-label=\"Compartir en LinkedIn\" href='https:\/\/linkedin.com\/shareArticle?mini=true&#038;title=Cambio%20de%20Horario%3A%20%C2%BFC%C3%B3mo%20afecta%20a%20las%20ni%C3%B1as%20y%20ni%C3%B1os%20el%20nuevo%20horario%3F&#038;url=https:\/\/radiorevelacionfm.cl\/?p=15232' aria-hidden='false' data-av_icon='\ue8fc' data-av_iconfont='entypo-fontello' title='' data-avia-related-tooltip='Compartir en LinkedIn' rel=\"noopener\"><span class='avia_hidden_link_text'>Compartir en LinkedIn<\/span><\/a><\/li><li class='av-share-link av-social-link-mail' ><a  aria-label=\"Compartir por correo\" href='mailto:?subject=Cambio%20de%20Horario%3A%20%C2%BFC%C3%B3mo%20afecta%20a%20las%20ni%C3%B1as%20y%20ni%C3%B1os%20el%20nuevo%20horario%3F&#038;body=https:\/\/radiorevelacionfm.cl\/?p=15232' aria-hidden='false' data-av_icon='\ue805' data-av_iconfont='entypo-fontello' title='' data-avia-related-tooltip='Compartir por correo'><span class='avia_hidden_link_text'>Compartir por correo<\/span><\/a><\/li><\/ul><\/div><\/div>\n<div  style='height:50px' class='hr hr-invisible   avia-builder-el-8  el_after_av_social_share  el_before_av_comments_list '><span class='hr-inner ' ><span class='hr-inner-style'><\/span><\/span><\/div>\n<div  class='av-buildercomment  av-blog-meta-html-info-disabled av-blog-meta-tag-disabled  '><\/div>\n","protected":false},"excerpt":{"rendered":"","protected":false},"author":1,"featured_media":15233,"comment_status":"open","ping_status":"open","sticky":false,"template":"","format":"standard","meta":{"footnotes":""},"categories":[49],"tags":[],"class_list":["post-15232","post","type-post","status-publish","format-standard","has-post-thumbnail","hentry","category-educacion"],"jetpack_featured_media_url":"https:\/\/radiorevelacionfm.cl\/wp-content\/uploads\/2022\/03\/2-74-1-1.jpg","_links":{"self":[{"href":"https:\/\/radiorevelacionfm.cl\/index.php?rest_route=\/wp\/v2\/posts\/15232","targetHints":{"allow":["GET"]}}],"collection":[{"href":"https:\/\/radiorevelacionfm.cl\/index.php?rest_route=\/wp\/v2\/posts"}],"about":[{"href":"https:\/\/radiorevelacionfm.cl\/index.php?rest_route=\/wp\/v2\/types\/post"}],"author":[{"embeddable":true,"href":"https:\/\/radiorevelacionfm.cl\/index.php?rest_route=\/wp\/v2\/users\/1"}],"replies":[{"embeddable":true,"href":"https:\/\/radiorevelacionfm.cl\/index.php?rest_route=%2Fwp%2Fv2%2Fcomments&post=15232"}],"version-history":[{"count":3,"href":"https:\/\/radiorevelacionfm.cl\/index.php?rest_route=\/wp\/v2\/posts\/15232\/revisions"}],"predecessor-version":[{"id":15260,"href":"https:\/\/radiorevelacionfm.cl\/index.php?rest_route=\/wp\/v2\/posts\/15232\/revisions\/15260"}],"wp:featuredmedia":[{"embeddable":true,"href":"https:\/\/radiorevelacionfm.cl\/index.php?rest_route=\/wp\/v2\/media\/15233"}],"wp:attachment":[{"href":"https:\/\/radiorevelacionfm.cl\/index.php?rest_route=%2Fwp%2Fv2%2Fmedia&parent=15232"}],"wp:term":[{"taxonomy":"category","embeddable":true,"href":"https:\/\/radiorevelacionfm.cl\/index.php?rest_route=%2Fwp%2Fv2%2Fcategories&post=15232"},{"taxonomy":"post_tag","embeddable":true,"href":"https:\/\/radiorevelacionfm.cl\/index.php?rest_route=%2Fwp%2Fv2%2Ftags&post=15232"}],"curies":[{"name":"wp","href":"https:\/\/api.w.org\/{rel}","templated":true}]}}