{"id":15223,"date":"2022-03-30T17:51:41","date_gmt":"2022-03-30T20:51:41","guid":{"rendered":"https:\/\/radiorevelacionfm.cl\/?p=15223"},"modified":"2022-03-30T17:51:41","modified_gmt":"2022-03-30T20:51:41","slug":"diputado-calisto-acusa-abandono-por-parte-del-estado-a-la-localidad-de-balmaceda","status":"publish","type":"post","link":"https:\/\/radiorevelacionfm.cl\/?p=15223","title":{"rendered":"Diputado Calisto acusa abandono por parte del Estado a la localidad de Balmaceda"},"content":{"rendered":"<div class=\"flex_column av_one_full  flex_column_div av-zero-column-padding first  avia-builder-el-0  el_before_av_one_full  avia-builder-el-first  \" style='border-radius:0px; '><div  class='avia-image-container  av-styling-    avia-builder-el-1  avia-builder-el-no-sibling  avia-align-center '  itemprop=\"image\" itemscope=\"itemscope\" itemtype=\"https:\/\/schema.org\/ImageObject\"  ><div class='avia-image-container-inner'><div class='avia-image-overlay-wrap'><img decoding=\"async\" class='wp-image-15224 avia-img-lazy-loading-not-15224 avia_image' src=\"https:\/\/radiorevelacionfm.cl\/wp-content\/uploads\/2022\/03\/FOTO-REU-BALMACEDA-1-1.jpeg\" alt='' title='FOTO REU BALMACEDA (1) (1)' height=\"600\" width=\"800\"  itemprop=\"thumbnailUrl\" srcset=\"https:\/\/radiorevelacionfm.cl\/wp-content\/uploads\/2022\/03\/FOTO-REU-BALMACEDA-1-1.jpeg 800w, https:\/\/radiorevelacionfm.cl\/wp-content\/uploads\/2022\/03\/FOTO-REU-BALMACEDA-1-1-300x225.jpeg 300w, https:\/\/radiorevelacionfm.cl\/wp-content\/uploads\/2022\/03\/FOTO-REU-BALMACEDA-1-1-768x576.jpeg 768w, https:\/\/radiorevelacionfm.cl\/wp-content\/uploads\/2022\/03\/FOTO-REU-BALMACEDA-1-1-705x529.jpeg 705w, https:\/\/radiorevelacionfm.cl\/wp-content\/uploads\/2022\/03\/FOTO-REU-BALMACEDA-1-1-600x450.jpeg 600w\" sizes=\"(max-width: 800px) 100vw, 800px\" \/><\/div><\/div><\/div><\/div><div class=\"flex_column av_one_full  flex_column_div av-zero-column-padding first  avia-builder-el-2  el_after_av_one_full  el_before_av_one_full  column-top-margin\" style='border-radius:0px; '><section class=\"av_textblock_section \"  itemscope=\"itemscope\" itemtype=\"https:\/\/schema.org\/BlogPosting\" itemprop=\"blogPost\" ><div class='avia_textblock  '   itemprop=\"text\" ><p style=\"text-align: center;\"><span style=\"font-size: 18pt;\"><b><span lang=\"ES\">Diputado Calisto acusa abandono por parte del Estado a la localidad de Balmaceda<\/span><\/b><\/span><\/p>\n<div id=\"gtx-trans\" style=\"position: absolute; left: -50px; top: 4.31534px;\">\n<div class=\"gtx-trans-icon\"><\/div>\n<\/div>\n<\/div><\/section><\/div><div class=\"flex_column av_one_full  flex_column_div av-zero-column-padding first  avia-builder-el-4  el_after_av_one_full  el_before_av_hr  column-top-margin\" style='border-radius:0px; '><section class=\"av_textblock_section \"  itemscope=\"itemscope\" itemtype=\"https:\/\/schema.org\/BlogPosting\" itemprop=\"blogPost\" ><div class='avia_textblock  '   itemprop=\"text\" ><p style=\"font-weight: 400; text-align: justify;\">Consciente de la serie de necesidades que tienen los habitantes de Balmaceda, el diputado Miguel \u00c1ngel Calisto se traslad\u00f3 hasta la localidad para sostener una reuni\u00f3n con la junta devecinos y otras organizaciones del sector, quienes le plantearon una serie de problem\u00e1ticas que afectan a la comunidad.<\/p>\n<p style=\"font-weight: 400; text-align: justify;\">Seg\u00fan el legislador, \u201cnos reunimos con la junta de vecinos de Balmaceda y con representantes de las distintas organizaciones de las fuerzas vivas de la localidad. La verdad es que hay un abandono por parte de todas las instituciones del Estado. Balmaceda es muy importante porque es la puerta de entrada a la regi\u00f3n, todos ingresamos por ac\u00e1, turistas y residentes\u201d.<\/p>\n<p style=\"font-weight: 400; text-align: justify;\">\u201cAc\u00e1 no hay ambulancia, no est\u00e1n las condiciones para hacer deporte por el estado del gimnasio, no hay planificaci\u00f3n urbana, tomando en cuenta las nuevas poblaciones que se est\u00e1n construyendo. A esto hay que sumarle el lamentable estado de la posta, que no tiene los implementos necesarios para atender emergencias, algo muy raro tomando en cuenta que se trata de una localidad donde hay un aeropuerto\u201d, indic\u00f3.<\/p>\n<p style=\"font-weight: 400; text-align: justify;\">Calisto agreg\u00f3 que \u201ceste viernes nos reuniremos con el Director del Servicio de Salud, para plantearle la necesidad de tener una ambulancia, la necesidad de aumentar la dotaci\u00f3n de profesionales en la posta. Tambi\u00e9n es necesario hacer una reuni\u00f3n con todas las autoridades, tanto del gobierno regional, parlamentarios, alcalde y concejales, para buscar y desarrollar un plan integral que permita resolver los problemas que tiene esta comunidad\u201d.<\/p>\n<p style=\"font-weight: 400; text-align: justify;\">\u201cTambi\u00e9n hay requerimientos por parte de los adultos mayores, en relaci\u00f3n a las viviendas y el mejoramiento t\u00e9rmico. Hay una gran cantidad de problemas, y al haber una mayor cantidad de gente que se est\u00e1 viniendo a vivir a Balmaceda, hay que garantizar mayores servicios y m\u00e1s estado en el territorio\u201d, indic\u00f3.<\/p>\n<p style=\"font-weight: 400; text-align: justify;\">Por su parte, Ang\u00e9lica Cifuentes, la presidenta de la Junta de Vecinos, se\u00f1al\u00f3 que \u201cle agradecemos al diputado Calisto que nos haya escuchado, nuestras peticiones y necesidades. Hemos sufrido un abandono como comunidad. Nuestra localidad cumpli\u00f3 105 a\u00f1os y realmente estamos en un abandono total. Esperamos que podamos seguir sumando autoridades, porque necesitamos apoyo de todos\u201d.<\/p>\n<\/div><\/section><\/div><div  style='height:50px' class='hr hr-invisible   avia-builder-el-6  el_after_av_one_full  el_before_av_social_share '><span class='hr-inner ' ><span class='hr-inner-style'><\/span><\/span><\/div><\/p>\n<div  class='av-social-sharing-box  avia-builder-el-7  el_after_av_hr  el_before_av_hr  '><div class='av-share-box'><h5 class='av-share-link-description av-no-toc '>Compartir esta noticia<\/h5><ul class='av-share-box-list noLightbox'><li class='av-share-link av-social-link-facebook' ><a target=\"_blank\" aria-label=\"Compartir en Facebook\" href='https:\/\/www.facebook.com\/sharer.php?u=https:\/\/radiorevelacionfm.cl\/?p=15223&#038;t=Diputado%20Calisto%20acusa%20abandono%20por%20parte%20del%20Estado%20a%20la%20localidad%20de%20Balmaceda' aria-hidden='false' data-av_icon='\ue8f3' data-av_iconfont='entypo-fontello' title='' data-avia-related-tooltip='Compartir en Facebook' rel=\"noopener\"><span class='avia_hidden_link_text'>Compartir en Facebook<\/span><\/a><\/li><li class='av-share-link av-social-link-twitter' ><a target=\"_blank\" aria-label=\"Compartir en Twitter\" href='https:\/\/twitter.com\/share?text=Diputado%20Calisto%20acusa%20abandono%20por%20parte%20del%20Estado%20a%20la%20localidad%20de%20Balmaceda&#038;url=https:\/\/radiorevelacionfm.cl\/?p=15223' aria-hidden='false' data-av_icon='\ue8f1' data-av_iconfont='entypo-fontello' title='' data-avia-related-tooltip='Compartir en Twitter' rel=\"noopener\"><span class='avia_hidden_link_text'>Compartir en Twitter<\/span><\/a><\/li><li class='av-share-link av-social-link-whatsapp' ><a target=\"_blank\" aria-label=\"Compartir en Whatsapp\" href='https:\/\/api.whatsapp.com\/send?text=https:\/\/radiorevelacionfm.cl\/?p=15223' aria-hidden='false' data-av_icon='\uf232' data-av_iconfont='entypo-fontello' title='' data-avia-related-tooltip='Compartir en Whatsapp' rel=\"noopener\"><span class='avia_hidden_link_text'>Compartir en Whatsapp<\/span><\/a><\/li><li class='av-share-link av-social-link-linkedin' ><a target=\"_blank\" aria-label=\"Compartir en LinkedIn\" href='https:\/\/linkedin.com\/shareArticle?mini=true&#038;title=Diputado%20Calisto%20acusa%20abandono%20por%20parte%20del%20Estado%20a%20la%20localidad%20de%20Balmaceda&#038;url=https:\/\/radiorevelacionfm.cl\/?p=15223' aria-hidden='false' data-av_icon='\ue8fc' data-av_iconfont='entypo-fontello' title='' data-avia-related-tooltip='Compartir en LinkedIn' rel=\"noopener\"><span class='avia_hidden_link_text'>Compartir en LinkedIn<\/span><\/a><\/li><li class='av-share-link av-social-link-mail' ><a  aria-label=\"Compartir por correo\" href='mailto:?subject=Diputado%20Calisto%20acusa%20abandono%20por%20parte%20del%20Estado%20a%20la%20localidad%20de%20Balmaceda&#038;body=https:\/\/radiorevelacionfm.cl\/?p=15223' aria-hidden='false' data-av_icon='\ue805' data-av_iconfont='entypo-fontello' title='' data-avia-related-tooltip='Compartir por correo'><span class='avia_hidden_link_text'>Compartir por correo<\/span><\/a><\/li><\/ul><\/div><\/div>\n<div  style='height:50px' class='hr hr-invisible   avia-builder-el-8  el_after_av_social_share  el_before_av_comments_list '><span class='hr-inner ' ><span class='hr-inner-style'><\/span><\/span><\/div>\n<div  class='av-buildercomment  av-blog-meta-html-info-disabled av-blog-meta-tag-disabled  '><\/div>\n","protected":false},"excerpt":{"rendered":"","protected":false},"author":1,"featured_media":15224,"comment_status":"open","ping_status":"open","sticky":false,"template":"","format":"standard","meta":{"footnotes":""},"categories":[35],"tags":[],"class_list":["post-15223","post","type-post","status-publish","format-standard","has-post-thumbnail","hentry","category-politica"],"jetpack_featured_media_url":"https:\/\/radiorevelacionfm.cl\/wp-content\/uploads\/2022\/03\/FOTO-REU-BALMACEDA-1-1.jpeg","_links":{"self":[{"href":"https:\/\/radiorevelacionfm.cl\/index.php?rest_route=\/wp\/v2\/posts\/15223","targetHints":{"allow":["GET"]}}],"collection":[{"href":"https:\/\/radiorevelacionfm.cl\/index.php?rest_route=\/wp\/v2\/posts"}],"about":[{"href":"https:\/\/radiorevelacionfm.cl\/index.php?rest_route=\/wp\/v2\/types\/post"}],"author":[{"embeddable":true,"href":"https:\/\/radiorevelacionfm.cl\/index.php?rest_route=\/wp\/v2\/users\/1"}],"replies":[{"embeddable":true,"href":"https:\/\/radiorevelacionfm.cl\/index.php?rest_route=%2Fwp%2Fv2%2Fcomments&post=15223"}],"version-history":[{"count":2,"href":"https:\/\/radiorevelacionfm.cl\/index.php?rest_route=\/wp\/v2\/posts\/15223\/revisions"}],"predecessor-version":[{"id":15231,"href":"https:\/\/radiorevelacionfm.cl\/index.php?rest_route=\/wp\/v2\/posts\/15223\/revisions\/15231"}],"wp:featuredmedia":[{"embeddable":true,"href":"https:\/\/radiorevelacionfm.cl\/index.php?rest_route=\/wp\/v2\/media\/15224"}],"wp:attachment":[{"href":"https:\/\/radiorevelacionfm.cl\/index.php?rest_route=%2Fwp%2Fv2%2Fmedia&parent=15223"}],"wp:term":[{"taxonomy":"category","embeddable":true,"href":"https:\/\/radiorevelacionfm.cl\/index.php?rest_route=%2Fwp%2Fv2%2Fcategories&post=15223"},{"taxonomy":"post_tag","embeddable":true,"href":"https:\/\/radiorevelacionfm.cl\/index.php?rest_route=%2Fwp%2Fv2%2Ftags&post=15223"}],"curies":[{"name":"wp","href":"https:\/\/api.w.org\/{rel}","templated":true}]}}