{"id":15216,"date":"2022-03-31T09:23:02","date_gmt":"2022-03-31T12:23:02","guid":{"rendered":"https:\/\/radiorevelacionfm.cl\/?p=15216"},"modified":"2022-03-31T09:23:02","modified_gmt":"2022-03-31T12:23:02","slug":"ministerio-del-trabajo-anuncia-mesa-tecnica-para-avanzar-en-proyecto-de-ley-de-reduccion-de-jornada-a-40-horas","status":"publish","type":"post","link":"https:\/\/radiorevelacionfm.cl\/?p=15216","title":{"rendered":"Ministerio del Trabajo anuncia mesa t\u00e9cnica para avanzar en proyecto de ley de reducci\u00f3n de jornada a 40 horas"},"content":{"rendered":"<div class=\"flex_column av_one_full  flex_column_div av-zero-column-padding first  avia-builder-el-0  el_before_av_one_full  avia-builder-el-first  \" style='border-radius:0px; '><div  class='avia-image-container  av-styling-    avia-builder-el-1  avia-builder-el-no-sibling  avia-align-center '  itemprop=\"image\" itemscope=\"itemscope\" itemtype=\"https:\/\/schema.org\/ImageObject\"  ><div class='avia-image-container-inner'><div class='avia-image-overlay-wrap'><img decoding=\"async\" class='wp-image-15217 avia-img-lazy-loading-not-15217 avia_image' src=\"https:\/\/radiorevelacionfm.cl\/wp-content\/uploads\/2022\/03\/MINISTRA-40-HORAS-2-1-1.jpg\" alt='' title='MINISTRA 40 HORAS 2 (1) (1)' height=\"600\" width=\"900\"  itemprop=\"thumbnailUrl\" srcset=\"https:\/\/radiorevelacionfm.cl\/wp-content\/uploads\/2022\/03\/MINISTRA-40-HORAS-2-1-1.jpg 900w, https:\/\/radiorevelacionfm.cl\/wp-content\/uploads\/2022\/03\/MINISTRA-40-HORAS-2-1-1-300x200.jpg 300w, https:\/\/radiorevelacionfm.cl\/wp-content\/uploads\/2022\/03\/MINISTRA-40-HORAS-2-1-1-768x512.jpg 768w, https:\/\/radiorevelacionfm.cl\/wp-content\/uploads\/2022\/03\/MINISTRA-40-HORAS-2-1-1-705x470.jpg 705w, https:\/\/radiorevelacionfm.cl\/wp-content\/uploads\/2022\/03\/MINISTRA-40-HORAS-2-1-1-600x400.jpg 600w\" sizes=\"(max-width: 900px) 100vw, 900px\" \/><\/div><\/div><\/div><\/div><div class=\"flex_column av_one_full  flex_column_div av-zero-column-padding first  avia-builder-el-2  el_after_av_one_full  el_before_av_one_full  column-top-margin\" style='border-radius:0px; '><section class=\"av_textblock_section \"  itemscope=\"itemscope\" itemtype=\"https:\/\/schema.org\/BlogPosting\" itemprop=\"blogPost\" ><div class='avia_textblock  '   itemprop=\"text\" ><p style=\"text-align: center;\"><span style=\"font-size: 18pt;\"><b><span lang=\"ES-TRAD\">Ministerio del Trabajo anuncia mesa t\u00e9cnica para avanzar en proyecto de ley de reducci\u00f3n de jornada a 40 horas<\/span><\/b><\/span><\/p>\n<div id=\"gtx-trans\" style=\"position: absolute; left: -50px; top: 4.31534px;\">\n<div class=\"gtx-trans-icon\"><\/div>\n<\/div>\n<\/div><\/section><\/div><div class=\"flex_column av_one_full  flex_column_div av-zero-column-padding first  avia-builder-el-4  el_after_av_one_full  el_before_av_hr  column-top-margin\" style='border-radius:0px; '><section class=\"av_textblock_section \"  itemscope=\"itemscope\" itemtype=\"https:\/\/schema.org\/BlogPosting\" itemprop=\"blogPost\" ><div class='avia_textblock  '   itemprop=\"text\" ><p class=\"v1MsoNormal\" style=\"text-align: justify;\"><span lang=\"ES\">La ministra del Trabajo y Previsi\u00f3n Social, Jeannette Jara, anunci\u00f3 la creaci\u00f3n de una mesa t\u00e9cnica para avanzar en el proyecto de ley que reduce la jornada laboral de 45 a 40 horas a la semana. Esto, tras una reuni\u00f3n en la que participaron el subsecretario del Trabajo, Giorgio Boccardo, las diputadas Karol Kariola y Daniela Serrano y la Coordinadora por las 40 horas.<\/span><\/p>\n<p class=\"v1MsoNormal\" style=\"text-align: justify;\"><span lang=\"ES\">\u00a0<\/span>\u00abQueremos anunciar que vamos a constituir una mesa t\u00e9cnica de trabajo, a la cual vamos a invitar a participar a las y los trabajadores del pa\u00eds, as\u00ed como tambi\u00e9n a las peque\u00f1as y medianas empresas, con las cuales esperamos reunirnos en los pr\u00f3ximos d\u00edas para hacer el trabajo prelegislativo que nos permita, cuando presentemos nuevamente indicaciones a la moci\u00f3n parlamentaria que levantaron las diputadas Karol Cariola y la actual ministra y ex diputada Camila Vallejo, nos permitan legislar este proyecto y hacerlo realidad\u00bb, dijo la secretaria de Estado.<\/p>\n<p class=\"v1MsoNormal\" style=\"text-align: justify;\"><span lang=\"ES\">\u00abEstamos seguros de que la reducci\u00f3n de la jornada a 40 horas nos va a permitir avanzar en calidad de vida, en un mejor vivir para las familias. Nuestro compromiso es fortalecer el trabajo decente en nuestro pa\u00eds, dando cuenta de algo que en muchas empresas y en muchos pa\u00edses ya es realidad\u00bb, complement\u00f3.<\/span><\/p>\n<p class=\"v1MsoNormal\" style=\"text-align: justify;\"><span lang=\"ES\">Esta medida, que est\u00e1 dentro de las prioridades del Gobierno del Presidente Gabriel Boric, se realizar\u00e1 con \u00abgradualidad, con responsabilidad y tambi\u00e9n con una profunda legitimidad social, para poder hacer realidad un anhelo, una esperanza que tenemos como pueblo de Chile y de las y los trabajadores en el pa\u00eds. Humanizar el trabajo es una tarea necesaria\u00bb, dijo la Ministra Jara.<\/span><\/p>\n<p class=\"v1MsoNormal\" style=\"text-align: justify;\"><span lang=\"ES\">Seg\u00fan inform\u00f3 la secretaria de Estado, la mesa t\u00e9cnica estar\u00e1 constituida por el Gobierno, representantes de los trabajadores y de las peque\u00f1as y medianas empresas. \u00abEl objetivo es hacer un trabajo prelegislativo, para cuando presentemos indicaciones a la moci\u00f3n parlamentaria, nos permitan poder legislar y hacer realidad este proyecto\u00bb, asever\u00f3.<\/span><\/p>\n<p class=\"v1MsoNormal\" style=\"text-align: justify;\"><span lang=\"ES\">La diputada Cariola record\u00f3 que la moci\u00f3n fue presentada hace cuatro a\u00f1os y que hoy se encuentra en la Comisi\u00f3n de Trabajo del Senado. \u00abEsta es una de las demandas m\u00e1s sentidas de las y los trabajadores, precisamente en la b\u00fasqueda de mejorar su calidad de vida. Nos parece tan emocionante poder estar con una Ministra que asume un compromiso de avanzar con esta iniciativa cuando hace algunos a\u00f1os ve\u00edamos a un ministro que lo que hac\u00eda era dilatar la discusi\u00f3n en la C\u00e1mara de Diputadas y Diputados. Este es un paso fundamental para su tramitaci\u00f3n\u00bb, relev\u00f3.<\/span><\/p>\n<p class=\"v1MsoNormal\" style=\"text-align: justify;\"><span lang=\"ES\">La diputada Serrano indic\u00f3 que \u00abreafirmamos el compromiso que tenemos con el Programa de Gobierno, pero tambi\u00e9n con quienes hoy est\u00e1n muy expectantes y tienen esperanza en lo que podamos hacer en el Congreso\u00bb.<\/span><\/p>\n<p class=\"v1MsoNormal\" style=\"text-align: justify;\"><span lang=\"ES\">\u00abAgradecemos a la ministra (Jara) y al subsecretario (Boccardo) el seguir con esta demanda social, con esta deuda hist\u00f3rica que tiene el Estado de Chile con los trabajadores y las trabajadoras, que lamentablemente hemos sido siempre precarizados. Efectivamente, las 40 horas son una necesidad para humanizar el empleo, para tener un trabajo decente y vamos a seguir luchando por eso\u00bb, afirm\u00f3 la representante de la Coordinadora por las 40 horas, Nicole Cossio.<\/span><\/p>\n<p class=\"v1MsoNormal\" style=\"text-align: justify;\"><b><u><span lang=\"ES\">Informe de Empleo<\/span><\/u><\/b><\/p>\n<p class=\"v1MsoNormal\" style=\"text-align: justify;\"><span lang=\"ES\">Consultado por la tasa de desempleo de 7,5 que inform\u00f3 esta jornada el Instituto Nacional de Estad\u00edsticas (INE) para el trimestre diciembre m\u00f3vil diciembre de 2021 a febrero de 2022, el subsecretario Giorgio Boccardo se\u00f1al\u00f3 que \u00abestas cifras nos ratifican que hay que poner \u00e9nfasis en recuperaci\u00f3n del empleo femenino y formal\u00bb.<\/span><\/p>\n<p class=\"v1MsoNormal\" style=\"text-align: justify;\"><span lang=\"ES\">En los pr\u00f3ximos d\u00edas, a\u00f1adi\u00f3, el Gobierno anunciar\u00e1 el Plan de Recuperaci\u00f3n Econ\u00f3mica Inclusiva para \u00abjustamente enfocar esas medidas en este grupo que nos parece prioritario, que son las mujeres, que necesitamos que se incorporen al mercado laboral, pero con empleo formal\u00bb.<\/span><\/p>\n<\/div><\/section><\/div><div  style='height:50px' class='hr hr-invisible   avia-builder-el-6  el_after_av_one_full  el_before_av_social_share '><span class='hr-inner ' ><span class='hr-inner-style'><\/span><\/span><\/div><\/p>\n<div  class='av-social-sharing-box  avia-builder-el-7  el_after_av_hr  el_before_av_hr  '><div class='av-share-box'><h5 class='av-share-link-description av-no-toc '>Compartir esta noticia<\/h5><ul class='av-share-box-list noLightbox'><li class='av-share-link av-social-link-facebook' ><a target=\"_blank\" aria-label=\"Compartir en Facebook\" href='https:\/\/www.facebook.com\/sharer.php?u=https:\/\/radiorevelacionfm.cl\/?p=15216&#038;t=Ministerio%20del%20Trabajo%20anuncia%20mesa%20t%C3%A9cnica%20para%20avanzar%20en%20proyecto%20de%20ley%20de%20reducci%C3%B3n%20de%20jornada%20a%2040%20horas' aria-hidden='false' data-av_icon='\ue8f3' data-av_iconfont='entypo-fontello' title='' data-avia-related-tooltip='Compartir en Facebook' rel=\"noopener\"><span class='avia_hidden_link_text'>Compartir en Facebook<\/span><\/a><\/li><li class='av-share-link av-social-link-twitter' ><a target=\"_blank\" aria-label=\"Compartir en Twitter\" href='https:\/\/twitter.com\/share?text=Ministerio%20del%20Trabajo%20anuncia%20mesa%20t%C3%A9cnica%20para%20avanzar%20en%20proyecto%20de%20ley%20de%20reducci%C3%B3n%20de%20jornada%20a%2040%20horas&#038;url=https:\/\/radiorevelacionfm.cl\/?p=15216' aria-hidden='false' data-av_icon='\ue8f1' data-av_iconfont='entypo-fontello' title='' data-avia-related-tooltip='Compartir en Twitter' rel=\"noopener\"><span class='avia_hidden_link_text'>Compartir en Twitter<\/span><\/a><\/li><li class='av-share-link av-social-link-whatsapp' ><a target=\"_blank\" aria-label=\"Compartir en Whatsapp\" href='https:\/\/api.whatsapp.com\/send?text=https:\/\/radiorevelacionfm.cl\/?p=15216' aria-hidden='false' data-av_icon='\uf232' data-av_iconfont='entypo-fontello' title='' data-avia-related-tooltip='Compartir en Whatsapp' rel=\"noopener\"><span class='avia_hidden_link_text'>Compartir en Whatsapp<\/span><\/a><\/li><li class='av-share-link av-social-link-linkedin' ><a target=\"_blank\" aria-label=\"Compartir en LinkedIn\" href='https:\/\/linkedin.com\/shareArticle?mini=true&#038;title=Ministerio%20del%20Trabajo%20anuncia%20mesa%20t%C3%A9cnica%20para%20avanzar%20en%20proyecto%20de%20ley%20de%20reducci%C3%B3n%20de%20jornada%20a%2040%20horas&#038;url=https:\/\/radiorevelacionfm.cl\/?p=15216' aria-hidden='false' data-av_icon='\ue8fc' data-av_iconfont='entypo-fontello' title='' data-avia-related-tooltip='Compartir en LinkedIn' rel=\"noopener\"><span class='avia_hidden_link_text'>Compartir en LinkedIn<\/span><\/a><\/li><li class='av-share-link av-social-link-mail' ><a  aria-label=\"Compartir por correo\" href='mailto:?subject=Ministerio%20del%20Trabajo%20anuncia%20mesa%20t%C3%A9cnica%20para%20avanzar%20en%20proyecto%20de%20ley%20de%20reducci%C3%B3n%20de%20jornada%20a%2040%20horas&#038;body=https:\/\/radiorevelacionfm.cl\/?p=15216' aria-hidden='false' data-av_icon='\ue805' data-av_iconfont='entypo-fontello' title='' data-avia-related-tooltip='Compartir por correo'><span class='avia_hidden_link_text'>Compartir por correo<\/span><\/a><\/li><\/ul><\/div><\/div>\n<div  style='height:50px' class='hr hr-invisible   avia-builder-el-8  el_after_av_social_share  el_before_av_comments_list '><span class='hr-inner ' ><span class='hr-inner-style'><\/span><\/span><\/div>\n<div  class='av-buildercomment  av-blog-meta-html-info-disabled av-blog-meta-tag-disabled  '><\/div>\n","protected":false},"excerpt":{"rendered":"","protected":false},"author":1,"featured_media":15217,"comment_status":"open","ping_status":"open","sticky":false,"template":"","format":"standard","meta":{"footnotes":""},"categories":[56],"tags":[],"class_list":["post-15216","post","type-post","status-publish","format-standard","has-post-thumbnail","hentry","category-trabajo"],"jetpack_featured_media_url":"https:\/\/radiorevelacionfm.cl\/wp-content\/uploads\/2022\/03\/MINISTRA-40-HORAS-2-1-1.jpg","_links":{"self":[{"href":"https:\/\/radiorevelacionfm.cl\/index.php?rest_route=\/wp\/v2\/posts\/15216","targetHints":{"allow":["GET"]}}],"collection":[{"href":"https:\/\/radiorevelacionfm.cl\/index.php?rest_route=\/wp\/v2\/posts"}],"about":[{"href":"https:\/\/radiorevelacionfm.cl\/index.php?rest_route=\/wp\/v2\/types\/post"}],"author":[{"embeddable":true,"href":"https:\/\/radiorevelacionfm.cl\/index.php?rest_route=\/wp\/v2\/users\/1"}],"replies":[{"embeddable":true,"href":"https:\/\/radiorevelacionfm.cl\/index.php?rest_route=%2Fwp%2Fv2%2Fcomments&post=15216"}],"version-history":[{"count":2,"href":"https:\/\/radiorevelacionfm.cl\/index.php?rest_route=\/wp\/v2\/posts\/15216\/revisions"}],"predecessor-version":[{"id":15259,"href":"https:\/\/radiorevelacionfm.cl\/index.php?rest_route=\/wp\/v2\/posts\/15216\/revisions\/15259"}],"wp:featuredmedia":[{"embeddable":true,"href":"https:\/\/radiorevelacionfm.cl\/index.php?rest_route=\/wp\/v2\/media\/15217"}],"wp:attachment":[{"href":"https:\/\/radiorevelacionfm.cl\/index.php?rest_route=%2Fwp%2Fv2%2Fmedia&parent=15216"}],"wp:term":[{"taxonomy":"category","embeddable":true,"href":"https:\/\/radiorevelacionfm.cl\/index.php?rest_route=%2Fwp%2Fv2%2Fcategories&post=15216"},{"taxonomy":"post_tag","embeddable":true,"href":"https:\/\/radiorevelacionfm.cl\/index.php?rest_route=%2Fwp%2Fv2%2Ftags&post=15216"}],"curies":[{"name":"wp","href":"https:\/\/api.w.org\/{rel}","templated":true}]}}