{"id":15204,"date":"2022-03-30T15:27:07","date_gmt":"2022-03-30T18:27:07","guid":{"rendered":"https:\/\/radiorevelacionfm.cl\/?p=15204"},"modified":"2022-03-30T15:27:07","modified_gmt":"2022-03-30T18:27:07","slug":"concejal-de-chile-chico-llama-a-ente-fiscalizador-vigilar-correcto-abastecimiento-para-alimentacion-escolar","status":"publish","type":"post","link":"https:\/\/radiorevelacionfm.cl\/?p=15204","title":{"rendered":"Concejal de Chile Chico llama a ente fiscalizador vigilar correcto abastecimiento para alimentaci\u00f3n escolar"},"content":{"rendered":"<div class=\"flex_column av_one_full  flex_column_div av-zero-column-padding first  avia-builder-el-0  el_before_av_one_full  avia-builder-el-first  \" style='border-radius:0px; '><div  class='avia-image-container  av-styling-    avia-builder-el-1  avia-builder-el-no-sibling  avia-align-center '  itemprop=\"image\" itemscope=\"itemscope\" itemtype=\"https:\/\/schema.org\/ImageObject\"  ><div class='avia-image-container-inner'><div class='avia-image-overlay-wrap'><img decoding=\"async\" class='wp-image-15206 avia-img-lazy-loading-not-15206 avia_image' src=\"https:\/\/radiorevelacionfm.cl\/wp-content\/uploads\/2022\/03\/mario-f-2-1_optimized.jpg\" alt='' title='mario-f-2-(1)_optimized' height=\"600\" width=\"900\"  itemprop=\"thumbnailUrl\" srcset=\"https:\/\/radiorevelacionfm.cl\/wp-content\/uploads\/2022\/03\/mario-f-2-1_optimized.jpg 900w, https:\/\/radiorevelacionfm.cl\/wp-content\/uploads\/2022\/03\/mario-f-2-1_optimized-300x200.jpg 300w, https:\/\/radiorevelacionfm.cl\/wp-content\/uploads\/2022\/03\/mario-f-2-1_optimized-768x512.jpg 768w, https:\/\/radiorevelacionfm.cl\/wp-content\/uploads\/2022\/03\/mario-f-2-1_optimized-705x470.jpg 705w, https:\/\/radiorevelacionfm.cl\/wp-content\/uploads\/2022\/03\/mario-f-2-1_optimized-600x400.jpg 600w\" sizes=\"(max-width: 900px) 100vw, 900px\" \/><\/div><\/div><\/div><\/div><div class=\"flex_column av_one_full  flex_column_div av-zero-column-padding first  avia-builder-el-2  el_after_av_one_full  el_before_av_one_full  column-top-margin\" style='border-radius:0px; '><section class=\"av_textblock_section \"  itemscope=\"itemscope\" itemtype=\"https:\/\/schema.org\/BlogPosting\" itemprop=\"blogPost\" ><div class='avia_textblock  '   itemprop=\"text\" ><p style=\"text-align: center;\"><strong><span style=\"font-size: 18pt;\">Concejal de Chile Chico llama a ente fiscalizador vigilar correcto abastecimiento para alimentaci\u00f3n escolar<\/span><\/strong><\/p>\n<div id=\"gtx-trans\" style=\"position: absolute; left: -50px; top: 4.31534px;\">\n<div class=\"gtx-trans-icon\"><\/div>\n<\/div>\n<\/div><\/section><\/div><div class=\"flex_column av_one_full  flex_column_div av-zero-column-padding first  avia-builder-el-4  el_after_av_one_full  el_before_av_hr  column-top-margin\" style='border-radius:0px; '><section class=\"av_textblock_section \"  itemscope=\"itemscope\" itemtype=\"https:\/\/schema.org\/BlogPosting\" itemprop=\"blogPost\" ><div class='avia_textblock  '   itemprop=\"text\" ><p style=\"text-align: justify;\">Serios cuestionamientos han tenido las empresas a cargo de la alimentaci\u00f3n en los colegios de nuestro pa\u00eds, particularmente en la regi\u00f3n esto ha significado incluso una reciente paralizaci\u00f3n de actividades por parte de las manipuladoras de alimentos, quienes empatizaron con los ni\u00f1os y ni\u00f1as, ante la falta de abastecimiento.<\/p>\n<p style=\"text-align: justify;\">A ra\u00edz de esa manifestaci\u00f3n de \u201cbrazos ca\u00eddos\u201d, se conocieron una serie de problemas en la llegada de los productos a las cocinas de las escuelas de todo el territorio aysenino. Lo m\u00e1s reciente fue lo sucedido en Puerto Guadal, donde a ra\u00edz de la ausencia de algunos productos, se opt\u00f3 por entregar una colaci\u00f3n fr\u00eda a los y las estudiantes.<\/p>\n<p style=\"text-align: justify;\">El Concejal de la comuna de Chile Chico, Mario Figueroa, fue claro en se\u00f1alar que, aqu\u00ed existe una empresa que se adjudic\u00f3 una millonaria licitaci\u00f3n y por lo tanto \u201cdebe cumplir\u201d.<\/p>\n<p style=\"text-align: justify;\">\u201cNos tiene muy preocupados este tema relacionado a la empresa que est\u00e1 a cargo de la distribuci\u00f3n y del abastecimiento de la alimentaci\u00f3n en las escuelas de nuestra comuna. Recordar lo ocurrido hace algunos d\u00edas atr\u00e1s con las manipuladoras, quienes tuvieron una manifestaci\u00f3n de brazos ca\u00eddos, debido a que no contaban con todos los alimentos para preparar las minutas que son supervisadas, adem\u00e1s, por personal calificado. Es inaceptable que no llegue de manera oportuna, que en ocasiones la fruta y la verdura llegue en mal estado, lo cual es preocupante. Aqu\u00ed hay una empresa que se adjudica una licitaci\u00f3n millonaria y que debe cumplir\u201d.<\/p>\n<p style=\"text-align: justify;\">Ante los problemas que se han presentado en los \u00faltimos d\u00edas, el Concejal Mario Figueroa, dijo que, solicitar\u00e1 al Concejo Municipal de Chile Chico, oficiar al ente fiscalizador que es la JUNAEB, con el fin de que este tipo de situaciones sean supervisadas y por el bien de los ni\u00f1os y ni\u00f1as, no vuelva a suceder.<\/p>\n<p style=\"text-align: justify;\">\u201cEstamos hablando de algo sensible, que es la alimentaci\u00f3n de nuestros hijos e hijas en edad escolar, por lo tanto, voy a solicitar un acuerdo de Concejo para que se oficie a la entidad fiscalizadora, que es la JUNAEB y a los entes que corresponda, a fin de que esto, llegue de manera oportuna. Estamos hablando de la alimentaci\u00f3n de nuestros hijos e hijas, insisto, en un tema sensible del cual nos tenemos que hacer cargo tambi\u00e9n quienes cumplimos un rol fiscalizador. Invito tambi\u00e9n al resto de mis pares Concejales de otras comunas, que hagan este acuerdo, que oficien a la JUNAEB y a los entes que corresponda, a fin de fiscalizar de buena forma a la empresa que abastece el alimento a los colegios de la regi\u00f3n\u201d.<\/p>\n<p style=\"text-align: justify;\">El Concejal de la comuna de Chile Chico, Mario Figueroa Mayorga, reiter\u00f3 que es necesario que las fiscalizaciones sean m\u00e1s rigurosas y que las empresas cumplan con la entregar los alimentos en los tiempos que corresponde.<\/p>\n<\/div><\/section><\/div><div  style='height:50px' class='hr hr-invisible   avia-builder-el-6  el_after_av_one_full  el_before_av_social_share '><span class='hr-inner ' ><span class='hr-inner-style'><\/span><\/span><\/div><\/p>\n<div  class='av-social-sharing-box  avia-builder-el-7  el_after_av_hr  el_before_av_hr  '><div class='av-share-box'><h5 class='av-share-link-description av-no-toc '>Compartir esta noticia<\/h5><ul class='av-share-box-list noLightbox'><li class='av-share-link av-social-link-facebook' ><a target=\"_blank\" aria-label=\"Compartir en Facebook\" href='https:\/\/www.facebook.com\/sharer.php?u=https:\/\/radiorevelacionfm.cl\/?p=15204&#038;t=Concejal%20de%20Chile%20Chico%20llama%20a%20ente%20fiscalizador%20vigilar%20correcto%20abastecimiento%20para%20alimentaci%C3%B3n%20escolar' aria-hidden='false' data-av_icon='\ue8f3' data-av_iconfont='entypo-fontello' title='' data-avia-related-tooltip='Compartir en Facebook' rel=\"noopener\"><span class='avia_hidden_link_text'>Compartir en Facebook<\/span><\/a><\/li><li class='av-share-link av-social-link-twitter' ><a target=\"_blank\" aria-label=\"Compartir en Twitter\" href='https:\/\/twitter.com\/share?text=Concejal%20de%20Chile%20Chico%20llama%20a%20ente%20fiscalizador%20vigilar%20correcto%20abastecimiento%20para%20alimentaci%C3%B3n%20escolar&#038;url=https:\/\/radiorevelacionfm.cl\/?p=15204' aria-hidden='false' data-av_icon='\ue8f1' data-av_iconfont='entypo-fontello' title='' data-avia-related-tooltip='Compartir en Twitter' rel=\"noopener\"><span class='avia_hidden_link_text'>Compartir en Twitter<\/span><\/a><\/li><li class='av-share-link av-social-link-whatsapp' ><a target=\"_blank\" aria-label=\"Compartir en Whatsapp\" href='https:\/\/api.whatsapp.com\/send?text=https:\/\/radiorevelacionfm.cl\/?p=15204' aria-hidden='false' data-av_icon='\uf232' data-av_iconfont='entypo-fontello' title='' data-avia-related-tooltip='Compartir en Whatsapp' rel=\"noopener\"><span class='avia_hidden_link_text'>Compartir en Whatsapp<\/span><\/a><\/li><li class='av-share-link av-social-link-linkedin' ><a target=\"_blank\" aria-label=\"Compartir en LinkedIn\" href='https:\/\/linkedin.com\/shareArticle?mini=true&#038;title=Concejal%20de%20Chile%20Chico%20llama%20a%20ente%20fiscalizador%20vigilar%20correcto%20abastecimiento%20para%20alimentaci%C3%B3n%20escolar&#038;url=https:\/\/radiorevelacionfm.cl\/?p=15204' aria-hidden='false' data-av_icon='\ue8fc' data-av_iconfont='entypo-fontello' title='' data-avia-related-tooltip='Compartir en LinkedIn' rel=\"noopener\"><span class='avia_hidden_link_text'>Compartir en LinkedIn<\/span><\/a><\/li><li class='av-share-link av-social-link-mail' ><a  aria-label=\"Compartir por correo\" href='mailto:?subject=Concejal%20de%20Chile%20Chico%20llama%20a%20ente%20fiscalizador%20vigilar%20correcto%20abastecimiento%20para%20alimentaci%C3%B3n%20escolar&#038;body=https:\/\/radiorevelacionfm.cl\/?p=15204' aria-hidden='false' data-av_icon='\ue805' data-av_iconfont='entypo-fontello' title='' data-avia-related-tooltip='Compartir por correo'><span class='avia_hidden_link_text'>Compartir por correo<\/span><\/a><\/li><\/ul><\/div><\/div>\n<div  style='height:50px' class='hr hr-invisible   avia-builder-el-8  el_after_av_social_share  el_before_av_comments_list '><span class='hr-inner ' ><span class='hr-inner-style'><\/span><\/span><\/div>\n<div  class='av-buildercomment  av-blog-meta-html-info-disabled av-blog-meta-tag-disabled  '><\/div>\n","protected":false},"excerpt":{"rendered":"","protected":false},"author":1,"featured_media":15206,"comment_status":"open","ping_status":"open","sticky":false,"template":"","format":"standard","meta":{"footnotes":""},"categories":[38],"tags":[],"class_list":["post-15204","post","type-post","status-publish","format-standard","has-post-thumbnail","hentry","category-regional"],"jetpack_featured_media_url":"https:\/\/radiorevelacionfm.cl\/wp-content\/uploads\/2022\/03\/mario-f-2-1_optimized.jpg","_links":{"self":[{"href":"https:\/\/radiorevelacionfm.cl\/index.php?rest_route=\/wp\/v2\/posts\/15204","targetHints":{"allow":["GET"]}}],"collection":[{"href":"https:\/\/radiorevelacionfm.cl\/index.php?rest_route=\/wp\/v2\/posts"}],"about":[{"href":"https:\/\/radiorevelacionfm.cl\/index.php?rest_route=\/wp\/v2\/types\/post"}],"author":[{"embeddable":true,"href":"https:\/\/radiorevelacionfm.cl\/index.php?rest_route=\/wp\/v2\/users\/1"}],"replies":[{"embeddable":true,"href":"https:\/\/radiorevelacionfm.cl\/index.php?rest_route=%2Fwp%2Fv2%2Fcomments&post=15204"}],"version-history":[{"count":2,"href":"https:\/\/radiorevelacionfm.cl\/index.php?rest_route=\/wp\/v2\/posts\/15204\/revisions"}],"predecessor-version":[{"id":15208,"href":"https:\/\/radiorevelacionfm.cl\/index.php?rest_route=\/wp\/v2\/posts\/15204\/revisions\/15208"}],"wp:featuredmedia":[{"embeddable":true,"href":"https:\/\/radiorevelacionfm.cl\/index.php?rest_route=\/wp\/v2\/media\/15206"}],"wp:attachment":[{"href":"https:\/\/radiorevelacionfm.cl\/index.php?rest_route=%2Fwp%2Fv2%2Fmedia&parent=15204"}],"wp:term":[{"taxonomy":"category","embeddable":true,"href":"https:\/\/radiorevelacionfm.cl\/index.php?rest_route=%2Fwp%2Fv2%2Fcategories&post=15204"},{"taxonomy":"post_tag","embeddable":true,"href":"https:\/\/radiorevelacionfm.cl\/index.php?rest_route=%2Fwp%2Fv2%2Ftags&post=15204"}],"curies":[{"name":"wp","href":"https:\/\/api.w.org\/{rel}","templated":true}]}}