{"id":15196,"date":"2022-03-30T10:56:49","date_gmt":"2022-03-30T13:56:49","guid":{"rendered":"https:\/\/radiorevelacionfm.cl\/?p=15196"},"modified":"2022-03-30T10:56:49","modified_gmt":"2022-03-30T13:56:49","slug":"nuevo-consejo-regional-visita-avances-de-la-instalacion-del-resonador-magnetico","status":"publish","type":"post","link":"https:\/\/radiorevelacionfm.cl\/?p=15196","title":{"rendered":"Nuevo Consejo Regional visita avances de la instalaci\u00f3n del Resonador Magn\u00e9tico"},"content":{"rendered":"<div class=\"flex_column av_one_full  flex_column_div av-zero-column-padding first  avia-builder-el-0  el_before_av_one_full  avia-builder-el-first  \" style='border-radius:0px; '><div  class='avia-image-container  av-styling-    avia-builder-el-1  avia-builder-el-no-sibling  avia-align-center '  itemprop=\"image\" itemscope=\"itemscope\" itemtype=\"https:\/\/schema.org\/ImageObject\"  ><div class='avia-image-container-inner'><div class='avia-image-overlay-wrap'><img decoding=\"async\" class='wp-image-15197 avia-img-lazy-loading-not-15197 avia_image' src=\"https:\/\/radiorevelacionfm.cl\/wp-content\/uploads\/2022\/03\/Foto2-2-1-1.jpeg\" alt='' title='Foto2 (2) (1) (1)' height=\"600\" width=\"900\"  itemprop=\"thumbnailUrl\" srcset=\"https:\/\/radiorevelacionfm.cl\/wp-content\/uploads\/2022\/03\/Foto2-2-1-1.jpeg 900w, https:\/\/radiorevelacionfm.cl\/wp-content\/uploads\/2022\/03\/Foto2-2-1-1-300x200.jpeg 300w, https:\/\/radiorevelacionfm.cl\/wp-content\/uploads\/2022\/03\/Foto2-2-1-1-768x512.jpeg 768w, https:\/\/radiorevelacionfm.cl\/wp-content\/uploads\/2022\/03\/Foto2-2-1-1-705x470.jpeg 705w, https:\/\/radiorevelacionfm.cl\/wp-content\/uploads\/2022\/03\/Foto2-2-1-1-600x400.jpeg 600w\" sizes=\"(max-width: 900px) 100vw, 900px\" \/><\/div><\/div><\/div><\/div><div class=\"flex_column av_one_full  flex_column_div av-zero-column-padding first  avia-builder-el-2  el_after_av_one_full  el_before_av_one_full  column-top-margin\" style='border-radius:0px; '><section class=\"av_textblock_section \"  itemscope=\"itemscope\" itemtype=\"https:\/\/schema.org\/BlogPosting\" itemprop=\"blogPost\" ><div class='avia_textblock  '   itemprop=\"text\" ><p style=\"text-align: center;\"><b><span style=\"font-size: 18pt;\">Nuevo Consejo Regional visita avances de la instalaci\u00f3n del Resonador Magn\u00e9tico<\/span><br \/>\n<\/b><\/p>\n<div id=\"gtx-trans\" style=\"position: absolute; left: -50px; top: 4.31534px;\">\n<div class=\"gtx-trans-icon\"><\/div>\n<\/div>\n<\/div><\/section><\/div><div class=\"flex_column av_one_full  flex_column_div av-zero-column-padding first  avia-builder-el-4  el_after_av_one_full  el_before_av_hr  column-top-margin\" style='border-radius:0px; '><section class=\"av_textblock_section \"  itemscope=\"itemscope\" itemtype=\"https:\/\/schema.org\/BlogPosting\" itemprop=\"blogPost\" ><div class='avia_textblock  '   itemprop=\"text\" ><p style=\"text-align: justify;\">Luego de una espera de 10 a\u00f1os, un paso para la salud p\u00fablica de la regi\u00f3n se realiz\u00f3 con la adquisici\u00f3n del Resonador Nuclear Magn\u00e9tico, que es parte de un proyecto que pretende ampliar la cartera de prestaciones del \u00fanico Hospital de alta complejidad de la regi\u00f3n de Ays\u00e9n.<\/p>\n<p style=\"text-align: justify;\">La visita del nuevo Consejo Regional se realiz\u00f3 en conjunto con la m\u00e1xima autoridad de la regi\u00f3n, Gobernadora Andrea Mac\u00edas Palma, con el objetivo de que Consejeros y Consejeras se interiorizaran en el impacto que generar\u00e1 este nuevo instrumento para la salud de la comunidad regional.<\/p>\n<p style=\"text-align: justify;\">\u00abEstamos aqu\u00ed en el Hospital conociendo el avance de la iniciativa del Resonador Magn\u00e9tico, una iniciativa que para nosotros ha sido muy relevante porque precisamente estamos ya en el \u00faltimo tramo. Esto ha significado un aumento de presupuesto, por lo tanto y de manera muy responsable con los y las Consejeras Regionales hemos acudido a visitar para conocer efectivamente la necesidad de esa solicitud. Esperamos que ya para el segundo semestre de este a\u00f1o podamos tener en funcionamiento nuestro resonador, que incluy\u00f3 el cambio de la infraestructura en el Hospital, la capacitaci\u00f3n no s\u00f3lo a quienes van a operar, sino tambi\u00e9n a quienes van a estar a cargo de la mantenci\u00f3n: esto es muy importante en nuestra regi\u00f3n, porque muchas veces sabemos que no tenemos todas las competencias instaladas\u00bb, afirm\u00f3 la Gobernadora.<\/p>\n<p style=\"text-align: justify;\">Por su parte, el Director del Servicio de Salud Gabriel Burgos, agradeci\u00f3 la visita inspectiva que se realiza por parte de las autoridades regionales en el \u00faltimo tramo de instalaci\u00f3n.<\/p>\n<p style=\"text-align: justify;\">\u00abEsperamos implementar el nuevo resonador a partir del segundo semestre importante, por lo que es importante que conozcan in situ y entiendan las dificultades que hubo durante el proceso de construcci\u00f3n y todo lo que se ha hecho el equipo t\u00e9cnico del hospital, el equipo t\u00e9cnico de salud y tambi\u00e9n de la empresa mandante Philips. El aumento de obra es necesario para poder culminar el proyecto y as\u00ed darle una mejor atenci\u00f3n a nuestros pacientes y a la comunidad de la regi\u00f3n de Ays\u00e9n\u00bb, coment\u00f3.<\/p>\n<p style=\"text-align: justify;\">El equipo de \u00faltima generaci\u00f3n hace que el Hospital Regional de Coyhaique se convierta en el segundo hospital p\u00fablico del pa\u00eds en contar con esta importante tecnolog\u00eda, apoyando el diagn\u00f3stico m\u00e1s certero y oportuno de patolog\u00edas derivadas de las distintas especialidades, como Neurolog\u00eda, Neurocirug\u00eda, Pediatr\u00eda, Cardiolog\u00eda, Obstetricia y Ginecolog\u00eda y Oncolog\u00eda.<\/p>\n<p style=\"text-align: justify;\"><b>Visita del Consejo Regional<\/b><\/p>\n<p style=\"text-align: justify;\">Dentro de la comitiva que visitaron las instalaciones, la consejera Paulina Hern\u00e1ndez, de la provincia de General Carrera, la instancia de la visita le permite conocer en terreno los avances y palpar lo que ser\u00e1 el nuevo resonador. \u00abEsto ha significado un nuevo espacio en nuestro Hospital Regional de Coyhaique y, sin dudas, un gran avance en cuanto a la tecnolog\u00eda y en cuanto a la dignidad de los pacientes de nuestra regi\u00f3n qui\u00e9nes esperaban durante muchos a\u00f1os esto anhelado proyecto\u00bb.<\/p>\n<p style=\"text-align: justify;\">Tambi\u00e9n estuvo presente la Consejera Regional de la Provincia de Coyhaique, Marisol Mart\u00ednez, quien respald\u00f3 el aumento de obra. \u00abObviamente el proyecto va a contar con todo el respaldo nuestro para seguir avanzando en igualdad de condiciones y equidad para nuestra gente\u00bb.<\/p>\n<div>\n<p style=\"text-align: justify;\">De la Provincia de Coyhaique y nueva Consejera Regional, Paula Acu\u00f1a, la demanda de la regi\u00f3n es urgente a cubrir con la instalaci\u00f3n de este Resonador Magn\u00e9tico. \u00abCreo que hoy se da soluci\u00f3n a una demanda que era urgente que ten\u00eda que ver con la salud de nuestra gente y es prioridad que se siga construyendo y que siga un buen fin\u00bb.<\/p>\n<p style=\"text-align: justify;\">Finalmente, para el Consejero Sergio Gonz\u00e1lez de la Provincia de Ays\u00e9n, \u00abse est\u00e1 viendo la parte final de un anhelado proyecto y que importante decirlo, ese proyecto nace inquietud presentada por el Consejo Regional y que fue afinada justamente con la direcci\u00f3n del Hospital Regional y posteriormente convertirse en un proyecto a fin\u00bb.<\/p>\n<div style=\"text-align: justify;\"><\/div>\n<\/div>\n<\/div><\/section><\/div><div  style='height:50px' class='hr hr-invisible   avia-builder-el-6  el_after_av_one_full  el_before_av_social_share '><span class='hr-inner ' ><span class='hr-inner-style'><\/span><\/span><\/div><\/p>\n<div  class='av-social-sharing-box  avia-builder-el-7  el_after_av_hr  el_before_av_hr  '><div class='av-share-box'><h5 class='av-share-link-description av-no-toc '>Compartir esta noticia<\/h5><ul class='av-share-box-list noLightbox'><li class='av-share-link av-social-link-facebook' ><a target=\"_blank\" aria-label=\"Compartir en Facebook\" href='https:\/\/www.facebook.com\/sharer.php?u=https:\/\/radiorevelacionfm.cl\/?p=15196&#038;t=Nuevo%20Consejo%20Regional%20visita%20avances%20de%20la%20instalaci%C3%B3n%20del%20Resonador%20Magn%C3%A9tico' aria-hidden='false' data-av_icon='\ue8f3' data-av_iconfont='entypo-fontello' title='' data-avia-related-tooltip='Compartir en Facebook' rel=\"noopener\"><span class='avia_hidden_link_text'>Compartir en Facebook<\/span><\/a><\/li><li class='av-share-link av-social-link-twitter' ><a target=\"_blank\" aria-label=\"Compartir en Twitter\" href='https:\/\/twitter.com\/share?text=Nuevo%20Consejo%20Regional%20visita%20avances%20de%20la%20instalaci%C3%B3n%20del%20Resonador%20Magn%C3%A9tico&#038;url=https:\/\/radiorevelacionfm.cl\/?p=15196' aria-hidden='false' data-av_icon='\ue8f1' data-av_iconfont='entypo-fontello' title='' data-avia-related-tooltip='Compartir en Twitter' rel=\"noopener\"><span class='avia_hidden_link_text'>Compartir en Twitter<\/span><\/a><\/li><li class='av-share-link av-social-link-whatsapp' ><a target=\"_blank\" aria-label=\"Compartir en Whatsapp\" href='https:\/\/api.whatsapp.com\/send?text=https:\/\/radiorevelacionfm.cl\/?p=15196' aria-hidden='false' data-av_icon='\uf232' data-av_iconfont='entypo-fontello' title='' data-avia-related-tooltip='Compartir en Whatsapp' rel=\"noopener\"><span class='avia_hidden_link_text'>Compartir en Whatsapp<\/span><\/a><\/li><li class='av-share-link av-social-link-linkedin' ><a target=\"_blank\" aria-label=\"Compartir en LinkedIn\" href='https:\/\/linkedin.com\/shareArticle?mini=true&#038;title=Nuevo%20Consejo%20Regional%20visita%20avances%20de%20la%20instalaci%C3%B3n%20del%20Resonador%20Magn%C3%A9tico&#038;url=https:\/\/radiorevelacionfm.cl\/?p=15196' aria-hidden='false' data-av_icon='\ue8fc' data-av_iconfont='entypo-fontello' title='' data-avia-related-tooltip='Compartir en LinkedIn' rel=\"noopener\"><span class='avia_hidden_link_text'>Compartir en LinkedIn<\/span><\/a><\/li><li class='av-share-link av-social-link-mail' ><a  aria-label=\"Compartir por correo\" href='mailto:?subject=Nuevo%20Consejo%20Regional%20visita%20avances%20de%20la%20instalaci%C3%B3n%20del%20Resonador%20Magn%C3%A9tico&#038;body=https:\/\/radiorevelacionfm.cl\/?p=15196' aria-hidden='false' data-av_icon='\ue805' data-av_iconfont='entypo-fontello' title='' data-avia-related-tooltip='Compartir por correo'><span class='avia_hidden_link_text'>Compartir por correo<\/span><\/a><\/li><\/ul><\/div><\/div>\n<div  style='height:50px' class='hr hr-invisible   avia-builder-el-8  el_after_av_social_share  el_before_av_comments_list '><span class='hr-inner ' ><span class='hr-inner-style'><\/span><\/span><\/div>\n<div  class='av-buildercomment  av-blog-meta-html-info-disabled av-blog-meta-tag-disabled  '><\/div>\n","protected":false},"excerpt":{"rendered":"","protected":false},"author":1,"featured_media":15197,"comment_status":"open","ping_status":"open","sticky":false,"template":"","format":"standard","meta":{"footnotes":""},"categories":[38],"tags":[],"class_list":["post-15196","post","type-post","status-publish","format-standard","has-post-thumbnail","hentry","category-regional"],"jetpack_featured_media_url":"https:\/\/radiorevelacionfm.cl\/wp-content\/uploads\/2022\/03\/Foto2-2-1-1.jpeg","_links":{"self":[{"href":"https:\/\/radiorevelacionfm.cl\/index.php?rest_route=\/wp\/v2\/posts\/15196","targetHints":{"allow":["GET"]}}],"collection":[{"href":"https:\/\/radiorevelacionfm.cl\/index.php?rest_route=\/wp\/v2\/posts"}],"about":[{"href":"https:\/\/radiorevelacionfm.cl\/index.php?rest_route=\/wp\/v2\/types\/post"}],"author":[{"embeddable":true,"href":"https:\/\/radiorevelacionfm.cl\/index.php?rest_route=\/wp\/v2\/users\/1"}],"replies":[{"embeddable":true,"href":"https:\/\/radiorevelacionfm.cl\/index.php?rest_route=%2Fwp%2Fv2%2Fcomments&post=15196"}],"version-history":[{"count":2,"href":"https:\/\/radiorevelacionfm.cl\/index.php?rest_route=\/wp\/v2\/posts\/15196\/revisions"}],"predecessor-version":[{"id":15199,"href":"https:\/\/radiorevelacionfm.cl\/index.php?rest_route=\/wp\/v2\/posts\/15196\/revisions\/15199"}],"wp:featuredmedia":[{"embeddable":true,"href":"https:\/\/radiorevelacionfm.cl\/index.php?rest_route=\/wp\/v2\/media\/15197"}],"wp:attachment":[{"href":"https:\/\/radiorevelacionfm.cl\/index.php?rest_route=%2Fwp%2Fv2%2Fmedia&parent=15196"}],"wp:term":[{"taxonomy":"category","embeddable":true,"href":"https:\/\/radiorevelacionfm.cl\/index.php?rest_route=%2Fwp%2Fv2%2Fcategories&post=15196"},{"taxonomy":"post_tag","embeddable":true,"href":"https:\/\/radiorevelacionfm.cl\/index.php?rest_route=%2Fwp%2Fv2%2Ftags&post=15196"}],"curies":[{"name":"wp","href":"https:\/\/api.w.org\/{rel}","templated":true}]}}