{"id":15192,"date":"2022-03-30T10:41:22","date_gmt":"2022-03-30T13:41:22","guid":{"rendered":"https:\/\/radiorevelacionfm.cl\/?p=15192"},"modified":"2022-03-30T10:41:22","modified_gmt":"2022-03-30T13:41:22","slug":"ind-aysen-y-todosparapatagonia-firman-alianza-para-impulsar-el-deporte-adaptado-y-paralimpico","status":"publish","type":"post","link":"https:\/\/radiorevelacionfm.cl\/?p=15192","title":{"rendered":"IND Ays\u00e9n y Todosparapatagonia firman alianza para impulsar el deporte adaptado y paral\u00edmpico"},"content":{"rendered":"<div class=\"flex_column av_one_full  flex_column_div av-zero-column-padding first  avia-builder-el-0  el_before_av_one_full  avia-builder-el-first  \" style='border-radius:0px; '><div  class='avia-image-container  av-styling-    avia-builder-el-1  avia-builder-el-no-sibling  avia-align-center '  itemprop=\"image\" itemscope=\"itemscope\" itemtype=\"https:\/\/schema.org\/ImageObject\"  ><div class='avia-image-container-inner'><div class='avia-image-overlay-wrap'><img decoding=\"async\" class='wp-image-15193 avia-img-lazy-loading-not-15193 avia_image' src=\"https:\/\/radiorevelacionfm.cl\/wp-content\/uploads\/2022\/03\/1.3-1-1.jpg\" alt='' title='1.3 (1) (1)' height=\"600\" width=\"800\"  itemprop=\"thumbnailUrl\" srcset=\"https:\/\/radiorevelacionfm.cl\/wp-content\/uploads\/2022\/03\/1.3-1-1.jpg 800w, https:\/\/radiorevelacionfm.cl\/wp-content\/uploads\/2022\/03\/1.3-1-1-300x225.jpg 300w, https:\/\/radiorevelacionfm.cl\/wp-content\/uploads\/2022\/03\/1.3-1-1-768x576.jpg 768w, https:\/\/radiorevelacionfm.cl\/wp-content\/uploads\/2022\/03\/1.3-1-1-705x529.jpg 705w, https:\/\/radiorevelacionfm.cl\/wp-content\/uploads\/2022\/03\/1.3-1-1-600x450.jpg 600w\" sizes=\"(max-width: 800px) 100vw, 800px\" \/><\/div><\/div><\/div><\/div><div class=\"flex_column av_one_full  flex_column_div av-zero-column-padding first  avia-builder-el-2  el_after_av_one_full  el_before_av_one_full  column-top-margin\" style='border-radius:0px; '><section class=\"av_textblock_section \"  itemscope=\"itemscope\" itemtype=\"https:\/\/schema.org\/BlogPosting\" itemprop=\"blogPost\" ><div class='avia_textblock  '   itemprop=\"text\" ><p style=\"text-align: center;\"><span style=\"font-size: 18pt;\"><b><span lang=\"ES\">IND Ays\u00e9n y Todosparapatagonia firman alianza para impulsar el deporte adaptado y paral\u00edmpico<\/span><\/b><\/span><\/p>\n<div id=\"gtx-trans\" style=\"position: absolute; left: -50px; top: 4.31534px;\">\n<div class=\"gtx-trans-icon\"><\/div>\n<\/div>\n<\/div><\/section><\/div><div class=\"flex_column av_one_full  flex_column_div av-zero-column-padding first  avia-builder-el-4  el_after_av_one_full  el_before_av_hr  column-top-margin\" style='border-radius:0px; '><section class=\"av_textblock_section \"  itemscope=\"itemscope\" itemtype=\"https:\/\/schema.org\/BlogPosting\" itemprop=\"blogPost\" ><div class='avia_textblock  '   itemprop=\"text\" ><p style=\"text-align: justify;\">Hasta la piscina del Complejo Deportivo Parque Austral concurri\u00f3 el Director Regional del Instituto Nacional del Deporte Jos\u00e9 Manuel Sep\u00falveda, quien luego de presenciar las clases impartidas a ni\u00f1as y ni\u00f1os en el taller de nataci\u00f3n adaptada, invit\u00f3 a los representantes de la agrupaci\u00f3n Todosparapatagonia,\u00a0<span lang=\"ES-MX\">Mauricio Mu\u00f1oz, Presidente del Club de Basquetbol en Silla de Ruedas Armadillos SR y a Rodrigo Bustos, Profesional del Ministerio de Deportes de la Regi\u00f3n de Ays\u00e9n a firmar el documento que formaliza el convenio de colaboraci\u00f3n.<\/span><\/p>\n<p style=\"text-align: justify;\">El\u00a0<span lang=\"ES-MX\">movimiento Todosparapatagonia, agrupaci\u00f3n sin fines de lucro, que acoge todos los deportes paral\u00edmpicos y tendencias deportivas para personas en situaci\u00f3n de discapacidad, est\u00e1 conformado por Mauricio Mu\u00f1oz, Presidente del Club de Basquetbol en Silla de Ruedas Armadillos SR y actual deportista paral\u00edmpico; Rodrigo Bustos, Profesional del Ministerio de Deportes de la Regi\u00f3n de Ays\u00e9n, Fidel Pinilla, Consejero de la I. Municipalidad de Coyhaique y Daniel Pedrero, Coordinador Regional de la Unidad de Ejercicio y Deporte Adaptado del I. Telet\u00f3n Ays\u00e9n<\/span><\/p>\n<p style=\"text-align: justify;\"><span lang=\"ES-MX\">En este sentido el\u00a0<\/span>Director Regional IND Ays\u00e9n Jos\u00e9 Manuel Sep\u00falveda calific\u00f3 la alianza como un gran paso para el deporte adaptado y paral\u00edmpico de la regi\u00f3n agregando \u00abestamos muy contentos de firmar este convenio con la agrupaci\u00f3n Todosparapatagonia que beneficiar\u00e1 a ni\u00f1os, ni\u00f1as, j\u00f3venes y adultos para iniciarse en el deporte adaptado y tambi\u00e9n para preparar competencias en alto rendimiento pensando en el\u00a0<span lang=\"ES-MX\">Parapanamericano de Santiago 2023 y \u00a0torneos Paranacionales<\/span>, hacemos un llamado a la comunidad a participar en estos los talleres de tenis de mesa, boccias, b\u00e1squetbol adaptado y para nataci\u00f3n, taller que se realiza ac\u00e1 en la piscina del Parque Austral proyecto que cuenta con financiamiento del Gobierno Regional\u00bb.<\/p>\n<p style=\"text-align: justify;\"><span lang=\"ES-MX\">Asimismo, \u00a0Daniel Pedreros, Coordinador Regional Unidad de Ejercicio y Deporte Adaptado Telet\u00f3n Ays\u00e9n se\u00f1al\u00f3 \u00abeste trabajo surge hace 7 a\u00f1os atr\u00e1s en la Unidad de Ejercicio y Deporte Adaptado del Instituto Telet\u00f3n Ays\u00e9n donde se comenz\u00f3 una planificaci\u00f3n para dar inicio al deporte adaptado y paral\u00edmpico para personas en situaci\u00f3n de discapacidad desarrollando talleres de recreaci\u00f3n deportiva o igualmente llamados talleres inclusivos y hoy podemos decir con mucha alegr\u00eda y orgullo, que en la regi\u00f3n de Ays\u00e9n existe talento deportivo paral\u00edmpico en todas sus disciplinas, s\u00f3lo falta el apoyo de todos y todas por que con esta alianza con el IND podremos detectar nuevos talentos para ese deporte adaptado competitivo\u00bb.<\/span><\/p>\n<p style=\"text-align: justify;\"><u><span lang=\"ES-MX\">Compromisos del Convenio<\/span><\/u><\/p>\n<p style=\"text-align: justify;\"><span lang=\"ES-MX\">Dentro de los compromisos adquiridos por parte del IND regional destaca;\u00a0<\/span><span lang=\"ES\">f<\/span><span lang=\"ES\">acilitar\u00a0los\u00a0recintos\u00a0deportivos,\u00a0de\u00a0administraci\u00f3n\u00a0directa\u00a0de\u00a0IND,\u00a0a\u00a0Todosparapatagonia en forma gratuita o a valor reducido, disponer\u00a0de\u00a0implementaci\u00f3n para talleres gratuitos de deporte adaptado dirigido a la comunidad, acotado a la disponibilidad presupuestaria del IND,\u00a0coordinar en conjunto el desarrollo de torneos deportivos, talleres, capacitaciones, actividades de deportes adaptados en el marco de la\u00a0promoci\u00f3n\u00a0y\u00a0desarrollo\u00a0del\u00a0deporte y\u00a0trabajar en conjunto en procesos\u00a0de\u00a0detecci\u00f3n,\u00a0captaci\u00f3n,\u00a0proyecci\u00f3n\u00a0y\u00a0desarrollo\u00a0de\u00a0deportistas\u00a0las disciplinas\u00a0de deporte adaptado en la Regi\u00f3n.<\/span><\/p>\n<p style=\"text-align: justify;\"><span lang=\"ES\">Por su parte, Todosparapatagonia\u00a0<\/span><span lang=\"ES\">se compromete a<\/span><span lang=\"ES\">sesorar a IND Regional para la correcta planificaci\u00f3n y ejecuci\u00f3n de talleres de deporte adaptado, seg\u00fan la necesidad regional, colaborar activamente con profesionales en eventos y competencias de deporte adaptados organizados por IND, colaborar en la clasificaci\u00f3n funcional de deportistas regionales de proyecci\u00f3n y desarrollar instancias para fomentar o brindar capacitaci\u00f3n a profesionales para apoyar t\u00e9cnicamente al deporte adaptado, entre otros.<\/span><\/p>\n<\/div><\/section><\/div><div  style='height:50px' class='hr hr-invisible   avia-builder-el-6  el_after_av_one_full  el_before_av_social_share '><span class='hr-inner ' ><span class='hr-inner-style'><\/span><\/span><\/div><\/p>\n<div  class='av-social-sharing-box  avia-builder-el-7  el_after_av_hr  el_before_av_hr  '><div class='av-share-box'><h5 class='av-share-link-description av-no-toc '>Compartir esta noticia<\/h5><ul class='av-share-box-list noLightbox'><li class='av-share-link av-social-link-facebook' ><a target=\"_blank\" aria-label=\"Compartir en Facebook\" href='https:\/\/www.facebook.com\/sharer.php?u=https:\/\/radiorevelacionfm.cl\/?p=15192&#038;t=IND%20Ays%C3%A9n%20y%20Todosparapatagonia%20firman%20alianza%20para%20impulsar%20el%20deporte%20adaptado%20y%20paral%C3%ADmpico' aria-hidden='false' data-av_icon='\ue8f3' data-av_iconfont='entypo-fontello' title='' data-avia-related-tooltip='Compartir en Facebook' rel=\"noopener\"><span class='avia_hidden_link_text'>Compartir en Facebook<\/span><\/a><\/li><li class='av-share-link av-social-link-twitter' ><a target=\"_blank\" aria-label=\"Compartir en Twitter\" href='https:\/\/twitter.com\/share?text=IND%20Ays%C3%A9n%20y%20Todosparapatagonia%20firman%20alianza%20para%20impulsar%20el%20deporte%20adaptado%20y%20paral%C3%ADmpico&#038;url=https:\/\/radiorevelacionfm.cl\/?p=15192' aria-hidden='false' data-av_icon='\ue8f1' data-av_iconfont='entypo-fontello' title='' data-avia-related-tooltip='Compartir en Twitter' rel=\"noopener\"><span class='avia_hidden_link_text'>Compartir en Twitter<\/span><\/a><\/li><li class='av-share-link av-social-link-whatsapp' ><a target=\"_blank\" aria-label=\"Compartir en Whatsapp\" href='https:\/\/api.whatsapp.com\/send?text=https:\/\/radiorevelacionfm.cl\/?p=15192' aria-hidden='false' data-av_icon='\uf232' data-av_iconfont='entypo-fontello' title='' data-avia-related-tooltip='Compartir en Whatsapp' rel=\"noopener\"><span class='avia_hidden_link_text'>Compartir en Whatsapp<\/span><\/a><\/li><li class='av-share-link av-social-link-linkedin' ><a target=\"_blank\" aria-label=\"Compartir en LinkedIn\" href='https:\/\/linkedin.com\/shareArticle?mini=true&#038;title=IND%20Ays%C3%A9n%20y%20Todosparapatagonia%20firman%20alianza%20para%20impulsar%20el%20deporte%20adaptado%20y%20paral%C3%ADmpico&#038;url=https:\/\/radiorevelacionfm.cl\/?p=15192' aria-hidden='false' data-av_icon='\ue8fc' data-av_iconfont='entypo-fontello' title='' data-avia-related-tooltip='Compartir en LinkedIn' rel=\"noopener\"><span class='avia_hidden_link_text'>Compartir en LinkedIn<\/span><\/a><\/li><li class='av-share-link av-social-link-mail' ><a  aria-label=\"Compartir por correo\" href='mailto:?subject=IND%20Ays%C3%A9n%20y%20Todosparapatagonia%20firman%20alianza%20para%20impulsar%20el%20deporte%20adaptado%20y%20paral%C3%ADmpico&#038;body=https:\/\/radiorevelacionfm.cl\/?p=15192' aria-hidden='false' data-av_icon='\ue805' data-av_iconfont='entypo-fontello' title='' data-avia-related-tooltip='Compartir por correo'><span class='avia_hidden_link_text'>Compartir por correo<\/span><\/a><\/li><\/ul><\/div><\/div>\n<div  style='height:50px' class='hr hr-invisible   avia-builder-el-8  el_after_av_social_share  el_before_av_comments_list '><span class='hr-inner ' ><span class='hr-inner-style'><\/span><\/span><\/div>\n<div  class='av-buildercomment  av-blog-meta-html-info-disabled av-blog-meta-tag-disabled  '><\/div>\n","protected":false},"excerpt":{"rendered":"","protected":false},"author":1,"featured_media":15193,"comment_status":"open","ping_status":"open","sticky":false,"template":"","format":"standard","meta":{"footnotes":""},"categories":[40],"tags":[],"class_list":["post-15192","post","type-post","status-publish","format-standard","has-post-thumbnail","hentry","category-deportes"],"jetpack_featured_media_url":"https:\/\/radiorevelacionfm.cl\/wp-content\/uploads\/2022\/03\/1.3-1-1.jpg","_links":{"self":[{"href":"https:\/\/radiorevelacionfm.cl\/index.php?rest_route=\/wp\/v2\/posts\/15192","targetHints":{"allow":["GET"]}}],"collection":[{"href":"https:\/\/radiorevelacionfm.cl\/index.php?rest_route=\/wp\/v2\/posts"}],"about":[{"href":"https:\/\/radiorevelacionfm.cl\/index.php?rest_route=\/wp\/v2\/types\/post"}],"author":[{"embeddable":true,"href":"https:\/\/radiorevelacionfm.cl\/index.php?rest_route=\/wp\/v2\/users\/1"}],"replies":[{"embeddable":true,"href":"https:\/\/radiorevelacionfm.cl\/index.php?rest_route=%2Fwp%2Fv2%2Fcomments&post=15192"}],"version-history":[{"count":2,"href":"https:\/\/radiorevelacionfm.cl\/index.php?rest_route=\/wp\/v2\/posts\/15192\/revisions"}],"predecessor-version":[{"id":15195,"href":"https:\/\/radiorevelacionfm.cl\/index.php?rest_route=\/wp\/v2\/posts\/15192\/revisions\/15195"}],"wp:featuredmedia":[{"embeddable":true,"href":"https:\/\/radiorevelacionfm.cl\/index.php?rest_route=\/wp\/v2\/media\/15193"}],"wp:attachment":[{"href":"https:\/\/radiorevelacionfm.cl\/index.php?rest_route=%2Fwp%2Fv2%2Fmedia&parent=15192"}],"wp:term":[{"taxonomy":"category","embeddable":true,"href":"https:\/\/radiorevelacionfm.cl\/index.php?rest_route=%2Fwp%2Fv2%2Fcategories&post=15192"},{"taxonomy":"post_tag","embeddable":true,"href":"https:\/\/radiorevelacionfm.cl\/index.php?rest_route=%2Fwp%2Fv2%2Ftags&post=15192"}],"curies":[{"name":"wp","href":"https:\/\/api.w.org\/{rel}","templated":true}]}}