{"id":15188,"date":"2022-03-30T10:26:17","date_gmt":"2022-03-30T13:26:17","guid":{"rendered":"https:\/\/radiorevelacionfm.cl\/?p=15188"},"modified":"2022-03-30T11:12:03","modified_gmt":"2022-03-30T14:12:03","slug":"sercotec-lanza-programa-de-fortalecimiento-gremial-y-cooperativo","status":"publish","type":"post","link":"https:\/\/radiorevelacionfm.cl\/?p=15188","title":{"rendered":"Sercotec lanza Programa de Fortalecimiento Gremial y Cooperativo"},"content":{"rendered":"<div class=\"flex_column av_one_full  flex_column_div av-zero-column-padding first  avia-builder-el-0  el_before_av_one_full  avia-builder-el-first  \" style='border-radius:0px; '><div  class='avia-image-container  av-styling-    avia-builder-el-1  avia-builder-el-no-sibling  avia-align-center '  itemprop=\"image\" itemscope=\"itemscope\" itemtype=\"https:\/\/schema.org\/ImageObject\"  ><div class='avia-image-container-inner'><div class='avia-image-overlay-wrap'><img decoding=\"async\" class='wp-image-15202 avia-img-lazy-loading-not-15202 avia_image' src=\"https:\/\/radiorevelacionfm.cl\/wp-content\/uploads\/2022\/03\/sercotec-2022-1_optimized.jpg\" alt='' title='sercotec-2022-(1)_optimized' height=\"600\" width=\"600\"  itemprop=\"thumbnailUrl\" srcset=\"https:\/\/radiorevelacionfm.cl\/wp-content\/uploads\/2022\/03\/sercotec-2022-1_optimized.jpg 600w, https:\/\/radiorevelacionfm.cl\/wp-content\/uploads\/2022\/03\/sercotec-2022-1_optimized-300x300.jpg 300w, https:\/\/radiorevelacionfm.cl\/wp-content\/uploads\/2022\/03\/sercotec-2022-1_optimized-80x80.jpg 80w, https:\/\/radiorevelacionfm.cl\/wp-content\/uploads\/2022\/03\/sercotec-2022-1_optimized-36x36.jpg 36w, https:\/\/radiorevelacionfm.cl\/wp-content\/uploads\/2022\/03\/sercotec-2022-1_optimized-180x180.jpg 180w, https:\/\/radiorevelacionfm.cl\/wp-content\/uploads\/2022\/03\/sercotec-2022-1_optimized-100x100.jpg 100w\" sizes=\"(max-width: 600px) 100vw, 600px\" \/><\/div><\/div><\/div><\/div><div class=\"flex_column av_one_full  flex_column_div av-zero-column-padding first  avia-builder-el-2  el_after_av_one_full  el_before_av_one_full  column-top-margin\" style='border-radius:0px; '><section class=\"av_textblock_section \"  itemscope=\"itemscope\" itemtype=\"https:\/\/schema.org\/BlogPosting\" itemprop=\"blogPost\" ><div class='avia_textblock  '   itemprop=\"text\" ><p style=\"text-align: center;\"><strong><span style=\"font-size: 18pt;\">Sercotec lanza Programa de Fortalecimiento Gremial y Cooperativo<\/span><\/strong><\/p>\n<div id=\"gtx-trans\" style=\"position: absolute; left: -50px; top: 4.31534px;\">\n<div class=\"gtx-trans-icon\"><\/div>\n<\/div>\n<\/div><\/section><\/div><\/p>\n<div class=\"flex_column av_one_full  flex_column_div av-zero-column-padding first  avia-builder-el-4  el_after_av_one_full  el_before_av_hr  column-top-margin\" style='border-radius:0px; '><section class=\"av_textblock_section \"  itemscope=\"itemscope\" itemtype=\"https:\/\/schema.org\/BlogPosting\" itemprop=\"blogPost\" ><div class='avia_textblock  '   itemprop=\"text\" ><p class=\"v1MsoNormal\" style=\"text-align: justify;\">El programa de fortalecimiento es un subsidio regional concursable no reembolsable destinado a Creaci\u00f3n y Fortalecimiento de Cooperativas, AG y asociaciones empresariales cuyos objetivos son, por una parte, la formalizaci\u00f3n de grupos de empresarios\/as y, por la otra, el fortalecimiento de la asociatividad, la mejora de su capacidad de gesti\u00f3n y la generaci\u00f3n de nuevos y mejores productos y\/o servicios a los ya existentes.<\/p>\n<p class=\"v1MsoNormal\" style=\"text-align: justify;\">Podr\u00e1n participar Cooperativas agr\u00edcolas, campesinas y pesqueras, cooperativa de trabajo, cooperativa de servicio (con fines productivos que externalizan sus servicios a terceros), se excluyen cooperativas de ahorro y cr\u00e9dito, cooperativas de vivienda, cooperativas escolares, de abastecimiento y distribuci\u00f3n de energ\u00eda el\u00e9ctrica y de agua potable, de consumo. Todas deber\u00e1n contar con iniciaci\u00f3n de actividades ante el SII y ventas anuales inferiores a 25.000 UF.<\/p>\n<p class=\"v1MsoNormal\" style=\"text-align: justify;\">Seg\u00fan el tipo de organizaci\u00f3n y la modalidad de postulaci\u00f3n los montos del subsidio de Sercotec son:<\/p>\n<p class=\"v1MsoNormal\" style=\"text-align: justify;\">Asociaciones gremiales Modalidad 1 Creaci\u00f3n y desarrollo, hasta $5.000.000.<\/p>\n<p class=\"v1MsoNormal\" style=\"text-align: justify;\">Asociaciones gremiales Modalidad 2 Fortalecimiento hasta $7.000.000.<\/p>\n<p class=\"v1MsoNormal\" style=\"text-align: justify;\">Cooperativas Modalidad 1 creaci\u00f3n y desarrollo hasta $8.000.000.<\/p>\n<p class=\"v1MsoNormal\" style=\"text-align: justify;\">Cooperativas Modalidad 2 Fortalecimiento hasta $10.000.000.<\/p>\n<p class=\"v1MsoNormal\" style=\"text-align: justify;\">En el caso de las Asociaciones gremiales, \u00e9stas pueden ser c\u00e1maras de comercio, c\u00e1maras de turismo, federaciones de car\u00e1cter regional, sindicatos de trabajadores independientes, sindicatos de taxis colectivos y de pesca, todas constituidas en su mayor\u00eda por micro y peque\u00f1as empresas o personas naturales o jur\u00eddicas con iniciaci\u00f3n de actividades en primera o segunda categor\u00eda. La organizaci\u00f3n debe contar con RUT ante el SII y en el caso de tener iniciaci\u00f3n de actividades, sus ventas anuales deber\u00e1n ser inferiores a 25.000 UF.<\/p>\n<p class=\"v1MsoNormal\" style=\"text-align: justify;\">Para postular a esta iniciativa las organizaciones ya se\u00f1aladas deben ingresar a la web\u00a0<a href=\"http:\/\/sercotec.cl\/\" target=\"_blank\" rel=\"noopener noreferrer\">sercotec.cl<\/a>, registrarse o actualizar antecedentes, posteriormente podr\u00e1n acceder a las bases y anexos. Finalmente podr\u00e1n enviar la respectiva postulaci\u00f3n con plazo m\u00e1ximo hasta las 15:00 horas del lunes 18 de abril.<\/p>\n<p class=\"v1MsoNormal\" style=\"text-align: justify;\">Para consultas, resolver dudas y obtener apoyo para dicha postulaci\u00f3n est\u00e1n disponibles los centros de negocios de Coyhaique (ubicada en calle Condell 23) y Puerto Ays\u00e9n (ubicado en Eleuterio Ram\u00edrez 1423), as\u00ed como tambi\u00e9n la oficina regional de Sercotec.<\/p>\n<\/div><\/section><\/div>\n<div  style='height:50px' class='hr hr-invisible   avia-builder-el-6  el_after_av_one_full  el_before_av_social_share '><span class='hr-inner ' ><span class='hr-inner-style'><\/span><\/span><\/div>\n<div  class='av-social-sharing-box  avia-builder-el-7  el_after_av_hr  el_before_av_hr  '><div class='av-share-box'><h5 class='av-share-link-description av-no-toc '>Compartir esta noticia<\/h5><ul class='av-share-box-list noLightbox'><li class='av-share-link av-social-link-facebook' ><a target=\"_blank\" aria-label=\"Compartir en Facebook\" href='https:\/\/www.facebook.com\/sharer.php?u=https:\/\/radiorevelacionfm.cl\/?p=15188&#038;t=Sercotec%20lanza%20Programa%20de%20Fortalecimiento%20Gremial%20y%20Cooperativo' aria-hidden='false' data-av_icon='\ue8f3' data-av_iconfont='entypo-fontello' title='' data-avia-related-tooltip='Compartir en Facebook' rel=\"noopener\"><span class='avia_hidden_link_text'>Compartir en Facebook<\/span><\/a><\/li><li class='av-share-link av-social-link-twitter' ><a target=\"_blank\" aria-label=\"Compartir en Twitter\" href='https:\/\/twitter.com\/share?text=Sercotec%20lanza%20Programa%20de%20Fortalecimiento%20Gremial%20y%20Cooperativo&#038;url=https:\/\/radiorevelacionfm.cl\/?p=15188' aria-hidden='false' data-av_icon='\ue8f1' data-av_iconfont='entypo-fontello' title='' data-avia-related-tooltip='Compartir en Twitter' rel=\"noopener\"><span class='avia_hidden_link_text'>Compartir en Twitter<\/span><\/a><\/li><li class='av-share-link av-social-link-whatsapp' ><a target=\"_blank\" aria-label=\"Compartir en Whatsapp\" href='https:\/\/api.whatsapp.com\/send?text=https:\/\/radiorevelacionfm.cl\/?p=15188' aria-hidden='false' data-av_icon='\uf232' data-av_iconfont='entypo-fontello' title='' data-avia-related-tooltip='Compartir en Whatsapp' rel=\"noopener\"><span class='avia_hidden_link_text'>Compartir en Whatsapp<\/span><\/a><\/li><li class='av-share-link av-social-link-linkedin' ><a target=\"_blank\" aria-label=\"Compartir en LinkedIn\" href='https:\/\/linkedin.com\/shareArticle?mini=true&#038;title=Sercotec%20lanza%20Programa%20de%20Fortalecimiento%20Gremial%20y%20Cooperativo&#038;url=https:\/\/radiorevelacionfm.cl\/?p=15188' aria-hidden='false' data-av_icon='\ue8fc' data-av_iconfont='entypo-fontello' title='' data-avia-related-tooltip='Compartir en LinkedIn' rel=\"noopener\"><span class='avia_hidden_link_text'>Compartir en LinkedIn<\/span><\/a><\/li><li class='av-share-link av-social-link-mail' ><a  aria-label=\"Compartir por correo\" href='mailto:?subject=Sercotec%20lanza%20Programa%20de%20Fortalecimiento%20Gremial%20y%20Cooperativo&#038;body=https:\/\/radiorevelacionfm.cl\/?p=15188' aria-hidden='false' data-av_icon='\ue805' data-av_iconfont='entypo-fontello' title='' data-avia-related-tooltip='Compartir por correo'><span class='avia_hidden_link_text'>Compartir por correo<\/span><\/a><\/li><\/ul><\/div><\/div>\n<div  style='height:50px' class='hr hr-invisible   avia-builder-el-8  el_after_av_social_share  el_before_av_comments_list '><span class='hr-inner ' ><span class='hr-inner-style'><\/span><\/span><\/div>\n<div  class='av-buildercomment  av-blog-meta-html-info-disabled av-blog-meta-tag-disabled  '><\/div>\n","protected":false},"excerpt":{"rendered":"","protected":false},"author":1,"featured_media":15201,"comment_status":"open","ping_status":"open","sticky":false,"template":"","format":"standard","meta":{"footnotes":""},"categories":[38],"tags":[],"class_list":["post-15188","post","type-post","status-publish","format-standard","has-post-thumbnail","hentry","category-regional"],"jetpack_featured_media_url":"https:\/\/radiorevelacionfm.cl\/wp-content\/uploads\/2022\/03\/sercotec-2022v2-1_optimized.jpg","_links":{"self":[{"href":"https:\/\/radiorevelacionfm.cl\/index.php?rest_route=\/wp\/v2\/posts\/15188","targetHints":{"allow":["GET"]}}],"collection":[{"href":"https:\/\/radiorevelacionfm.cl\/index.php?rest_route=\/wp\/v2\/posts"}],"about":[{"href":"https:\/\/radiorevelacionfm.cl\/index.php?rest_route=\/wp\/v2\/types\/post"}],"author":[{"embeddable":true,"href":"https:\/\/radiorevelacionfm.cl\/index.php?rest_route=\/wp\/v2\/users\/1"}],"replies":[{"embeddable":true,"href":"https:\/\/radiorevelacionfm.cl\/index.php?rest_route=%2Fwp%2Fv2%2Fcomments&post=15188"}],"version-history":[{"count":3,"href":"https:\/\/radiorevelacionfm.cl\/index.php?rest_route=\/wp\/v2\/posts\/15188\/revisions"}],"predecessor-version":[{"id":15200,"href":"https:\/\/radiorevelacionfm.cl\/index.php?rest_route=\/wp\/v2\/posts\/15188\/revisions\/15200"}],"wp:featuredmedia":[{"embeddable":true,"href":"https:\/\/radiorevelacionfm.cl\/index.php?rest_route=\/wp\/v2\/media\/15201"}],"wp:attachment":[{"href":"https:\/\/radiorevelacionfm.cl\/index.php?rest_route=%2Fwp%2Fv2%2Fmedia&parent=15188"}],"wp:term":[{"taxonomy":"category","embeddable":true,"href":"https:\/\/radiorevelacionfm.cl\/index.php?rest_route=%2Fwp%2Fv2%2Fcategories&post=15188"},{"taxonomy":"post_tag","embeddable":true,"href":"https:\/\/radiorevelacionfm.cl\/index.php?rest_route=%2Fwp%2Fv2%2Ftags&post=15188"}],"curies":[{"name":"wp","href":"https:\/\/api.w.org\/{rel}","templated":true}]}}