{"id":15185,"date":"2022-03-31T15:26:16","date_gmt":"2022-03-31T18:26:16","guid":{"rendered":"https:\/\/radiorevelacionfm.cl\/?p=15185"},"modified":"2022-03-31T15:26:16","modified_gmt":"2022-03-31T18:26:16","slug":"permisos-laborales-por-muerte-de-familiares-en-que-consiste-la-nueva-ley","status":"publish","type":"post","link":"https:\/\/radiorevelacionfm.cl\/?p=15185","title":{"rendered":"Permisos laborales por muerte de familiares: \u00bfen qu\u00e9 consiste la nueva ley?"},"content":{"rendered":"<div class=\"flex_column av_one_full  flex_column_div av-zero-column-padding first  avia-builder-el-0  el_before_av_one_full  avia-builder-el-first  \" style='border-radius:0px; '><div  class='avia-image-container  av-styling-    avia-builder-el-1  avia-builder-el-no-sibling  avia-align-center '  itemprop=\"image\" itemscope=\"itemscope\" itemtype=\"https:\/\/schema.org\/ImageObject\"  ><div class='avia-image-container-inner'><div class='avia-image-overlay-wrap'><img decoding=\"async\" class='wp-image-15186 avia-img-lazy-loading-not-15186 avia_image' src=\"https:\/\/radiorevelacionfm.cl\/wp-content\/uploads\/2022\/03\/duelo1.jpg\" alt='' title='duelo1' height=\"600\" width=\"858\"  itemprop=\"thumbnailUrl\" srcset=\"https:\/\/radiorevelacionfm.cl\/wp-content\/uploads\/2022\/03\/duelo1.jpg 858w, https:\/\/radiorevelacionfm.cl\/wp-content\/uploads\/2022\/03\/duelo1-300x210.jpg 300w, https:\/\/radiorevelacionfm.cl\/wp-content\/uploads\/2022\/03\/duelo1-768x537.jpg 768w, https:\/\/radiorevelacionfm.cl\/wp-content\/uploads\/2022\/03\/duelo1-705x493.jpg 705w, https:\/\/radiorevelacionfm.cl\/wp-content\/uploads\/2022\/03\/duelo1-600x420.jpg 600w\" sizes=\"(max-width: 858px) 100vw, 858px\" \/><\/div><\/div><\/div><\/div><div class=\"flex_column av_one_full  flex_column_div av-zero-column-padding first  avia-builder-el-2  el_after_av_one_full  el_before_av_one_full  column-top-margin\" style='border-radius:0px; '><section class=\"av_textblock_section \"  itemscope=\"itemscope\" itemtype=\"https:\/\/schema.org\/BlogPosting\" itemprop=\"blogPost\" ><div class='avia_textblock  '   itemprop=\"text\" ><p style=\"text-align: center;\"><strong><span style=\"font-size: 18pt;\">Permisos laborales por muerte de familiares: \u00bfen qu\u00e9 consiste la nueva ley?<\/span><\/strong><\/p>\n<div id=\"gtx-trans\" style=\"position: absolute; left: -50px; top: 4.31534px;\">\n<div class=\"gtx-trans-icon\"><\/div>\n<\/div>\n<\/div><\/section><\/div><div class=\"flex_column av_one_full  flex_column_div av-zero-column-padding first  avia-builder-el-4  el_after_av_one_full  el_before_av_hr  column-top-margin\" style='border-radius:0px; '><section class=\"av_textblock_section \"  itemscope=\"itemscope\" itemtype=\"https:\/\/schema.org\/BlogPosting\" itemprop=\"blogPost\" ><div class='avia_textblock  '   itemprop=\"text\" ><p style=\"text-align: justify;\">La iniciativa plantea que los trabajadores y trabajadoras tendr\u00e1n 4 d\u00edas de permiso laboral por fallecimiento de hermano y aumenta en 4 d\u00edas el permiso laboral por el deceso del padre o la madre del trabajador.<\/p>\n<p style=\"text-align: justify;\">Fomentar la dignidad en el trabajo y el respeto por los derechos fundamentales de los trabajadores en una dimensi\u00f3n social y humana, son parte de los fundamentos del proyecto que extiende la duraci\u00f3n del permiso laboral para trabajadoras y trabajadores, en caso de fallecimiento de padre, madre y de un hijo en per\u00edodo de gestaci\u00f3n, e incorpora igual permiso en caso de fallecimiento de hermano.<\/p>\n<p style=\"text-align: justify;\">En la actualidad, el C\u00f3digo del Trabajo otorga diez d\u00edas corridos de permiso pagado en el caso de muerte de un hijo. La iniciativa otorga, adem\u00e1s, siete d\u00edas h\u00e1biles por la muerte de un hijo en per\u00edodo de gestaci\u00f3n.<\/p>\n<p style=\"text-align: justify;\">La iniciativa que qued\u00f3 en condiciones de ser ley de la Rep\u00fablica se fundamenta en el concepto de \u00abtrabajo digno de la Organizaci\u00f3n Internacional del Trabajo (OIT), que busca fomentar el respeto por los derechos fundamentales de los trabajadores en una dimensi\u00f3n social y humana\u00bb, de modo que, en la situaci\u00f3n concreta que regula esta iniciativa legal, pretende otorgar protecci\u00f3n a las trabajadoras y a los trabajadores en situaciones de vulnerabilidad ante sucesos imprevistos y, en general, cuando exista una situaci\u00f3n dolorosa y compleja en la vida de \u00e9stos a ra\u00edz del fallecimiento de una hermana o hermano, padre, madre o hijo o hija en gestaci\u00f3n\u00bb.<\/p>\n<p style=\"text-align: justify;\">CONTENIDO DEL TEXTO<\/p>\n<div class=\"contSubtit\" style=\"text-align: justify;\">\n<div class=\"linkSubtit\">El proyecto, que fue destacado como una herramienta para \u00abhumanizar la legislaci\u00f3n laboral\u00bb precisa que:<\/div>\n<\/div>\n<ul>\n<li style=\"text-align: justify;\">Se mantiene la extensi\u00f3n de 7 d\u00edas h\u00e1biles del permiso laboral pagado en el caso de muerte de un hijo en per\u00edodo de gestaci\u00f3n.<\/li>\n<li style=\"text-align: justify;\">Aumenta, de 3 a 4, los d\u00edas de permiso laboral, en caso de fallecimiento del padre o de la madre del trabajador.<\/li>\n<li style=\"text-align: justify;\">Otorga un permiso laboral de 4 d\u00edas en el caso de la muerte de un hermano.<\/li>\n<\/ul>\n<\/div><\/section><\/div><div  style='height:50px' class='hr hr-invisible   avia-builder-el-6  el_after_av_one_full  el_before_av_social_share '><span class='hr-inner ' ><span class='hr-inner-style'><\/span><\/span><\/div><\/p>\n<div  class='av-social-sharing-box  avia-builder-el-7  el_after_av_hr  el_before_av_hr  '><div class='av-share-box'><h5 class='av-share-link-description av-no-toc '>Compartir esta noticia<\/h5><ul class='av-share-box-list noLightbox'><li class='av-share-link av-social-link-facebook' ><a target=\"_blank\" aria-label=\"Compartir en Facebook\" href='https:\/\/www.facebook.com\/sharer.php?u=https:\/\/radiorevelacionfm.cl\/?p=15185&#038;t=Permisos%20laborales%20por%20muerte%20de%20familiares%3A%20%C2%BFen%20qu%C3%A9%20consiste%20la%20nueva%20ley%3F' aria-hidden='false' data-av_icon='\ue8f3' data-av_iconfont='entypo-fontello' title='' data-avia-related-tooltip='Compartir en Facebook' rel=\"noopener\"><span class='avia_hidden_link_text'>Compartir en Facebook<\/span><\/a><\/li><li class='av-share-link av-social-link-twitter' ><a target=\"_blank\" aria-label=\"Compartir en Twitter\" href='https:\/\/twitter.com\/share?text=Permisos%20laborales%20por%20muerte%20de%20familiares%3A%20%C2%BFen%20qu%C3%A9%20consiste%20la%20nueva%20ley%3F&#038;url=https:\/\/radiorevelacionfm.cl\/?p=15185' aria-hidden='false' data-av_icon='\ue8f1' data-av_iconfont='entypo-fontello' title='' data-avia-related-tooltip='Compartir en Twitter' rel=\"noopener\"><span class='avia_hidden_link_text'>Compartir en Twitter<\/span><\/a><\/li><li class='av-share-link av-social-link-whatsapp' ><a target=\"_blank\" aria-label=\"Compartir en Whatsapp\" href='https:\/\/api.whatsapp.com\/send?text=https:\/\/radiorevelacionfm.cl\/?p=15185' aria-hidden='false' data-av_icon='\uf232' data-av_iconfont='entypo-fontello' title='' data-avia-related-tooltip='Compartir en Whatsapp' rel=\"noopener\"><span class='avia_hidden_link_text'>Compartir en Whatsapp<\/span><\/a><\/li><li class='av-share-link av-social-link-linkedin' ><a target=\"_blank\" aria-label=\"Compartir en LinkedIn\" href='https:\/\/linkedin.com\/shareArticle?mini=true&#038;title=Permisos%20laborales%20por%20muerte%20de%20familiares%3A%20%C2%BFen%20qu%C3%A9%20consiste%20la%20nueva%20ley%3F&#038;url=https:\/\/radiorevelacionfm.cl\/?p=15185' aria-hidden='false' data-av_icon='\ue8fc' data-av_iconfont='entypo-fontello' title='' data-avia-related-tooltip='Compartir en LinkedIn' rel=\"noopener\"><span class='avia_hidden_link_text'>Compartir en LinkedIn<\/span><\/a><\/li><li class='av-share-link av-social-link-mail' ><a  aria-label=\"Compartir por correo\" href='mailto:?subject=Permisos%20laborales%20por%20muerte%20de%20familiares%3A%20%C2%BFen%20qu%C3%A9%20consiste%20la%20nueva%20ley%3F&#038;body=https:\/\/radiorevelacionfm.cl\/?p=15185' aria-hidden='false' data-av_icon='\ue805' data-av_iconfont='entypo-fontello' title='' data-avia-related-tooltip='Compartir por correo'><span class='avia_hidden_link_text'>Compartir por correo<\/span><\/a><\/li><\/ul><\/div><\/div>\n<div  style='height:50px' class='hr hr-invisible   avia-builder-el-8  el_after_av_social_share  el_before_av_comments_list '><span class='hr-inner ' ><span class='hr-inner-style'><\/span><\/span><\/div>\n<div  class='av-buildercomment  av-blog-meta-html-info-disabled av-blog-meta-tag-disabled  '><\/div>\n","protected":false},"excerpt":{"rendered":"","protected":false},"author":1,"featured_media":15186,"comment_status":"open","ping_status":"open","sticky":false,"template":"","format":"standard","meta":{"footnotes":""},"categories":[56],"tags":[],"class_list":["post-15185","post","type-post","status-publish","format-standard","has-post-thumbnail","hentry","category-trabajo"],"jetpack_featured_media_url":"https:\/\/radiorevelacionfm.cl\/wp-content\/uploads\/2022\/03\/duelo1.jpg","_links":{"self":[{"href":"https:\/\/radiorevelacionfm.cl\/index.php?rest_route=\/wp\/v2\/posts\/15185","targetHints":{"allow":["GET"]}}],"collection":[{"href":"https:\/\/radiorevelacionfm.cl\/index.php?rest_route=\/wp\/v2\/posts"}],"about":[{"href":"https:\/\/radiorevelacionfm.cl\/index.php?rest_route=\/wp\/v2\/types\/post"}],"author":[{"embeddable":true,"href":"https:\/\/radiorevelacionfm.cl\/index.php?rest_route=\/wp\/v2\/users\/1"}],"replies":[{"embeddable":true,"href":"https:\/\/radiorevelacionfm.cl\/index.php?rest_route=%2Fwp%2Fv2%2Fcomments&post=15185"}],"version-history":[{"count":2,"href":"https:\/\/radiorevelacionfm.cl\/index.php?rest_route=\/wp\/v2\/posts\/15185\/revisions"}],"predecessor-version":[{"id":15273,"href":"https:\/\/radiorevelacionfm.cl\/index.php?rest_route=\/wp\/v2\/posts\/15185\/revisions\/15273"}],"wp:featuredmedia":[{"embeddable":true,"href":"https:\/\/radiorevelacionfm.cl\/index.php?rest_route=\/wp\/v2\/media\/15186"}],"wp:attachment":[{"href":"https:\/\/radiorevelacionfm.cl\/index.php?rest_route=%2Fwp%2Fv2%2Fmedia&parent=15185"}],"wp:term":[{"taxonomy":"category","embeddable":true,"href":"https:\/\/radiorevelacionfm.cl\/index.php?rest_route=%2Fwp%2Fv2%2Fcategories&post=15185"},{"taxonomy":"post_tag","embeddable":true,"href":"https:\/\/radiorevelacionfm.cl\/index.php?rest_route=%2Fwp%2Fv2%2Ftags&post=15185"}],"curies":[{"name":"wp","href":"https:\/\/api.w.org\/{rel}","templated":true}]}}