{"id":15176,"date":"2022-03-29T19:29:29","date_gmt":"2022-03-29T22:29:29","guid":{"rendered":"https:\/\/radiorevelacionfm.cl\/?p=15176"},"modified":"2022-03-29T19:29:29","modified_gmt":"2022-03-29T22:29:29","slug":"sector-salud-y-educacion-fortalecen-campana-de-vacunacion-contra-la-influenza-y-el-covid","status":"publish","type":"post","link":"https:\/\/radiorevelacionfm.cl\/?p=15176","title":{"rendered":"Sector Salud y Educaci\u00f3n fortalecen campa\u00f1a de vacunaci\u00f3n contra la Influenza y el Covid"},"content":{"rendered":"<div class=\"flex_column av_one_full  flex_column_div av-zero-column-padding first  avia-builder-el-0  el_before_av_one_full  avia-builder-el-first  \" style='border-radius:0px; '><div  class='avia-image-container  av-styling-    avia-builder-el-1  avia-builder-el-no-sibling  avia-align-center '  itemprop=\"image\" itemscope=\"itemscope\" itemtype=\"https:\/\/schema.org\/ImageObject\"  ><div class='avia-image-container-inner'><div class='avia-image-overlay-wrap'><img decoding=\"async\" class='wp-image-0 avia-img-lazy-loading-not-0 avia_image' src=\"https:\/\/radiorevelacionfm.cl\/wp-content\/uploads\/2022\/03\/Vacunacio\u0301n_Influenza_290322_1-1.jpg\" alt='' title=''   itemprop=\"thumbnailUrl\"  \/><\/div><\/div><\/div><\/div><div class=\"flex_column av_one_full  flex_column_div av-zero-column-padding first  avia-builder-el-2  el_after_av_one_full  el_before_av_one_full  column-top-margin\" style='border-radius:0px; '><section class=\"av_textblock_section \"  itemscope=\"itemscope\" itemtype=\"https:\/\/schema.org\/BlogPosting\" itemprop=\"blogPost\" ><div class='avia_textblock  '   itemprop=\"text\" ><p style=\"text-align: center;\"><span style=\"font-size: 18pt;\"><strong>Sector Salud y Educaci\u00f3n fortalecen campa\u00f1a de vacunaci\u00f3n contra la Influenza y el Covid<\/strong><\/span><\/p>\n<div id=\"gtx-trans\" style=\"position: absolute; left: -50px; top: 4.31534px;\">\n<div class=\"gtx-trans-icon\"><\/div>\n<\/div>\n<\/div><\/section><\/div><div class=\"flex_column av_one_full  flex_column_div av-zero-column-padding first  avia-builder-el-4  el_after_av_one_full  el_before_av_hr  column-top-margin\" style='border-radius:0px; '><section class=\"av_textblock_section \"  itemscope=\"itemscope\" itemtype=\"https:\/\/schema.org\/BlogPosting\" itemprop=\"blogPost\" ><div class='avia_textblock  '   itemprop=\"text\" ><p style=\"text-align: justify;\">M\u00e1s de 100 ni\u00f1os fueron vacunados contra la influenza, entre los d\u00edas lunes 28 y martes 29 de marzo, en el establecimiento de educaci\u00f3n diferencial de la comuna de Coyhaique, mediante la realizaci\u00f3n de un operativo que busca llegar a los diversos establecimientos educacionales de la regi\u00f3n, por lo que Gabriel Burgos, director del Servicio de Salud Ays\u00e9n, formul\u00f3 un llamado a los estudiantes, para que aprovechen el beneficio.<\/p>\n<p style=\"text-align: justify;\">\u201cHace una semana estuvimos con los adultos mayores, y hoy con los alumnos de la escuela Espa\u00f1a, por lo que hacemos el llamado a todos los estudiantes para que se puedan vacunar. El Servicio de Salud en todos los puntos de vacunaci\u00f3n COVID, ha dispuesto de la vacuna contra la Influenza, dirigido a todos los ni\u00f1os en edad escolar hasta quinto b\u00e1sico\u201d, sostuvo el jefe de la Red Asistencial, quien agreg\u00f3 que de las 46,000 vacunas aproximadas que se han destinado para la regi\u00f3n de Ays\u00e9n, nos llevar\u00e1n a alcanzar un 85% de cobertura.<\/p>\n<p style=\"text-align: justify;\">Por su parte, la Secretaria Regional Ministerial de Salud, Isabel Garrido, estableci\u00f3 qu\u00e9 era importante comenzar en una de las dos escuelas diferenciales existentes en la regi\u00f3n, ya que cumplen un rol indispensable en la inclusi\u00f3n de los ni\u00f1os, ni\u00f1as y j\u00f3venes, con necesidades educativas especiales.<\/p>\n<p style=\"text-align: justify;\">\u201cLlamar a las familias a que conf\u00eden y a que vacunen a sus ni\u00f1os y a sus ni\u00f1as, porque de eso depende el reencuentro educativo. Como Ministerio de Educaci\u00f3n, como Seremi, hemos puesto un fuerte foco en la vacunaci\u00f3n; los ni\u00f1os y ni\u00f1as cuando est\u00e1n vacunados, pueden retornar de manera segura a sus clases, se estableci\u00f3 un umbral de vacunaci\u00f3n del 80%, si es que en mayo se cumple ese umbral, se pueden retomar unas clases con aforo regular y si es que no se cumple, vamos a tener que volver al sistema de aforos y de distanciamiento f\u00edsico, lo cual es complejo, porque al d\u00eda de hoy necesitamos retomar el reencuentro educativo y la socializaci\u00f3n donde la escuela cumple un rol que es irremplazable ya que aqu\u00ed aprenden no s\u00f3lo contenidos, sino que a relacionarse y a comunicarse\u201d, enfatiz\u00f3 la autoridad de educaci\u00f3n.<\/p>\n<p style=\"text-align: justify;\">Reacciones desde el colegio.<\/p>\n<p style=\"text-align: justify;\">El representante del centro de alumnos de la escuela Espa\u00f1a, Esteban Alfonso Mansilla C\u00e1rdenas, coment\u00f3 que tras colocarse la vacuna se sinti\u00f3 \u201cMuy bien, porque as\u00ed se cuida a toda la linda familia de la escuela Espa\u00f1a y agradezco al Ministerio de Salud como todos los a\u00f1os\u201d.<\/p>\n<p style=\"text-align: justify;\">As\u00ed tambi\u00e9n Glenda Guti\u00e9rrez, trabajadora social del recinto educativo cont\u00f3, \u201cLlevo a cargo el proceso de vacunaci\u00f3n desde hace 8 a\u00f1os en el establecimiento, siempre en coordinaci\u00f3n con el Consultorio V\u00edctor Domingo Silva y con la respectiva autorizaci\u00f3n de los padres y apoderados de nuestra escuela\u201d, a\u00f1adiendo que, durante estos tres a\u00f1os de pandemia, no han presentado brotes de Covid-19.<\/p>\n<p style=\"text-align: justify;\">Finalmente, Sanny Ojeda, encargada del Programa Nacional de Inmunizaci\u00f3n desde la Seremi de Salud, plante\u00f3 que, \u201cTodav\u00eda tenemos un porcentaje importante de preescolares y escolares que no han recibido su vacuna contra el Covid-19 y tenemos que seguir avanzando y lograr la cobertura \u00f3ptima para llegar al 80% de vacunaci\u00f3n de preescolares, escolares y poblaci\u00f3n adulta. Hoy d\u00eda es posible administrar las dos vacunas de modo simult\u00e1neo, por lo que tambi\u00e9n a trav\u00e9s de esta estrategia se administra la vacuna influenza y no aumentan las reacciones adversas o molestias, esto para dar tranquilidad a los padres y apoderados\u201d, concluy\u00f3 la profesional de salud.<\/p>\n<\/div><\/section><\/div><div  style='height:50px' class='hr hr-invisible   avia-builder-el-6  el_after_av_one_full  el_before_av_social_share '><span class='hr-inner ' ><span class='hr-inner-style'><\/span><\/span><\/div><\/p>\n<div  class='av-social-sharing-box  avia-builder-el-7  el_after_av_hr  el_before_av_hr  '><div class='av-share-box'><h5 class='av-share-link-description av-no-toc '>Compartir esta noticia<\/h5><ul class='av-share-box-list noLightbox'><li class='av-share-link av-social-link-facebook' ><a target=\"_blank\" aria-label=\"Compartir en Facebook\" href='https:\/\/www.facebook.com\/sharer.php?u=https:\/\/radiorevelacionfm.cl\/?p=15176&#038;t=Sector%20Salud%20y%20Educaci%C3%B3n%20fortalecen%20campa%C3%B1a%20de%20vacunaci%C3%B3n%20contra%20la%20Influenza%20y%20el%20Covid' aria-hidden='false' data-av_icon='\ue8f3' data-av_iconfont='entypo-fontello' title='' data-avia-related-tooltip='Compartir en Facebook' rel=\"noopener\"><span class='avia_hidden_link_text'>Compartir en Facebook<\/span><\/a><\/li><li class='av-share-link av-social-link-twitter' ><a target=\"_blank\" aria-label=\"Compartir en Twitter\" href='https:\/\/twitter.com\/share?text=Sector%20Salud%20y%20Educaci%C3%B3n%20fortalecen%20campa%C3%B1a%20de%20vacunaci%C3%B3n%20contra%20la%20Influenza%20y%20el%20Covid&#038;url=https:\/\/radiorevelacionfm.cl\/?p=15176' aria-hidden='false' data-av_icon='\ue8f1' data-av_iconfont='entypo-fontello' title='' data-avia-related-tooltip='Compartir en Twitter' rel=\"noopener\"><span class='avia_hidden_link_text'>Compartir en Twitter<\/span><\/a><\/li><li class='av-share-link av-social-link-whatsapp' ><a target=\"_blank\" aria-label=\"Compartir en Whatsapp\" href='https:\/\/api.whatsapp.com\/send?text=https:\/\/radiorevelacionfm.cl\/?p=15176' aria-hidden='false' data-av_icon='\uf232' data-av_iconfont='entypo-fontello' title='' data-avia-related-tooltip='Compartir en Whatsapp' rel=\"noopener\"><span class='avia_hidden_link_text'>Compartir en Whatsapp<\/span><\/a><\/li><li class='av-share-link av-social-link-linkedin' ><a target=\"_blank\" aria-label=\"Compartir en LinkedIn\" href='https:\/\/linkedin.com\/shareArticle?mini=true&#038;title=Sector%20Salud%20y%20Educaci%C3%B3n%20fortalecen%20campa%C3%B1a%20de%20vacunaci%C3%B3n%20contra%20la%20Influenza%20y%20el%20Covid&#038;url=https:\/\/radiorevelacionfm.cl\/?p=15176' aria-hidden='false' data-av_icon='\ue8fc' data-av_iconfont='entypo-fontello' title='' data-avia-related-tooltip='Compartir en LinkedIn' rel=\"noopener\"><span class='avia_hidden_link_text'>Compartir en LinkedIn<\/span><\/a><\/li><li class='av-share-link av-social-link-mail' ><a  aria-label=\"Compartir por correo\" href='mailto:?subject=Sector%20Salud%20y%20Educaci%C3%B3n%20fortalecen%20campa%C3%B1a%20de%20vacunaci%C3%B3n%20contra%20la%20Influenza%20y%20el%20Covid&#038;body=https:\/\/radiorevelacionfm.cl\/?p=15176' aria-hidden='false' data-av_icon='\ue805' data-av_iconfont='entypo-fontello' title='' data-avia-related-tooltip='Compartir por correo'><span class='avia_hidden_link_text'>Compartir por correo<\/span><\/a><\/li><\/ul><\/div><\/div>\n<div  style='height:50px' class='hr hr-invisible   avia-builder-el-8  el_after_av_social_share  el_before_av_comments_list '><span class='hr-inner ' ><span class='hr-inner-style'><\/span><\/span><\/div>\n<div  class='av-buildercomment  av-blog-meta-html-info-disabled av-blog-meta-tag-disabled  '><\/div>\n","protected":false},"excerpt":{"rendered":"","protected":false},"author":1,"featured_media":15178,"comment_status":"open","ping_status":"open","sticky":false,"template":"","format":"standard","meta":{"footnotes":""},"categories":[46],"tags":[],"class_list":["post-15176","post","type-post","status-publish","format-standard","has-post-thumbnail","hentry","category-salud"],"jetpack_featured_media_url":"https:\/\/radiorevelacionfm.cl\/wp-content\/uploads\/2022\/03\/influenza_290322_optimized.jpg","_links":{"self":[{"href":"https:\/\/radiorevelacionfm.cl\/index.php?rest_route=\/wp\/v2\/posts\/15176","targetHints":{"allow":["GET"]}}],"collection":[{"href":"https:\/\/radiorevelacionfm.cl\/index.php?rest_route=\/wp\/v2\/posts"}],"about":[{"href":"https:\/\/radiorevelacionfm.cl\/index.php?rest_route=\/wp\/v2\/types\/post"}],"author":[{"embeddable":true,"href":"https:\/\/radiorevelacionfm.cl\/index.php?rest_route=\/wp\/v2\/users\/1"}],"replies":[{"embeddable":true,"href":"https:\/\/radiorevelacionfm.cl\/index.php?rest_route=%2Fwp%2Fv2%2Fcomments&post=15176"}],"version-history":[{"count":2,"href":"https:\/\/radiorevelacionfm.cl\/index.php?rest_route=\/wp\/v2\/posts\/15176\/revisions"}],"predecessor-version":[{"id":15184,"href":"https:\/\/radiorevelacionfm.cl\/index.php?rest_route=\/wp\/v2\/posts\/15176\/revisions\/15184"}],"wp:featuredmedia":[{"embeddable":true,"href":"https:\/\/radiorevelacionfm.cl\/index.php?rest_route=\/wp\/v2\/media\/15178"}],"wp:attachment":[{"href":"https:\/\/radiorevelacionfm.cl\/index.php?rest_route=%2Fwp%2Fv2%2Fmedia&parent=15176"}],"wp:term":[{"taxonomy":"category","embeddable":true,"href":"https:\/\/radiorevelacionfm.cl\/index.php?rest_route=%2Fwp%2Fv2%2Fcategories&post=15176"},{"taxonomy":"post_tag","embeddable":true,"href":"https:\/\/radiorevelacionfm.cl\/index.php?rest_route=%2Fwp%2Fv2%2Ftags&post=15176"}],"curies":[{"name":"wp","href":"https:\/\/api.w.org\/{rel}","templated":true}]}}