{"id":15170,"date":"2022-03-29T16:46:16","date_gmt":"2022-03-29T19:46:16","guid":{"rendered":"https:\/\/radiorevelacionfm.cl\/?p=15170"},"modified":"2022-03-29T16:46:16","modified_gmt":"2022-03-29T19:46:16","slug":"proyecto-soluciones-sanitarias-entrega-servicios-basicos-a-familias-de-sectores-rurales-de-rio-ibanez","status":"publish","type":"post","link":"https:\/\/radiorevelacionfm.cl\/?p=15170","title":{"rendered":"Proyecto \u201cSoluciones Sanitarias\u201d entrega servicios b\u00e1sicos a familias de sectores rurales de R\u00edo Ib\u00e1\u00f1ez"},"content":{"rendered":"<div class=\"flex_column av_one_full  flex_column_div av-zero-column-padding first  avia-builder-el-0  el_before_av_one_full  avia-builder-el-first  \" style='border-radius:0px; '><div  class='avia-image-container  av-styling-    avia-builder-el-1  avia-builder-el-no-sibling  avia-align-center '  itemprop=\"image\" itemscope=\"itemscope\" itemtype=\"https:\/\/schema.org\/ImageObject\"  ><div class='avia-image-container-inner'><div class='avia-image-overlay-wrap'><img decoding=\"async\" class='wp-image-15171 avia-img-lazy-loading-not-15171 avia_image' src=\"https:\/\/radiorevelacionfm.cl\/wp-content\/uploads\/2022\/03\/dsc_0090-1_optimized.jpg\" alt='' title='dsc_0090-(1)_optimized' height=\"600\" width=\"900\"  itemprop=\"thumbnailUrl\" srcset=\"https:\/\/radiorevelacionfm.cl\/wp-content\/uploads\/2022\/03\/dsc_0090-1_optimized.jpg 900w, https:\/\/radiorevelacionfm.cl\/wp-content\/uploads\/2022\/03\/dsc_0090-1_optimized-300x200.jpg 300w, https:\/\/radiorevelacionfm.cl\/wp-content\/uploads\/2022\/03\/dsc_0090-1_optimized-768x512.jpg 768w, https:\/\/radiorevelacionfm.cl\/wp-content\/uploads\/2022\/03\/dsc_0090-1_optimized-705x470.jpg 705w, https:\/\/radiorevelacionfm.cl\/wp-content\/uploads\/2022\/03\/dsc_0090-1_optimized-600x400.jpg 600w\" sizes=\"(max-width: 900px) 100vw, 900px\" \/><\/div><\/div><\/div><\/div><div class=\"flex_column av_one_full  flex_column_div av-zero-column-padding first  avia-builder-el-2  el_after_av_one_full  el_before_av_one_full  column-top-margin\" style='border-radius:0px; '><section class=\"av_textblock_section \"  itemscope=\"itemscope\" itemtype=\"https:\/\/schema.org\/BlogPosting\" itemprop=\"blogPost\" ><div class='avia_textblock  '   itemprop=\"text\" ><p style=\"text-align: center;\"><strong><span style=\"font-size: 18pt;\">Proyecto \u201cSoluciones Sanitarias\u201d entrega servicios b\u00e1sicos a familias de sectores rurales de R\u00edo Ib\u00e1\u00f1ez<\/span><\/strong><\/p>\n<div id=\"gtx-trans\" style=\"position: absolute; left: -50px; top: 4.31534px;\">\n<div class=\"gtx-trans-icon\"><\/div>\n<\/div>\n<\/div><\/section><\/div><div class=\"flex_column av_one_full  flex_column_div av-zero-column-padding first  avia-builder-el-4  el_after_av_one_full  el_before_av_hr  column-top-margin\" style='border-radius:0px; '><section class=\"av_textblock_section \"  itemscope=\"itemscope\" itemtype=\"https:\/\/schema.org\/BlogPosting\" itemprop=\"blogPost\" ><div class='avia_textblock  '   itemprop=\"text\" ><p style=\"font-weight: 400; text-align: justify;\">Acceder a servicios sanitarios b\u00e1sicos (agua potable y ba\u00f1o) es considerado un elemento b\u00e1sico en todos los hogares, sin embargo, no todas las familias cuentan con este servicio, principalmente en sectores rurales, como ocurre en R\u00edo Ib\u00e1\u00f1ez. Una realidad que busca ser subsanada con el proyecto municipal, Soluciones Sanitarias, que est\u00e1 beneficiando a 38 familias del sector.<\/p>\n<p style=\"font-weight: 400; text-align: justify;\">La falta de acceso a agua potable y a un ba\u00f1o es una problem\u00e1tica que comenz\u00f3 a ser abordada por la Municipalidad de R\u00edo Ib\u00e1\u00f1ez desde hace m\u00e1s de siete a\u00f1os, fecha en la que comenz\u00f3 el levantamiento de informaci\u00f3n y formulaci\u00f3n del que ser\u00eda el primer proyecto de Soluciones Sanitarias para 23 familias del sector La Bajada de Ib\u00e1\u00f1ez. Su construcci\u00f3n inici\u00f3 en noviembre de 2020 y este 22 de marzo fueron entregadas oficialmente por las autoridades comunales.<\/p>\n<p style=\"font-weight: 400; text-align: justify;\">El alcalde de la Ilustre Municipalidad de R\u00edo Ib\u00e1\u00f1ez, Marcelo Santana, estuvo presente en la ceremonia y felicit\u00f3 a las familias beneficiarias y al equipo municipal de la Direcci\u00f3n de Obras que estuvo detr\u00e1s de este trabajo, concluyendo que finalmente despu\u00e9s de varios a\u00f1os de esfuerzo \u201clas soluciones sanitarias vienen a mejorar enormemente la calidad de vida de nuestros vecinos y vecinas, quienes ahora podr\u00e1n acceder a un ba\u00f1o digno y a mejores condiciones higi\u00e9nicas\u201d.<\/p>\n<p style=\"font-weight: 400; text-align: justify;\">El proyecto contempl\u00f3 la construcci\u00f3n de casetas sanitarias, ba\u00f1os, captaciones de agua, alcantarillado particular, construcci\u00f3n de casetas de presurizaci\u00f3n (estanque de acumulaci\u00f3n de agua y cloraci\u00f3n).<\/p>\n<p style=\"font-weight: 400; text-align: justify;\">Este a\u00f1o gracias a la adjudicaci\u00f3n de un nuevo fondo financiado por la Subsecretar\u00eda de Desarrollo Regional y Administrativo (SUBDERE), se contrat\u00f3 un segundo proyecto de \u201cSoluciones Sanitarias\u201d de aproximadamente $235 millones. El inspector de la obra, Mart\u00edn D\u00edaz, destac\u00f3 que en esta ocasi\u00f3n \u201c15 familias que viven en los sectores de Lago Las Ardillas, Lago Alto, Lago Fontana, R\u00edo Sin Nombre, ser\u00e1n parte de este segundo proyecto\u201d.<\/p>\n<p style=\"font-weight: 400; text-align: justify;\">Uno de los nuevos beneficiarios del sector R\u00edo Sin Nombre, Don Humberto Carrasco, manifest\u00f3 que \u201cde apoco vamos saliendo de lo r\u00fastico, antes era impensado que llegara un auto ac\u00e1 con los materiales. Yo me cri\u00e9 aqu\u00ed y ya tengo 68 a\u00f1os, estoy muy agradecido porque esto me va a mejorar la vida\u201d afirm\u00f3.<\/p>\n<p style=\"font-weight: 400; text-align: justify;\">La comuna de R\u00edo Ib\u00e1\u00f1ez es catalogada como 100% rural por el Instituto Nacional de Estad\u00edsticas (INE), por lo que este tipo de proyectos seguir\u00e1n siendo necesarios para llegar hasta aquellos vecinos que se encuentran m\u00e1s aislados. Para ello la Municipalidad de R\u00edo Ib\u00e1\u00f1ez cuenta con un equipo de profesionales especializados en la elaboraci\u00f3n de proyectos de esta naturaleza.<\/p>\n<\/div><\/section><\/div><div  style='height:50px' class='hr hr-invisible   avia-builder-el-6  el_after_av_one_full  el_before_av_social_share '><span class='hr-inner ' ><span class='hr-inner-style'><\/span><\/span><\/div><\/p>\n<div  class='av-social-sharing-box  avia-builder-el-7  el_after_av_hr  el_before_av_hr  '><div class='av-share-box'><h5 class='av-share-link-description av-no-toc '>Compartir esta noticia<\/h5><ul class='av-share-box-list noLightbox'><li class='av-share-link av-social-link-facebook' ><a target=\"_blank\" aria-label=\"Compartir en Facebook\" href='https:\/\/www.facebook.com\/sharer.php?u=https:\/\/radiorevelacionfm.cl\/?p=15170&#038;t=Proyecto%20%E2%80%9CSoluciones%20Sanitarias%E2%80%9D%20entrega%20servicios%20b%C3%A1sicos%20a%20familias%20de%20sectores%20rurales%20de%20R%C3%ADo%20Ib%C3%A1%C3%B1ez' aria-hidden='false' data-av_icon='\ue8f3' data-av_iconfont='entypo-fontello' title='' data-avia-related-tooltip='Compartir en Facebook' rel=\"noopener\"><span class='avia_hidden_link_text'>Compartir en Facebook<\/span><\/a><\/li><li class='av-share-link av-social-link-twitter' ><a target=\"_blank\" aria-label=\"Compartir en Twitter\" href='https:\/\/twitter.com\/share?text=Proyecto%20%E2%80%9CSoluciones%20Sanitarias%E2%80%9D%20entrega%20servicios%20b%C3%A1sicos%20a%20familias%20de%20sectores%20rurales%20de%20R%C3%ADo%20Ib%C3%A1%C3%B1ez&#038;url=https:\/\/radiorevelacionfm.cl\/?p=15170' aria-hidden='false' data-av_icon='\ue8f1' data-av_iconfont='entypo-fontello' title='' data-avia-related-tooltip='Compartir en Twitter' rel=\"noopener\"><span class='avia_hidden_link_text'>Compartir en Twitter<\/span><\/a><\/li><li class='av-share-link av-social-link-whatsapp' ><a target=\"_blank\" aria-label=\"Compartir en Whatsapp\" href='https:\/\/api.whatsapp.com\/send?text=https:\/\/radiorevelacionfm.cl\/?p=15170' aria-hidden='false' data-av_icon='\uf232' data-av_iconfont='entypo-fontello' title='' data-avia-related-tooltip='Compartir en Whatsapp' rel=\"noopener\"><span class='avia_hidden_link_text'>Compartir en Whatsapp<\/span><\/a><\/li><li class='av-share-link av-social-link-linkedin' ><a target=\"_blank\" aria-label=\"Compartir en LinkedIn\" href='https:\/\/linkedin.com\/shareArticle?mini=true&#038;title=Proyecto%20%E2%80%9CSoluciones%20Sanitarias%E2%80%9D%20entrega%20servicios%20b%C3%A1sicos%20a%20familias%20de%20sectores%20rurales%20de%20R%C3%ADo%20Ib%C3%A1%C3%B1ez&#038;url=https:\/\/radiorevelacionfm.cl\/?p=15170' aria-hidden='false' data-av_icon='\ue8fc' data-av_iconfont='entypo-fontello' title='' data-avia-related-tooltip='Compartir en LinkedIn' rel=\"noopener\"><span class='avia_hidden_link_text'>Compartir en LinkedIn<\/span><\/a><\/li><li class='av-share-link av-social-link-mail' ><a  aria-label=\"Compartir por correo\" href='mailto:?subject=Proyecto%20%E2%80%9CSoluciones%20Sanitarias%E2%80%9D%20entrega%20servicios%20b%C3%A1sicos%20a%20familias%20de%20sectores%20rurales%20de%20R%C3%ADo%20Ib%C3%A1%C3%B1ez&#038;body=https:\/\/radiorevelacionfm.cl\/?p=15170' aria-hidden='false' data-av_icon='\ue805' data-av_iconfont='entypo-fontello' title='' data-avia-related-tooltip='Compartir por correo'><span class='avia_hidden_link_text'>Compartir por correo<\/span><\/a><\/li><\/ul><\/div><\/div>\n<div  style='height:50px' class='hr hr-invisible   avia-builder-el-8  el_after_av_social_share  el_before_av_comments_list '><span class='hr-inner ' ><span class='hr-inner-style'><\/span><\/span><\/div>\n<div  class='av-buildercomment  av-blog-meta-html-info-disabled av-blog-meta-tag-disabled  '><\/div>\n","protected":false},"excerpt":{"rendered":"","protected":false},"author":1,"featured_media":15171,"comment_status":"open","ping_status":"open","sticky":false,"template":"","format":"standard","meta":{"footnotes":""},"categories":[38],"tags":[],"class_list":["post-15170","post","type-post","status-publish","format-standard","has-post-thumbnail","hentry","category-regional"],"jetpack_featured_media_url":"https:\/\/radiorevelacionfm.cl\/wp-content\/uploads\/2022\/03\/dsc_0090-1_optimized.jpg","_links":{"self":[{"href":"https:\/\/radiorevelacionfm.cl\/index.php?rest_route=\/wp\/v2\/posts\/15170","targetHints":{"allow":["GET"]}}],"collection":[{"href":"https:\/\/radiorevelacionfm.cl\/index.php?rest_route=\/wp\/v2\/posts"}],"about":[{"href":"https:\/\/radiorevelacionfm.cl\/index.php?rest_route=\/wp\/v2\/types\/post"}],"author":[{"embeddable":true,"href":"https:\/\/radiorevelacionfm.cl\/index.php?rest_route=\/wp\/v2\/users\/1"}],"replies":[{"embeddable":true,"href":"https:\/\/radiorevelacionfm.cl\/index.php?rest_route=%2Fwp%2Fv2%2Fcomments&post=15170"}],"version-history":[{"count":2,"href":"https:\/\/radiorevelacionfm.cl\/index.php?rest_route=\/wp\/v2\/posts\/15170\/revisions"}],"predecessor-version":[{"id":15175,"href":"https:\/\/radiorevelacionfm.cl\/index.php?rest_route=\/wp\/v2\/posts\/15170\/revisions\/15175"}],"wp:featuredmedia":[{"embeddable":true,"href":"https:\/\/radiorevelacionfm.cl\/index.php?rest_route=\/wp\/v2\/media\/15171"}],"wp:attachment":[{"href":"https:\/\/radiorevelacionfm.cl\/index.php?rest_route=%2Fwp%2Fv2%2Fmedia&parent=15170"}],"wp:term":[{"taxonomy":"category","embeddable":true,"href":"https:\/\/radiorevelacionfm.cl\/index.php?rest_route=%2Fwp%2Fv2%2Fcategories&post=15170"},{"taxonomy":"post_tag","embeddable":true,"href":"https:\/\/radiorevelacionfm.cl\/index.php?rest_route=%2Fwp%2Fv2%2Ftags&post=15170"}],"curies":[{"name":"wp","href":"https:\/\/api.w.org\/{rel}","templated":true}]}}