{"id":15166,"date":"2022-03-29T16:15:00","date_gmt":"2022-03-29T19:15:00","guid":{"rendered":"https:\/\/radiorevelacionfm.cl\/?p=15166"},"modified":"2022-03-29T16:15:00","modified_gmt":"2022-03-29T19:15:00","slug":"estudiantes-propedeutico-uach-de-la-region-de-aysen-aumentan-su-ingreso-a-la-educacion-superior","status":"publish","type":"post","link":"https:\/\/radiorevelacionfm.cl\/?p=15166","title":{"rendered":"Estudiantes Proped\u00e9utico UACh de la Regi\u00f3n de Ays\u00e9n aumentan su ingreso a la Educaci\u00f3n Superior"},"content":{"rendered":"<div class=\"flex_column av_one_full  flex_column_div av-zero-column-padding first  avia-builder-el-0  el_before_av_one_full  avia-builder-el-first  \" style='border-radius:0px; '><div  class='avia-image-container  av-styling-    avia-builder-el-1  avia-builder-el-no-sibling  avia-align-center '  itemprop=\"image\" itemscope=\"itemscope\" itemtype=\"https:\/\/schema.org\/ImageObject\"  ><div class='avia-image-container-inner'><div class='avia-image-overlay-wrap'><img decoding=\"async\" class='wp-image-15167 avia-img-lazy-loading-not-15167 avia_image' src=\"https:\/\/radiorevelacionfm.cl\/wp-content\/uploads\/2022\/03\/foto-nota-prope-1_optimized.jpg\" alt='' title='foto-nota-prope-(1)_optimized' height=\"600\" width=\"1067\"  itemprop=\"thumbnailUrl\" srcset=\"https:\/\/radiorevelacionfm.cl\/wp-content\/uploads\/2022\/03\/foto-nota-prope-1_optimized.jpg 1067w, https:\/\/radiorevelacionfm.cl\/wp-content\/uploads\/2022\/03\/foto-nota-prope-1_optimized-300x169.jpg 300w, https:\/\/radiorevelacionfm.cl\/wp-content\/uploads\/2022\/03\/foto-nota-prope-1_optimized-1030x579.jpg 1030w, https:\/\/radiorevelacionfm.cl\/wp-content\/uploads\/2022\/03\/foto-nota-prope-1_optimized-768x432.jpg 768w, https:\/\/radiorevelacionfm.cl\/wp-content\/uploads\/2022\/03\/foto-nota-prope-1_optimized-705x396.jpg 705w, https:\/\/radiorevelacionfm.cl\/wp-content\/uploads\/2022\/03\/foto-nota-prope-1_optimized-600x337.jpg 600w\" sizes=\"(max-width: 1067px) 100vw, 1067px\" \/><\/div><\/div><\/div><\/div><div class=\"flex_column av_one_full  flex_column_div av-zero-column-padding first  avia-builder-el-2  el_after_av_one_full  el_before_av_one_full  column-top-margin\" style='border-radius:0px; '><section class=\"av_textblock_section \"  itemscope=\"itemscope\" itemtype=\"https:\/\/schema.org\/BlogPosting\" itemprop=\"blogPost\" ><div class='avia_textblock  '   itemprop=\"text\" ><p style=\"text-align: center;\"><span style=\"font-size: 18pt;\"><strong>Estudiantes Proped\u00e9utico UACh de la Regi\u00f3n de Ays\u00e9n aumentan su ingreso a la Educaci\u00f3n Superior<\/strong><\/span><\/p>\n<div id=\"gtx-trans\" style=\"position: absolute; left: -50px; top: 4.31534px;\">\n<div class=\"gtx-trans-icon\"><\/div>\n<\/div>\n<\/div><\/section><\/div><div class=\"flex_column av_one_full  flex_column_div av-zero-column-padding first  avia-builder-el-4  el_after_av_one_full  el_before_av_hr  column-top-margin\" style='border-radius:0px; '><section class=\"av_textblock_section \"  itemscope=\"itemscope\" itemtype=\"https:\/\/schema.org\/BlogPosting\" itemprop=\"blogPost\" ><div class='avia_textblock  '   itemprop=\"text\" ><p style=\"text-align: justify;\">El programa Proped\u00e9utico de la Universidad Austral de Chile (UACh), implementado en primera instancia por el Campus Patagonia en Coyhaique, nace hace 10 a\u00f1os con el objetivo de otorgar oportunidades de acceso a la educaci\u00f3n superior para estudiantes que son destacados acad\u00e9micamente en su contexto pero que, al venir de establecimientos educacionales vulnerables, no alcanzan el puntaje m\u00ednimo en la PDT.<\/p>\n<p style=\"text-align: justify;\">Asimismo, las y los estudiantes deben pertenecer al 10% superior del ranking de notas de su promoci\u00f3n, tener una alta asistencia a las actividades de Preparaci\u00f3n Acad\u00e9mica Temprana (PAT) -que se desarrollan en cuarto medio- y aprobar los m\u00f3dulos que el programa imparte.<\/p>\n<p style=\"text-align: justify;\">Uno de los avances m\u00e1s importantes que ha tenido el programa durante el a\u00f1o 2021 es la integraci\u00f3n del Liceo Pioneros del Sur de Villa O\u2019Higgins de la Regi\u00f3n de Ays\u00e9n y para este a\u00f1o una de sus estudiantes ingres\u00f3 a la carrera de Medicina Veterinaria en la Universidad Austral de Chile, sede Valdivia.<\/p>\n<p style=\"text-align: justify;\">As\u00ed lo destac\u00f3 Bernardita Maillard, directora de la iniciativa en el Campus Patagonia, \u201cdurante los a\u00f1os 2020 y 2021, en pandemia, \u00a0\u00a0se logr\u00f3 llevar a cabo el programa Proped\u00e9utico en una muy buena forma, debido a que los colegios una vez m\u00e1s nos apoyaron en esta convocatoria y por otro lado, tuvimos la posibilidad de llegar a comunidades m\u00e1s alejadas de Coyhaique. Adem\u00e1s los estudiantes tuvieron la posibilidad de trabajar en un proyecto adjudicado por la Uni\u00f3n Europea\u00a0 llamado Solidaris, dependiente del Campus Patagonia, que les permiti\u00f3 tener otras experiencias internacionales destacadas. Para la Universidad es muy relevante que sigamos propiciando los accesos inclusivos a la Educaci\u00f3n Superior.\u201d<\/p>\n<p style=\"text-align: justify;\">Este 2022 ingresaron cinco estudiantes a las distintas carreras que imparte el Campus Patagonia, tres de ellas en Pedagog\u00eda en Educaci\u00f3n B\u00e1sica con menciones , una a Bachillerato en Ciencias de la Ingenier\u00eda y una estudiante a la carrera T\u00e9cnico Universitario en Turismo de Naturaleza.<\/p>\n<p style=\"text-align: justify;\">Teresa Bilbao, ex estudiante del Liceo Juan Pablo II de Coyhaique y actual estudiante de Pedagog\u00eda en Educaci\u00f3n B\u00e1sica con menciones del Campus Patagonia UACh, se\u00f1al\u00f3 que \u201cel programa me pareci\u00f3 muy bueno, aprend\u00ed cosas nuevas, conoc\u00ed personas que me ayudaron bastante y me siguen entregando apoyo. A m\u00ed me toc\u00f3 participar de forma online por el tema de la pandemia; adem\u00e1s me pasaron contenidos que me sirvi\u00f3 bastante recordar y era un ambiente s\u00faper agradable\u201d.<\/p>\n<p style=\"text-align: justify;\">En la misma l\u00ednea, los y las estudiantes iniciaron su a\u00f1o acad\u00e9mico con una inducci\u00f3n a la vida universitaria a trav\u00e9s de la Unidad de Apoyo al Aprendizaje manteniendo apoyo acad\u00e9mico y psicosocial durante todo el a\u00f1o y permanencia en la Universidad Austral de Chile.<\/p>\n<p style=\"text-align: justify;\">\u201cPara el Campus Patagonia es muy relevante el ingreso de estudiantes, ya que son de la regi\u00f3n que se quedan estudiando junto a sus familias, a sus seres queridos, a sus amigos y tienen una posibilidad de ingresar a la universidad sin tener que emigrar, por lo tanto es una gran noticia para nosotros y para la regi\u00f3n tambi\u00e9n\u201d, precis\u00f3 Bernardita Maillard.<\/p>\n<p style=\"text-align: justify;\">Cabe se\u00f1alar que los estudiantes pertenecientes al programa durante el a\u00f1o 2021, en modalidad online, eligieron diversas casas de estudios superiores, desplaz\u00e1ndose en gran parte por la zona sur austral del pa\u00eds.<\/p>\n<p style=\"text-align: justify;\">Finalmente, Teresa Bilbao, insta a la participaci\u00f3n de la pr\u00f3xima versi\u00f3n del programa \u201caprovechen las oportunidades que se les presentan, ya que esta es una gran oportunidad, sirve mucho y hay que disfrutarlo porque es una linda experiencia\u201d.<\/p>\n<\/div><\/section><\/div><div  style='height:50px' class='hr hr-invisible   avia-builder-el-6  el_after_av_one_full  el_before_av_social_share '><span class='hr-inner ' ><span class='hr-inner-style'><\/span><\/span><\/div><\/p>\n<div  class='av-social-sharing-box  avia-builder-el-7  el_after_av_hr  el_before_av_hr  '><div class='av-share-box'><h5 class='av-share-link-description av-no-toc '>Compartir esta noticia<\/h5><ul class='av-share-box-list noLightbox'><li class='av-share-link av-social-link-facebook' ><a target=\"_blank\" aria-label=\"Compartir en Facebook\" href='https:\/\/www.facebook.com\/sharer.php?u=https:\/\/radiorevelacionfm.cl\/?p=15166&#038;t=Estudiantes%20Proped%C3%A9utico%20UACh%20de%20la%20Regi%C3%B3n%20de%20Ays%C3%A9n%20aumentan%20su%20ingreso%20a%20la%20Educaci%C3%B3n%20Superior' aria-hidden='false' data-av_icon='\ue8f3' data-av_iconfont='entypo-fontello' title='' data-avia-related-tooltip='Compartir en Facebook' rel=\"noopener\"><span class='avia_hidden_link_text'>Compartir en Facebook<\/span><\/a><\/li><li class='av-share-link av-social-link-twitter' ><a target=\"_blank\" aria-label=\"Compartir en Twitter\" href='https:\/\/twitter.com\/share?text=Estudiantes%20Proped%C3%A9utico%20UACh%20de%20la%20Regi%C3%B3n%20de%20Ays%C3%A9n%20aumentan%20su%20ingreso%20a%20la%20Educaci%C3%B3n%20Superior&#038;url=https:\/\/radiorevelacionfm.cl\/?p=15166' aria-hidden='false' data-av_icon='\ue8f1' data-av_iconfont='entypo-fontello' title='' data-avia-related-tooltip='Compartir en Twitter' rel=\"noopener\"><span class='avia_hidden_link_text'>Compartir en Twitter<\/span><\/a><\/li><li class='av-share-link av-social-link-whatsapp' ><a target=\"_blank\" aria-label=\"Compartir en Whatsapp\" href='https:\/\/api.whatsapp.com\/send?text=https:\/\/radiorevelacionfm.cl\/?p=15166' aria-hidden='false' data-av_icon='\uf232' data-av_iconfont='entypo-fontello' title='' data-avia-related-tooltip='Compartir en Whatsapp' rel=\"noopener\"><span class='avia_hidden_link_text'>Compartir en Whatsapp<\/span><\/a><\/li><li class='av-share-link av-social-link-linkedin' ><a target=\"_blank\" aria-label=\"Compartir en LinkedIn\" href='https:\/\/linkedin.com\/shareArticle?mini=true&#038;title=Estudiantes%20Proped%C3%A9utico%20UACh%20de%20la%20Regi%C3%B3n%20de%20Ays%C3%A9n%20aumentan%20su%20ingreso%20a%20la%20Educaci%C3%B3n%20Superior&#038;url=https:\/\/radiorevelacionfm.cl\/?p=15166' aria-hidden='false' data-av_icon='\ue8fc' data-av_iconfont='entypo-fontello' title='' data-avia-related-tooltip='Compartir en LinkedIn' rel=\"noopener\"><span class='avia_hidden_link_text'>Compartir en LinkedIn<\/span><\/a><\/li><li class='av-share-link av-social-link-mail' ><a  aria-label=\"Compartir por correo\" href='mailto:?subject=Estudiantes%20Proped%C3%A9utico%20UACh%20de%20la%20Regi%C3%B3n%20de%20Ays%C3%A9n%20aumentan%20su%20ingreso%20a%20la%20Educaci%C3%B3n%20Superior&#038;body=https:\/\/radiorevelacionfm.cl\/?p=15166' aria-hidden='false' data-av_icon='\ue805' data-av_iconfont='entypo-fontello' title='' data-avia-related-tooltip='Compartir por correo'><span class='avia_hidden_link_text'>Compartir por correo<\/span><\/a><\/li><\/ul><\/div><\/div>\n<div  style='height:50px' class='hr hr-invisible   avia-builder-el-8  el_after_av_social_share  el_before_av_comments_list '><span class='hr-inner ' ><span class='hr-inner-style'><\/span><\/span><\/div>\n<div  class='av-buildercomment  av-blog-meta-html-info-disabled av-blog-meta-tag-disabled  '><\/div>\n","protected":false},"excerpt":{"rendered":"","protected":false},"author":1,"featured_media":15167,"comment_status":"open","ping_status":"open","sticky":false,"template":"","format":"standard","meta":{"footnotes":""},"categories":[49],"tags":[],"class_list":["post-15166","post","type-post","status-publish","format-standard","has-post-thumbnail","hentry","category-educacion"],"jetpack_featured_media_url":"https:\/\/radiorevelacionfm.cl\/wp-content\/uploads\/2022\/03\/foto-nota-prope-1_optimized.jpg","_links":{"self":[{"href":"https:\/\/radiorevelacionfm.cl\/index.php?rest_route=\/wp\/v2\/posts\/15166","targetHints":{"allow":["GET"]}}],"collection":[{"href":"https:\/\/radiorevelacionfm.cl\/index.php?rest_route=\/wp\/v2\/posts"}],"about":[{"href":"https:\/\/radiorevelacionfm.cl\/index.php?rest_route=\/wp\/v2\/types\/post"}],"author":[{"embeddable":true,"href":"https:\/\/radiorevelacionfm.cl\/index.php?rest_route=\/wp\/v2\/users\/1"}],"replies":[{"embeddable":true,"href":"https:\/\/radiorevelacionfm.cl\/index.php?rest_route=%2Fwp%2Fv2%2Fcomments&post=15166"}],"version-history":[{"count":2,"href":"https:\/\/radiorevelacionfm.cl\/index.php?rest_route=\/wp\/v2\/posts\/15166\/revisions"}],"predecessor-version":[{"id":15174,"href":"https:\/\/radiorevelacionfm.cl\/index.php?rest_route=\/wp\/v2\/posts\/15166\/revisions\/15174"}],"wp:featuredmedia":[{"embeddable":true,"href":"https:\/\/radiorevelacionfm.cl\/index.php?rest_route=\/wp\/v2\/media\/15167"}],"wp:attachment":[{"href":"https:\/\/radiorevelacionfm.cl\/index.php?rest_route=%2Fwp%2Fv2%2Fmedia&parent=15166"}],"wp:term":[{"taxonomy":"category","embeddable":true,"href":"https:\/\/radiorevelacionfm.cl\/index.php?rest_route=%2Fwp%2Fv2%2Fcategories&post=15166"},{"taxonomy":"post_tag","embeddable":true,"href":"https:\/\/radiorevelacionfm.cl\/index.php?rest_route=%2Fwp%2Fv2%2Ftags&post=15166"}],"curies":[{"name":"wp","href":"https:\/\/api.w.org\/{rel}","templated":true}]}}