{"id":15160,"date":"2022-03-29T15:48:40","date_gmt":"2022-03-29T18:48:40","guid":{"rendered":"https:\/\/radiorevelacionfm.cl\/?p=15160"},"modified":"2022-03-29T15:48:40","modified_gmt":"2022-03-29T18:48:40","slug":"hepi-un-programa-que-respalda-el-proceso-de-crianza-y-la-parentalidad-positiva-en-la-comuna-de-aysen","status":"publish","type":"post","link":"https:\/\/radiorevelacionfm.cl\/?p=15160","title":{"rendered":"HEPI: un programa que respalda el proceso de crianza y la parentalidad positiva en la comuna de Ays\u00e9n"},"content":{"rendered":"<div class=\"flex_column av_one_full  flex_column_div av-zero-column-padding first  avia-builder-el-0  el_before_av_one_full  avia-builder-el-first  \" style='border-radius:0px; '><div  class='avia-image-container  av-styling-    avia-builder-el-1  avia-builder-el-no-sibling  avia-align-center '  itemprop=\"image\" itemscope=\"itemscope\" itemtype=\"https:\/\/schema.org\/ImageObject\"  ><div class='avia-image-container-inner'><div class='avia-image-overlay-wrap'><img decoding=\"async\" class='wp-image-15163 avia-img-lazy-loading-not-15163 avia_image' src=\"https:\/\/radiorevelacionfm.cl\/wp-content\/uploads\/2022\/03\/Pilar-Iturra-y-Nataly-Borquez-2-1-1.jpg\" alt='' title='Pilar Iturra y Nataly Borquez (2) (1) (1)' height=\"600\" width=\"882\"  itemprop=\"thumbnailUrl\" srcset=\"https:\/\/radiorevelacionfm.cl\/wp-content\/uploads\/2022\/03\/Pilar-Iturra-y-Nataly-Borquez-2-1-1.jpg 882w, https:\/\/radiorevelacionfm.cl\/wp-content\/uploads\/2022\/03\/Pilar-Iturra-y-Nataly-Borquez-2-1-1-300x204.jpg 300w, https:\/\/radiorevelacionfm.cl\/wp-content\/uploads\/2022\/03\/Pilar-Iturra-y-Nataly-Borquez-2-1-1-768x522.jpg 768w, https:\/\/radiorevelacionfm.cl\/wp-content\/uploads\/2022\/03\/Pilar-Iturra-y-Nataly-Borquez-2-1-1-705x480.jpg 705w, https:\/\/radiorevelacionfm.cl\/wp-content\/uploads\/2022\/03\/Pilar-Iturra-y-Nataly-Borquez-2-1-1-600x408.jpg 600w\" sizes=\"(max-width: 882px) 100vw, 882px\" \/><\/div><\/div><\/div><\/div><div class=\"flex_column av_one_full  flex_column_div av-zero-column-padding first  avia-builder-el-2  el_after_av_one_full  el_before_av_one_full  column-top-margin\" style='border-radius:0px; '><section class=\"av_textblock_section \"  itemscope=\"itemscope\" itemtype=\"https:\/\/schema.org\/BlogPosting\" itemprop=\"blogPost\" ><div class='avia_textblock  '   itemprop=\"text\" ><p style=\"text-align: center;\"><span style=\"font-size: 18pt;\"><strong>HEPI: un programa que respalda el proceso de crianza y la parentalidad positiva en la comuna de Ays\u00e9n<\/strong><\/span><\/p>\n<div id=\"gtx-trans\" style=\"position: absolute; left: -50px; top: 4.31534px;\">\n<div class=\"gtx-trans-icon\"><\/div>\n<\/div>\n<\/div><\/section><\/div><div class=\"flex_column av_one_full  flex_column_div av-zero-column-padding first  avia-builder-el-4  el_after_av_one_full  el_before_av_hr  column-top-margin\" style='border-radius:0px; '><section class=\"av_textblock_section \"  itemscope=\"itemscope\" itemtype=\"https:\/\/schema.org\/BlogPosting\" itemprop=\"blogPost\" ><div class='avia_textblock  '   itemprop=\"text\" ><p style=\"text-align: justify;\">Desde 2019, la Municipalidad de Ays\u00e9n dispuso al interior de la Direcci\u00f3n de Desarrollo Comunitario (DIDECO) una sala donde cada semana recibe a madres, padres y cuidadores con sus hijas e hijos en el marco del programa de Habilitaci\u00f3n de Espacios P\u00fablicos Municipales Infantiles (HEPI), a cargo del Subsistema Chile Crece Contigo del Ministerio de Desarrollo Social y Familia.<\/p>\n<p style=\"text-align: justify;\">La sala emplazada en Teniente Merino acoge a cuidadores e infantes de 0 a 8 a\u00f1os, a lo que se suman mujeres en periodo de gestaci\u00f3n o futuros padres. \u201cNosotras trabajamos con todas las familias que quieran asistir a la salita HEPI. Lo m\u00e1s importante y recalcamos como funcionarias, es saber escuchar\u201d, expres\u00f3 Pilar Iturra, coordinadora del programa, quien junto a Nataly B\u00f3rquez, t\u00e9cnica en educaci\u00f3n diferencial, ponen \u00e9nfasis en el n\u00facleo social m\u00e1s \u00edntimo.<\/p>\n<p style=\"text-align: justify;\">\u201cCada mam\u00e1 quiere contar un poco del proceso de crianza, porque para criar a un ni\u00f1o se requiere toda una tribu, por tanto, nosotras estamos aqu\u00ed. Toda la red de apoyo que cuenta el HEPI est\u00e1 para apoyar a las mam\u00e1s y pap\u00e1s en el proceso de crianza y tambi\u00e9n a las cuidadoras y cuidadores\u201d, a\u00f1adi\u00f3 la facilitadora al considerar las din\u00e1micas internas en el fortalecimiento de pr\u00e1cticas de parentalidad positiva en base al di\u00e1logo, eje central a partir del primer encuentro.<\/p>\n<p style=\"text-align: justify;\">Adem\u00e1s, el programa plantea metodolog\u00edas de intervenciones vinculantes en un espacio de apego seguro. \u201cUtilizamos distintos materiales que encontramos en nuestro ambiente y materiales de la casa, porque trabajamos un poco la teor\u00eda que ofrece Mar\u00eda Montessori y algunos precursores de la educaci\u00f3n parvularia\u201d, sostuvieron desde la entidad porte\u00f1a al integrar cajas de estimulaci\u00f3n sensorial para el abordaje de la motricidad fina, la coordinaci\u00f3n \u00f3culo manual y la exploraci\u00f3n en los 45 minutos de cada sesi\u00f3n.<\/p>\n<p style=\"text-align: justify;\">Cabe destacar que gran parte de estos recursos pedag\u00f3gicos s\u00f3lo est\u00e1n en el programa ejecutado por la Municipalidad de Ays\u00e9n, ni jardines ni salas de estimulaci\u00f3n cuentan con un inventario tan amplio, entre los que se contabilizan m\u00e1s de 80 t\u00edtulos de libros infantiles, juguetes y otros materiales did\u00e1cticos que van rotando mensualmente para posibilitar experiencias nuevas en usuarios y usuarias.<\/p>\n<p style=\"text-align: justify;\">En ese tenor, Sara Jalife que lleva alrededor de cinco meses, comenta que la raz\u00f3n principal de asistir fue entregar a su hija las herramientas necesarias para desenvolverse entre sus pares y a futuro. \u201cAl principio Francisca (hija) no se daba mucho con la gente en general, entonces \u00e9sta fue una muy buena instancia en que ella pudiera sociabilizar con las t\u00edas y a la vez conmigo\u201d, detall\u00f3 al observar los avances desde finales de octubre, en que el contacto con otras familias contribuy\u00f3 en el reforzamiento de habilidades interpersonales.<\/p>\n<p style=\"text-align: justify;\">Hoy, Francisca saluda, conversa y se desenvuelve a paso seguro tanto en inmediaciones municipales como en la esfera personal, fruto de la red brindada por el programa HEPI del Subsistema Chile Crece Contigo.<\/p>\n<p style=\"text-align: justify;\">Alusivo a las inscripciones, la atenci\u00f3n a p\u00fablico es de 08:30 a 17:00 horas de lunes a jueves, y los viernes de 08:30 a 16:00 horas en las oficinas de DIDECO.<\/p>\n<p style=\"text-align: justify;\">Actividades HEPI<\/p>\n<p style=\"text-align: justify;\">Conversatorio de concienciaci\u00f3n del espectro autista<br \/>\nLunes 4 de abril<br \/>\nAuditorio Municipalidad de Ays\u00e9n, 15:00 horas<br \/>\nActividad abierta al p\u00fablico<\/p>\n<p style=\"text-align: justify;\">Semana Santa<br \/>\nJueves 14 de abril<br \/>\nHall Hospital de Puerto Ays\u00e9n, 14:30 horas<br \/>\nCesfam de Puerto Ays\u00e9n, 15:30 horas<br \/>\nActividad para hijas e hijos de funcionarios de la salud<\/p>\n<p style=\"text-align: justify;\">Para conocer el resto de panoramas en el territorio, revisar el sitio <a href=\"https:\/\/www.puertoaysen.cl\/2022\/03\/28\/hepi-un-programa-que-respalda-el-proceso-de-crianza-y-la-parentalidad-positiva-en-la-comuna-de-aysen\/\">www.puertoaysen.cl<\/a><\/p>\n<\/div><\/section><\/div><div  style='height:50px' class='hr hr-invisible   avia-builder-el-6  el_after_av_one_full  el_before_av_social_share '><span class='hr-inner ' ><span class='hr-inner-style'><\/span><\/span><\/div><\/p>\n<div  class='av-social-sharing-box  avia-builder-el-7  el_after_av_hr  el_before_av_hr  '><div class='av-share-box'><h5 class='av-share-link-description av-no-toc '>Compartir esta noticia<\/h5><ul class='av-share-box-list noLightbox'><li class='av-share-link av-social-link-facebook' ><a target=\"_blank\" aria-label=\"Compartir en Facebook\" href='https:\/\/www.facebook.com\/sharer.php?u=https:\/\/radiorevelacionfm.cl\/?p=15160&#038;t=HEPI%3A%20un%20programa%20que%20respalda%20el%20proceso%20de%20crianza%20y%20la%20parentalidad%20positiva%20en%20la%20comuna%20de%20Ays%C3%A9n' aria-hidden='false' data-av_icon='\ue8f3' data-av_iconfont='entypo-fontello' title='' data-avia-related-tooltip='Compartir en Facebook' rel=\"noopener\"><span class='avia_hidden_link_text'>Compartir en Facebook<\/span><\/a><\/li><li class='av-share-link av-social-link-twitter' ><a target=\"_blank\" aria-label=\"Compartir en Twitter\" href='https:\/\/twitter.com\/share?text=HEPI%3A%20un%20programa%20que%20respalda%20el%20proceso%20de%20crianza%20y%20la%20parentalidad%20positiva%20en%20la%20comuna%20de%20Ays%C3%A9n&#038;url=https:\/\/radiorevelacionfm.cl\/?p=15160' aria-hidden='false' data-av_icon='\ue8f1' data-av_iconfont='entypo-fontello' title='' data-avia-related-tooltip='Compartir en Twitter' rel=\"noopener\"><span class='avia_hidden_link_text'>Compartir en Twitter<\/span><\/a><\/li><li class='av-share-link av-social-link-whatsapp' ><a target=\"_blank\" aria-label=\"Compartir en Whatsapp\" href='https:\/\/api.whatsapp.com\/send?text=https:\/\/radiorevelacionfm.cl\/?p=15160' aria-hidden='false' data-av_icon='\uf232' data-av_iconfont='entypo-fontello' title='' data-avia-related-tooltip='Compartir en Whatsapp' rel=\"noopener\"><span class='avia_hidden_link_text'>Compartir en Whatsapp<\/span><\/a><\/li><li class='av-share-link av-social-link-linkedin' ><a target=\"_blank\" aria-label=\"Compartir en LinkedIn\" href='https:\/\/linkedin.com\/shareArticle?mini=true&#038;title=HEPI%3A%20un%20programa%20que%20respalda%20el%20proceso%20de%20crianza%20y%20la%20parentalidad%20positiva%20en%20la%20comuna%20de%20Ays%C3%A9n&#038;url=https:\/\/radiorevelacionfm.cl\/?p=15160' aria-hidden='false' data-av_icon='\ue8fc' data-av_iconfont='entypo-fontello' title='' data-avia-related-tooltip='Compartir en LinkedIn' rel=\"noopener\"><span class='avia_hidden_link_text'>Compartir en LinkedIn<\/span><\/a><\/li><li class='av-share-link av-social-link-mail' ><a  aria-label=\"Compartir por correo\" href='mailto:?subject=HEPI%3A%20un%20programa%20que%20respalda%20el%20proceso%20de%20crianza%20y%20la%20parentalidad%20positiva%20en%20la%20comuna%20de%20Ays%C3%A9n&#038;body=https:\/\/radiorevelacionfm.cl\/?p=15160' aria-hidden='false' data-av_icon='\ue805' data-av_iconfont='entypo-fontello' title='' data-avia-related-tooltip='Compartir por correo'><span class='avia_hidden_link_text'>Compartir por correo<\/span><\/a><\/li><\/ul><\/div><\/div>\n<div  style='height:50px' class='hr hr-invisible   avia-builder-el-8  el_after_av_social_share  el_before_av_comments_list '><span class='hr-inner ' ><span class='hr-inner-style'><\/span><\/span><\/div>\n<div  class='av-buildercomment  av-blog-meta-html-info-disabled av-blog-meta-tag-disabled  '><\/div>\n","protected":false},"excerpt":{"rendered":"","protected":false},"author":1,"featured_media":15163,"comment_status":"open","ping_status":"open","sticky":false,"template":"","format":"standard","meta":{"footnotes":""},"categories":[38],"tags":[],"class_list":["post-15160","post","type-post","status-publish","format-standard","has-post-thumbnail","hentry","category-regional"],"jetpack_featured_media_url":"https:\/\/radiorevelacionfm.cl\/wp-content\/uploads\/2022\/03\/Pilar-Iturra-y-Nataly-Borquez-2-1-1.jpg","_links":{"self":[{"href":"https:\/\/radiorevelacionfm.cl\/index.php?rest_route=\/wp\/v2\/posts\/15160","targetHints":{"allow":["GET"]}}],"collection":[{"href":"https:\/\/radiorevelacionfm.cl\/index.php?rest_route=\/wp\/v2\/posts"}],"about":[{"href":"https:\/\/radiorevelacionfm.cl\/index.php?rest_route=\/wp\/v2\/types\/post"}],"author":[{"embeddable":true,"href":"https:\/\/radiorevelacionfm.cl\/index.php?rest_route=\/wp\/v2\/users\/1"}],"replies":[{"embeddable":true,"href":"https:\/\/radiorevelacionfm.cl\/index.php?rest_route=%2Fwp%2Fv2%2Fcomments&post=15160"}],"version-history":[{"count":2,"href":"https:\/\/radiorevelacionfm.cl\/index.php?rest_route=\/wp\/v2\/posts\/15160\/revisions"}],"predecessor-version":[{"id":15165,"href":"https:\/\/radiorevelacionfm.cl\/index.php?rest_route=\/wp\/v2\/posts\/15160\/revisions\/15165"}],"wp:featuredmedia":[{"embeddable":true,"href":"https:\/\/radiorevelacionfm.cl\/index.php?rest_route=\/wp\/v2\/media\/15163"}],"wp:attachment":[{"href":"https:\/\/radiorevelacionfm.cl\/index.php?rest_route=%2Fwp%2Fv2%2Fmedia&parent=15160"}],"wp:term":[{"taxonomy":"category","embeddable":true,"href":"https:\/\/radiorevelacionfm.cl\/index.php?rest_route=%2Fwp%2Fv2%2Fcategories&post=15160"},{"taxonomy":"post_tag","embeddable":true,"href":"https:\/\/radiorevelacionfm.cl\/index.php?rest_route=%2Fwp%2Fv2%2Ftags&post=15160"}],"curies":[{"name":"wp","href":"https:\/\/api.w.org\/{rel}","templated":true}]}}