{"id":15142,"date":"2022-03-28T18:04:06","date_gmt":"2022-03-28T21:04:06","guid":{"rendered":"https:\/\/radiorevelacionfm.cl\/?p=15142"},"modified":"2022-03-28T20:13:10","modified_gmt":"2022-03-28T23:13:10","slug":"senador-sandoval-tenemos-la-obligacion-etica-de-hacernos-cargo-del-envejecimiento-y-de-una-integracion-efectiva-de-las-personas-mayores-a-la-realidad-nacional","status":"publish","type":"post","link":"https:\/\/radiorevelacionfm.cl\/?p=15142","title":{"rendered":"Senador Sandoval: \u201cTenemos la obligaci\u00f3n \u00e9tica de hacernos cargo del envejecimiento y de una integraci\u00f3n efectiva de las personas mayores a la realidad nacional\u201d"},"content":{"rendered":"<div class=\"flex_column av_one_full  flex_column_div av-zero-column-padding first  avia-builder-el-0  el_before_av_one_full  avia-builder-el-first  \" style='border-radius:0px; '><div  class='avia-image-container  av-styling-    avia-builder-el-1  avia-builder-el-no-sibling  avia-align-center '  itemprop=\"image\" itemscope=\"itemscope\" itemtype=\"https:\/\/schema.org\/ImageObject\"  ><div class='avia-image-container-inner'><div class='avia-image-overlay-wrap'><img decoding=\"async\" class='wp-image-15145 avia-img-lazy-loading-not-15145 avia_image' src=\"https:\/\/radiorevelacionfm.cl\/wp-content\/uploads\/2022\/03\/senador-sandoval-2_optimized.2-1.jpg\" alt='' title='senador-sandoval-(2_optimized.2)-(1)' height=\"600\" width=\"1049\"  itemprop=\"thumbnailUrl\" srcset=\"https:\/\/radiorevelacionfm.cl\/wp-content\/uploads\/2022\/03\/senador-sandoval-2_optimized.2-1.jpg 1049w, https:\/\/radiorevelacionfm.cl\/wp-content\/uploads\/2022\/03\/senador-sandoval-2_optimized.2-1-300x172.jpg 300w, https:\/\/radiorevelacionfm.cl\/wp-content\/uploads\/2022\/03\/senador-sandoval-2_optimized.2-1-1030x589.jpg 1030w, https:\/\/radiorevelacionfm.cl\/wp-content\/uploads\/2022\/03\/senador-sandoval-2_optimized.2-1-768x439.jpg 768w, https:\/\/radiorevelacionfm.cl\/wp-content\/uploads\/2022\/03\/senador-sandoval-2_optimized.2-1-705x403.jpg 705w, https:\/\/radiorevelacionfm.cl\/wp-content\/uploads\/2022\/03\/senador-sandoval-2_optimized.2-1-600x343.jpg 600w\" sizes=\"(max-width: 1049px) 100vw, 1049px\" \/><\/div><\/div><\/div><\/div><div class=\"flex_column av_one_full  flex_column_div av-zero-column-padding first  avia-builder-el-2  el_after_av_one_full  el_before_av_one_full  column-top-margin\" style='border-radius:0px; '><section class=\"av_textblock_section \"  itemscope=\"itemscope\" itemtype=\"https:\/\/schema.org\/BlogPosting\" itemprop=\"blogPost\" ><div class='avia_textblock  '   itemprop=\"text\" ><p style=\"text-align: center;\"><span style=\"font-size: 18pt;\"><strong>Senador Sandoval: <\/strong><strong>\u201cTenemos la obligaci\u00f3n \u00e9tica de hacernos cargo del envejecimiento y de una integraci\u00f3n efectiva de las personas mayores a la realidad nacional\u201d<\/strong><\/span><\/p>\n<div id=\"gtx-trans\" style=\"position: absolute; left: -50px; top: 4.31534px;\">\n<div class=\"gtx-trans-icon\"><\/div>\n<\/div>\n<\/div><\/section><\/div><div class=\"flex_column av_one_full  flex_column_div av-zero-column-padding first  avia-builder-el-4  el_after_av_one_full  el_before_av_hr  column-top-margin\" style='border-radius:0px; '><section class=\"av_textblock_section \"  itemscope=\"itemscope\" itemtype=\"https:\/\/schema.org\/BlogPosting\" itemprop=\"blogPost\" ><div class='avia_textblock  '   itemprop=\"text\" ><p style=\"text-align: justify;\">\u201cTenemos exigencias y la obligaci\u00f3n \u00e9tica de hacernos cargo del envejecimiento y particularmente de una integraci\u00f3n efectiva de las personas mayores a la realidad nacional\u201d, as\u00ed lo se\u00f1al\u00f3 el senador David Sandoval, al referirse a la aprobaci\u00f3n del proyecto de ley de Envejecimiento Positivo en el Senado.<\/p>\n<p style=\"text-align: justify;\">La iniciativa apunta a promover el cuidado integral de las personas mayores, adem\u00e1s de fortalecer la institucionalidad del Senama y crear una modalidad de trabajo flexible para este segmento de la poblaci\u00f3n.<\/p>\n<p style=\"text-align: justify;\">En ese sentido, el parlamentario, quien fue art\u00edfice de la reformulaci\u00f3n que ha ido experimentando el proyecto durante su tramitaci\u00f3n en el Senado, valor\u00f3 el impacto de la iniciativa, considerando que en nuestro pa\u00eds hay poco m\u00e1s de 2,5 millones de personas mayores, lo que representa el 17% de la poblaci\u00f3n (en la regi\u00f3n de Ays\u00e9n la cifra llega a cerca de 15 mil personas mayores de 60 a\u00f1os). \u201cHoy estamos enfrentados a una demanda distinta, en una sociedad que est\u00e1 experimentando un progresivo avance en el envejecimiento, lo cual no debe ser visto como un problema, sino que como una oportunidad\u201d, argument\u00f3.<\/p>\n<p style=\"text-align: justify;\">La norma propuesta establece las obligaciones que tiene el Estado en la promoci\u00f3n del envejecimiento positivo, creando, entre otras instancias, un sistema de ciudades amigables y los consejos asesores regionales, entre otros. Adem\u00e1s, cambia la coordinaci\u00f3n por direcciones regionales del Senama, promueve el desarrollo de programas de apoyo y cuidados para personas con dependencia en situaci\u00f3n de vulnerabilidad, estableciendo tambi\u00e9n un comit\u00e9 interministerial de Desarrollo Social y Familia para los adultos mayores.<\/p>\n<p style=\"text-align: justify;\">En cuanto a modificaciones a cuerpos legales, en el proyecto se proponen dos temas:<\/p>\n<ol style=\"text-align: justify;\">\n<li><strong>Acceso a la Justicia<\/strong>: se crea la figura del \u201cabandono social del adulto mayor\u201d, que se produce cuando no existe un sujeto activo del acto de violencia intrafamiliar (o maltrato por omisi\u00f3n), para permitir al juez aplicar medidas cautelares.<\/li>\n<li><strong>Derecho del trabajo<\/strong>: producto de mociones que se encontraban en tramitaci\u00f3n, se incorpora al C\u00f3digo del Trabajo un cap\u00edtulo destinado a regular el contrato del trabajador adulto mayor.<\/li>\n<\/ol>\n<p style=\"text-align: justify;\">Cabe recordar que la iniciativa tambi\u00e9n fue analizada y aprobada de manera por la comisi\u00f3n de Hacienda del Senado, por lo que Sandoval espera que en la discusi\u00f3n en particular \u201cse le hagan todas las modificaciones y se escuche al Ejecutivo y las nuevas visiones que se tiene de lo que van a ser las pol\u00edticas en materia de adulto mayor\u201d.<\/p>\n<\/div><\/section><\/div><div  style='height:50px' class='hr hr-invisible   avia-builder-el-6  el_after_av_one_full  el_before_av_social_share '><span class='hr-inner ' ><span class='hr-inner-style'><\/span><\/span><\/div><\/p>\n<div  class='av-social-sharing-box  avia-builder-el-7  el_after_av_hr  el_before_av_hr  '><div class='av-share-box'><h5 class='av-share-link-description av-no-toc '>Compartir esta noticia<\/h5><ul class='av-share-box-list noLightbox'><li class='av-share-link av-social-link-facebook' ><a target=\"_blank\" aria-label=\"Compartir en Facebook\" href='https:\/\/www.facebook.com\/sharer.php?u=https:\/\/radiorevelacionfm.cl\/?p=15142&#038;t=Senador%20Sandoval%3A%20%E2%80%9CTenemos%20la%20obligaci%C3%B3n%20%C3%A9tica%20de%20hacernos%20cargo%20del%20envejecimiento%20y%20de%20una%20integraci%C3%B3n%20efectiva%20de%20las%20personas%20mayores%20a%20la%20realidad%20nacional%E2%80%9D' aria-hidden='false' data-av_icon='\ue8f3' data-av_iconfont='entypo-fontello' title='' data-avia-related-tooltip='Compartir en Facebook' rel=\"noopener\"><span class='avia_hidden_link_text'>Compartir en Facebook<\/span><\/a><\/li><li class='av-share-link av-social-link-twitter' ><a target=\"_blank\" aria-label=\"Compartir en Twitter\" href='https:\/\/twitter.com\/share?text=Senador%20Sandoval%3A%20%E2%80%9CTenemos%20la%20obligaci%C3%B3n%20%C3%A9tica%20de%20hacernos%20cargo%20del%20envejecimiento%20y%20de%20una%20integraci%C3%B3n%20efectiva%20de%20las%20personas%20mayores%20a%20la%20realidad%20nacional%E2%80%9D&#038;url=https:\/\/radiorevelacionfm.cl\/?p=15142' aria-hidden='false' data-av_icon='\ue8f1' data-av_iconfont='entypo-fontello' title='' data-avia-related-tooltip='Compartir en Twitter' rel=\"noopener\"><span class='avia_hidden_link_text'>Compartir en Twitter<\/span><\/a><\/li><li class='av-share-link av-social-link-whatsapp' ><a target=\"_blank\" aria-label=\"Compartir en Whatsapp\" href='https:\/\/api.whatsapp.com\/send?text=https:\/\/radiorevelacionfm.cl\/?p=15142' aria-hidden='false' data-av_icon='\uf232' data-av_iconfont='entypo-fontello' title='' data-avia-related-tooltip='Compartir en Whatsapp' rel=\"noopener\"><span class='avia_hidden_link_text'>Compartir en Whatsapp<\/span><\/a><\/li><li class='av-share-link av-social-link-linkedin' ><a target=\"_blank\" aria-label=\"Compartir en LinkedIn\" href='https:\/\/linkedin.com\/shareArticle?mini=true&#038;title=Senador%20Sandoval%3A%20%E2%80%9CTenemos%20la%20obligaci%C3%B3n%20%C3%A9tica%20de%20hacernos%20cargo%20del%20envejecimiento%20y%20de%20una%20integraci%C3%B3n%20efectiva%20de%20las%20personas%20mayores%20a%20la%20realidad%20nacional%E2%80%9D&#038;url=https:\/\/radiorevelacionfm.cl\/?p=15142' aria-hidden='false' data-av_icon='\ue8fc' data-av_iconfont='entypo-fontello' title='' data-avia-related-tooltip='Compartir en LinkedIn' rel=\"noopener\"><span class='avia_hidden_link_text'>Compartir en LinkedIn<\/span><\/a><\/li><li class='av-share-link av-social-link-mail' ><a  aria-label=\"Compartir por correo\" href='mailto:?subject=Senador%20Sandoval%3A%20%E2%80%9CTenemos%20la%20obligaci%C3%B3n%20%C3%A9tica%20de%20hacernos%20cargo%20del%20envejecimiento%20y%20de%20una%20integraci%C3%B3n%20efectiva%20de%20las%20personas%20mayores%20a%20la%20realidad%20nacional%E2%80%9D&#038;body=https:\/\/radiorevelacionfm.cl\/?p=15142' aria-hidden='false' data-av_icon='\ue805' data-av_iconfont='entypo-fontello' title='' data-avia-related-tooltip='Compartir por correo'><span class='avia_hidden_link_text'>Compartir por correo<\/span><\/a><\/li><\/ul><\/div><\/div>\n<div  style='height:50px' class='hr hr-invisible   avia-builder-el-8  el_after_av_social_share  el_before_av_comments_list '><span class='hr-inner ' ><span class='hr-inner-style'><\/span><\/span><\/div>\n<div  class='av-buildercomment  av-blog-meta-html-info-disabled av-blog-meta-tag-disabled  '><\/div>\n","protected":false},"excerpt":{"rendered":"","protected":false},"author":1,"featured_media":15145,"comment_status":"open","ping_status":"open","sticky":false,"template":"","format":"standard","meta":{"footnotes":""},"categories":[35],"tags":[],"class_list":["post-15142","post","type-post","status-publish","format-standard","has-post-thumbnail","hentry","category-politica"],"jetpack_featured_media_url":"https:\/\/radiorevelacionfm.cl\/wp-content\/uploads\/2022\/03\/senador-sandoval-2_optimized.2-1.jpg","_links":{"self":[{"href":"https:\/\/radiorevelacionfm.cl\/index.php?rest_route=\/wp\/v2\/posts\/15142","targetHints":{"allow":["GET"]}}],"collection":[{"href":"https:\/\/radiorevelacionfm.cl\/index.php?rest_route=\/wp\/v2\/posts"}],"about":[{"href":"https:\/\/radiorevelacionfm.cl\/index.php?rest_route=\/wp\/v2\/types\/post"}],"author":[{"embeddable":true,"href":"https:\/\/radiorevelacionfm.cl\/index.php?rest_route=\/wp\/v2\/users\/1"}],"replies":[{"embeddable":true,"href":"https:\/\/radiorevelacionfm.cl\/index.php?rest_route=%2Fwp%2Fv2%2Fcomments&post=15142"}],"version-history":[{"count":2,"href":"https:\/\/radiorevelacionfm.cl\/index.php?rest_route=\/wp\/v2\/posts\/15142\/revisions"}],"predecessor-version":[{"id":15147,"href":"https:\/\/radiorevelacionfm.cl\/index.php?rest_route=\/wp\/v2\/posts\/15142\/revisions\/15147"}],"wp:featuredmedia":[{"embeddable":true,"href":"https:\/\/radiorevelacionfm.cl\/index.php?rest_route=\/wp\/v2\/media\/15145"}],"wp:attachment":[{"href":"https:\/\/radiorevelacionfm.cl\/index.php?rest_route=%2Fwp%2Fv2%2Fmedia&parent=15142"}],"wp:term":[{"taxonomy":"category","embeddable":true,"href":"https:\/\/radiorevelacionfm.cl\/index.php?rest_route=%2Fwp%2Fv2%2Fcategories&post=15142"},{"taxonomy":"post_tag","embeddable":true,"href":"https:\/\/radiorevelacionfm.cl\/index.php?rest_route=%2Fwp%2Fv2%2Ftags&post=15142"}],"curies":[{"name":"wp","href":"https:\/\/api.w.org\/{rel}","templated":true}]}}