{"id":15135,"date":"2022-03-28T16:12:58","date_gmt":"2022-03-28T19:12:58","guid":{"rendered":"https:\/\/radiorevelacionfm.cl\/?p=15135"},"modified":"2022-03-28T16:12:58","modified_gmt":"2022-03-28T19:12:58","slug":"diputado-calisto-acusa-excesiva-burocracia-y-hace-llamado-a-nuevas-autoridades-a-concretar-arriendo-para-escuela-espana","status":"publish","type":"post","link":"https:\/\/radiorevelacionfm.cl\/?p=15135","title":{"rendered":"Diputado Calisto acusa excesiva burocracia y hace llamado a nuevas autoridades a concretar arriendo para Escuela Espa\u00f1a"},"content":{"rendered":"<div class=\"flex_column av_one_full  flex_column_div av-zero-column-padding first  avia-builder-el-0  el_before_av_one_full  avia-builder-el-first  \" style='border-radius:0px; '><div  class='avia-image-container  av-styling-    avia-builder-el-1  avia-builder-el-no-sibling  avia-align-center '  itemprop=\"image\" itemscope=\"itemscope\" itemtype=\"https:\/\/schema.org\/ImageObject\"  ><div class='avia-image-container-inner'><div class='avia-image-overlay-wrap'><img decoding=\"async\" class='wp-image-8618 avia-img-lazy-loading-not-8618 avia_image' src=\"https:\/\/radiorevelacionfm.cl\/wp-content\/uploads\/2021\/09\/Calisto_Subsidios-1.jpg\" alt='' title='Calisto_Subsidios (1)' height=\"597\" width=\"1046\"  itemprop=\"thumbnailUrl\" srcset=\"https:\/\/radiorevelacionfm.cl\/wp-content\/uploads\/2021\/09\/Calisto_Subsidios-1.jpg 1046w, https:\/\/radiorevelacionfm.cl\/wp-content\/uploads\/2021\/09\/Calisto_Subsidios-1-300x171.jpg 300w, https:\/\/radiorevelacionfm.cl\/wp-content\/uploads\/2021\/09\/Calisto_Subsidios-1-1030x588.jpg 1030w, https:\/\/radiorevelacionfm.cl\/wp-content\/uploads\/2021\/09\/Calisto_Subsidios-1-768x438.jpg 768w, https:\/\/radiorevelacionfm.cl\/wp-content\/uploads\/2021\/09\/Calisto_Subsidios-1-705x402.jpg 705w, https:\/\/radiorevelacionfm.cl\/wp-content\/uploads\/2021\/09\/Calisto_Subsidios-1-600x342.jpg 600w\" sizes=\"(max-width: 1046px) 100vw, 1046px\" \/><\/div><\/div><\/div><\/div><div class=\"flex_column av_one_full  flex_column_div av-zero-column-padding first  avia-builder-el-2  el_after_av_one_full  el_before_av_one_full  column-top-margin\" style='border-radius:0px; '><section class=\"av_textblock_section \"  itemscope=\"itemscope\" itemtype=\"https:\/\/schema.org\/BlogPosting\" itemprop=\"blogPost\" ><div class='avia_textblock  '   itemprop=\"text\" ><p style=\"text-align: center;\"><span style=\"font-size: 18pt;\"><b><span lang=\"ES\">Diputado Calisto acusa excesiva burocracia y hace llamado a nuevas autoridades a concretar arriendo para Escuela Espa\u00f1a<\/span><\/b><\/span><\/p>\n<div id=\"gtx-trans\" style=\"position: absolute; left: -50px; top: 4.31534px;\">\n<div class=\"gtx-trans-icon\"><\/div>\n<\/div>\n<\/div><\/section><\/div><div class=\"flex_column av_one_full  flex_column_div av-zero-column-padding first  avia-builder-el-4  el_after_av_one_full  el_before_av_hr  column-top-margin\" style='border-radius:0px; '><section class=\"av_textblock_section \"  itemscope=\"itemscope\" itemtype=\"https:\/\/schema.org\/BlogPosting\" itemprop=\"blogPost\" ><div class='avia_textblock  '   itemprop=\"text\" ><p style=\"font-weight: 400; text-align: justify;\">Ante los serios problemas de infraestructura que sufre la Escuela Diferencial Espa\u00f1a de Coyhaique, el diputado Miguel \u00c1ngel Calisto se reuni\u00f3 con el centro de padres de la instituci\u00f3n y realiz\u00f3 un llamado a las autoridades de educaci\u00f3n a que soluci\u00f3n el problema, acusando excesiva burocracia.<\/p>\n<p style=\"font-weight: 400; text-align: justify;\">Seg\u00fan el legislador, \u201cestamos preocupados por la situaci\u00f3n que afecta a la Escuela Espa\u00f1a. Durante el a\u00f1o pasado hicimos gestiones junto al Centro de Padres y sus asesores jur\u00eddicos que los mismos apoderados han gestionado de manera independiente, porque ac\u00e1 claramente se est\u00e1n vulnerando los derechos de los ni\u00f1os, los derechos de una comunidad educativa que tiene malas condiciones de infraestructura, donde est\u00e1n en riesgo inminente\u201d.<\/p>\n<p style=\"font-weight: 400; text-align: justify;\">\u201cLe pedimos en su momento al Gobierno anterior y se inici\u00f3 un proceso para arrendar un edificio, pero a la fecha todav\u00eda no se resuelve. Hablamos con el Ministro de Educaci\u00f3n, como tambi\u00e9n con la Directora Nacional de Educaci\u00f3n, quien me asegur\u00f3 que el tema se va a resolver. Siento que ac\u00e1 hay excesiva burocracia, existe una actitud pasiva de no querer solucionar el problema, por parte de funcionarios p\u00fablicos, autoridades de educaci\u00f3n que vienen del Gobierno anterior y del actual Gobierno\u201d, indic\u00f3.<\/p>\n<p style=\"font-weight: 400; text-align: justify;\">El legislador se\u00f1al\u00f3 que \u201cya existen tres alternativas que se pusieron en la mesa para que los chicos puedan cambiarse de establecimiento, esto tiene que hacerse r\u00e1pido, porque tambi\u00e9n est\u00e1 en discusi\u00f3n el plan de contingencia para la construcci\u00f3n del nuevo edificio para la escuela Espa\u00f1a, si esto no se resuelve antes de la mitad del a\u00f1o, este proyecto podr\u00eda fracasar\u201d.<\/p>\n<p style=\"font-weight: 400; text-align: justify;\">\u201cLe pedimos de manera urgente a la nueva Seremi de Educaci\u00f3n, al delegado Presidencial, que garanticen cuanto antes, pero con sentido de urgencia, una soluci\u00f3n a este problema\u201d, indic\u00f3 el diputado.<\/p>\n<p style=\"font-weight: 400; text-align: justify;\">Por su parte, Santos M\u00e1rquez, presidente del centro de padres se\u00f1al\u00f3 que \u201chacemos un llamado a las autoridades nuevas a gestionar las necesidades que tenemos en nuestro colegio. Son 118 alumnos que est\u00e1n en un riesgo latente de incendio, plaga de ratones y ba\u00f1os en muy mal estado. Necesitamos prontamente una soluci\u00f3n y se lo pedimos a las nuevas autoridades. Necesitamos ayuda ahora, no ma\u00f1ana\u201d.<\/p>\n<\/div><\/section><\/div><div  style='height:50px' class='hr hr-invisible   avia-builder-el-6  el_after_av_one_full  el_before_av_social_share '><span class='hr-inner ' ><span class='hr-inner-style'><\/span><\/span><\/div><\/p>\n<div  class='av-social-sharing-box  avia-builder-el-7  el_after_av_hr  el_before_av_hr  '><div class='av-share-box'><h5 class='av-share-link-description av-no-toc '>Compartir esta noticia<\/h5><ul class='av-share-box-list noLightbox'><li class='av-share-link av-social-link-facebook' ><a target=\"_blank\" aria-label=\"Compartir en Facebook\" href='https:\/\/www.facebook.com\/sharer.php?u=https:\/\/radiorevelacionfm.cl\/?p=15135&#038;t=Diputado%20Calisto%20acusa%20excesiva%20burocracia%20y%20hace%20llamado%20a%20nuevas%20autoridades%20a%20concretar%20arriendo%20para%20Escuela%20Espa%C3%B1a' aria-hidden='false' data-av_icon='\ue8f3' data-av_iconfont='entypo-fontello' title='' data-avia-related-tooltip='Compartir en Facebook' rel=\"noopener\"><span class='avia_hidden_link_text'>Compartir en Facebook<\/span><\/a><\/li><li class='av-share-link av-social-link-twitter' ><a target=\"_blank\" aria-label=\"Compartir en Twitter\" href='https:\/\/twitter.com\/share?text=Diputado%20Calisto%20acusa%20excesiva%20burocracia%20y%20hace%20llamado%20a%20nuevas%20autoridades%20a%20concretar%20arriendo%20para%20Escuela%20Espa%C3%B1a&#038;url=https:\/\/radiorevelacionfm.cl\/?p=15135' aria-hidden='false' data-av_icon='\ue8f1' data-av_iconfont='entypo-fontello' title='' data-avia-related-tooltip='Compartir en Twitter' rel=\"noopener\"><span class='avia_hidden_link_text'>Compartir en Twitter<\/span><\/a><\/li><li class='av-share-link av-social-link-whatsapp' ><a target=\"_blank\" aria-label=\"Compartir en Whatsapp\" href='https:\/\/api.whatsapp.com\/send?text=https:\/\/radiorevelacionfm.cl\/?p=15135' aria-hidden='false' data-av_icon='\uf232' data-av_iconfont='entypo-fontello' title='' data-avia-related-tooltip='Compartir en Whatsapp' rel=\"noopener\"><span class='avia_hidden_link_text'>Compartir en Whatsapp<\/span><\/a><\/li><li class='av-share-link av-social-link-linkedin' ><a target=\"_blank\" aria-label=\"Compartir en LinkedIn\" href='https:\/\/linkedin.com\/shareArticle?mini=true&#038;title=Diputado%20Calisto%20acusa%20excesiva%20burocracia%20y%20hace%20llamado%20a%20nuevas%20autoridades%20a%20concretar%20arriendo%20para%20Escuela%20Espa%C3%B1a&#038;url=https:\/\/radiorevelacionfm.cl\/?p=15135' aria-hidden='false' data-av_icon='\ue8fc' data-av_iconfont='entypo-fontello' title='' data-avia-related-tooltip='Compartir en LinkedIn' rel=\"noopener\"><span class='avia_hidden_link_text'>Compartir en LinkedIn<\/span><\/a><\/li><li class='av-share-link av-social-link-mail' ><a  aria-label=\"Compartir por correo\" href='mailto:?subject=Diputado%20Calisto%20acusa%20excesiva%20burocracia%20y%20hace%20llamado%20a%20nuevas%20autoridades%20a%20concretar%20arriendo%20para%20Escuela%20Espa%C3%B1a&#038;body=https:\/\/radiorevelacionfm.cl\/?p=15135' aria-hidden='false' data-av_icon='\ue805' data-av_iconfont='entypo-fontello' title='' data-avia-related-tooltip='Compartir por correo'><span class='avia_hidden_link_text'>Compartir por correo<\/span><\/a><\/li><\/ul><\/div><\/div>\n<div  style='height:50px' class='hr hr-invisible   avia-builder-el-8  el_after_av_social_share  el_before_av_comments_list '><span class='hr-inner ' ><span class='hr-inner-style'><\/span><\/span><\/div>\n<div  class='av-buildercomment  av-blog-meta-html-info-disabled av-blog-meta-tag-disabled  '><\/div>\n","protected":false},"excerpt":{"rendered":"","protected":false},"author":1,"featured_media":8618,"comment_status":"open","ping_status":"open","sticky":false,"template":"","format":"standard","meta":{"footnotes":""},"categories":[35],"tags":[],"class_list":["post-15135","post","type-post","status-publish","format-standard","has-post-thumbnail","hentry","category-politica"],"jetpack_featured_media_url":"https:\/\/radiorevelacionfm.cl\/wp-content\/uploads\/2021\/09\/Calisto_Subsidios-1.jpg","_links":{"self":[{"href":"https:\/\/radiorevelacionfm.cl\/index.php?rest_route=\/wp\/v2\/posts\/15135","targetHints":{"allow":["GET"]}}],"collection":[{"href":"https:\/\/radiorevelacionfm.cl\/index.php?rest_route=\/wp\/v2\/posts"}],"about":[{"href":"https:\/\/radiorevelacionfm.cl\/index.php?rest_route=\/wp\/v2\/types\/post"}],"author":[{"embeddable":true,"href":"https:\/\/radiorevelacionfm.cl\/index.php?rest_route=\/wp\/v2\/users\/1"}],"replies":[{"embeddable":true,"href":"https:\/\/radiorevelacionfm.cl\/index.php?rest_route=%2Fwp%2Fv2%2Fcomments&post=15135"}],"version-history":[{"count":2,"href":"https:\/\/radiorevelacionfm.cl\/index.php?rest_route=\/wp\/v2\/posts\/15135\/revisions"}],"predecessor-version":[{"id":15137,"href":"https:\/\/radiorevelacionfm.cl\/index.php?rest_route=\/wp\/v2\/posts\/15135\/revisions\/15137"}],"wp:featuredmedia":[{"embeddable":true,"href":"https:\/\/radiorevelacionfm.cl\/index.php?rest_route=\/wp\/v2\/media\/8618"}],"wp:attachment":[{"href":"https:\/\/radiorevelacionfm.cl\/index.php?rest_route=%2Fwp%2Fv2%2Fmedia&parent=15135"}],"wp:term":[{"taxonomy":"category","embeddable":true,"href":"https:\/\/radiorevelacionfm.cl\/index.php?rest_route=%2Fwp%2Fv2%2Fcategories&post=15135"},{"taxonomy":"post_tag","embeddable":true,"href":"https:\/\/radiorevelacionfm.cl\/index.php?rest_route=%2Fwp%2Fv2%2Ftags&post=15135"}],"curies":[{"name":"wp","href":"https:\/\/api.w.org\/{rel}","templated":true}]}}