{"id":15125,"date":"2022-03-28T13:16:19","date_gmt":"2022-03-28T16:16:19","guid":{"rendered":"https:\/\/radiorevelacionfm.cl\/?p=15125"},"modified":"2022-03-28T13:16:19","modified_gmt":"2022-03-28T16:16:19","slug":"seremi-de-salud-ratifica-exigencia-sanitaria-para-uso-de-mascarilla-en-espacios-publicos","status":"publish","type":"post","link":"https:\/\/radiorevelacionfm.cl\/?p=15125","title":{"rendered":"Seremi de Salud ratifica exigencia sanitaria para uso de mascarilla en espacios p\u00fablicos"},"content":{"rendered":"<div class=\"flex_column av_one_full  flex_column_div av-zero-column-padding first  avia-builder-el-0  el_before_av_one_full  avia-builder-el-first  \" style='border-radius:0px; '><div  class='avia-image-container  av-styling-    avia-builder-el-1  avia-builder-el-no-sibling  avia-align-center '  itemprop=\"image\" itemscope=\"itemscope\" itemtype=\"https:\/\/schema.org\/ImageObject\"  ><div class='avia-image-container-inner'><div class='avia-image-overlay-wrap'><img decoding=\"async\" class='wp-image-10695 avia-img-lazy-loading-not-10695 avia_image' src=\"https:\/\/radiorevelacionfm.cl\/wp-content\/uploads\/2021\/11\/mascarillas-1_optimized.jpg\" alt='' title='mascarillas-(1)_optimized' height=\"600\" width=\"1007\"  itemprop=\"thumbnailUrl\" srcset=\"https:\/\/radiorevelacionfm.cl\/wp-content\/uploads\/2021\/11\/mascarillas-1_optimized.jpg 1007w, https:\/\/radiorevelacionfm.cl\/wp-content\/uploads\/2021\/11\/mascarillas-1_optimized-300x179.jpg 300w, https:\/\/radiorevelacionfm.cl\/wp-content\/uploads\/2021\/11\/mascarillas-1_optimized-768x458.jpg 768w, https:\/\/radiorevelacionfm.cl\/wp-content\/uploads\/2021\/11\/mascarillas-1_optimized-705x420.jpg 705w, https:\/\/radiorevelacionfm.cl\/wp-content\/uploads\/2021\/11\/mascarillas-1_optimized-600x357.jpg 600w\" sizes=\"(max-width: 1007px) 100vw, 1007px\" \/><\/div><\/div><\/div><\/div><div class=\"flex_column av_one_full  flex_column_div av-zero-column-padding first  avia-builder-el-2  el_after_av_one_full  el_before_av_one_full  column-top-margin\" style='border-radius:0px; '><section class=\"av_textblock_section \"  itemscope=\"itemscope\" itemtype=\"https:\/\/schema.org\/BlogPosting\" itemprop=\"blogPost\" ><div class='avia_textblock  '   itemprop=\"text\" ><p style=\"text-align: center;\"><span style=\"font-size: 18pt;\"><strong>Seremi de Salud ratifica exigencia sanitaria para uso de mascarilla en espacios p\u00fablicos<\/strong><\/span><\/p>\n<div id=\"gtx-trans\" style=\"position: absolute; left: -50px; top: 4.31534px;\">\n<div class=\"gtx-trans-icon\"><\/div>\n<\/div>\n<\/div><\/section><\/div><div class=\"flex_column av_one_full  flex_column_div av-zero-column-padding first  avia-builder-el-4  el_after_av_one_full  el_before_av_hr  column-top-margin\" style='border-radius:0px; '><section class=\"av_textblock_section \"  itemscope=\"itemscope\" itemtype=\"https:\/\/schema.org\/BlogPosting\" itemprop=\"blogPost\" ><div class='avia_textblock  '   itemprop=\"text\" ><p style=\"text-align: justify;\">La resoluci\u00f3n 994 del Ministerio de Salud establece que durante la pandemia por COVID-19, se mantiene a lo largo de todo el territorio nacional el uso obligatorio de mascarilla en espacios p\u00fablicos (transporte p\u00fablico, ascensores o funiculares).<\/p>\n<p style=\"text-align: justify;\">Luego que se conociera la ordenanza de la Municipalidad de Chile Chico, en la cual se elimina una ordenanza respecto al uso de la mascarilla en esa localidad; la Seremi de Salud Ays\u00e9n, reitera que desde el ministerio de esta cartera, contin\u00faa vigente la resoluci\u00f3n sanitaria que exige el uso de este elemento de protecci\u00f3n sanitaria en lugares de uso p\u00fablico a lo largo de todo el pa\u00eds.<\/p>\n<p style=\"text-align: justify;\">La informaci\u00f3n fue ratificada por el Seremi (s) de Salud, Jourdan Cabezas.\u00a0 \u201cPrimero, aclarar que la resoluci\u00f3n 994, de septiembre del 2021, que indica el uso obligatorio de mascarilla en todo el territorio nacional sigue vigente; por lo tanto, no confundir lo que anuncia el decreto municipal, porque en la pr\u00e1ctica lo que ellos van a hacer es dejar de fiscalizar.\u00a0 El uso de mascarilla sigue siendo obligatorio, y quien fiscaliza esto es la autoridad sanitaria, por lo tanto los habitantes de Chile Chico no olvidar el uso continuo de mascarilla\u201d.<\/p>\n<p style=\"text-align: justify;\">De esta forma, la Resoluci\u00f3n 994 del MINSAL, se\u00f1ala adem\u00e1s que todas las personas que utilicen el transporte p\u00fablico o cualquier tipo de transporte privado sujeto a pago deber\u00e1n utilizar mascarillas. Asimismo, quienes utilicen ascensores o funiculares deber\u00e1n ocupar mascarillas, independiente del car\u00e1cter p\u00fablico o privado de \u00e9stos y de la cantidad de personas que los est\u00e9n utilizando. Adem\u00e1s del uso obligatorio de mascarillas para todas las personas que se encuentren en espacios p\u00fablicos.<\/p>\n<\/div><\/section><\/div><div  style='height:50px' class='hr hr-invisible   avia-builder-el-6  el_after_av_one_full  el_before_av_social_share '><span class='hr-inner ' ><span class='hr-inner-style'><\/span><\/span><\/div><\/p>\n<div  class='av-social-sharing-box  avia-builder-el-7  el_after_av_hr  el_before_av_hr  '><div class='av-share-box'><h5 class='av-share-link-description av-no-toc '>Compartir esta noticia<\/h5><ul class='av-share-box-list noLightbox'><li class='av-share-link av-social-link-facebook' ><a target=\"_blank\" aria-label=\"Compartir en Facebook\" href='https:\/\/www.facebook.com\/sharer.php?u=https:\/\/radiorevelacionfm.cl\/?p=15125&#038;t=Seremi%20de%20Salud%20ratifica%20exigencia%20sanitaria%20para%20uso%20de%20mascarilla%20en%20espacios%20p%C3%BAblicos' aria-hidden='false' data-av_icon='\ue8f3' data-av_iconfont='entypo-fontello' title='' data-avia-related-tooltip='Compartir en Facebook' rel=\"noopener\"><span class='avia_hidden_link_text'>Compartir en Facebook<\/span><\/a><\/li><li class='av-share-link av-social-link-twitter' ><a target=\"_blank\" aria-label=\"Compartir en Twitter\" href='https:\/\/twitter.com\/share?text=Seremi%20de%20Salud%20ratifica%20exigencia%20sanitaria%20para%20uso%20de%20mascarilla%20en%20espacios%20p%C3%BAblicos&#038;url=https:\/\/radiorevelacionfm.cl\/?p=15125' aria-hidden='false' data-av_icon='\ue8f1' data-av_iconfont='entypo-fontello' title='' data-avia-related-tooltip='Compartir en Twitter' rel=\"noopener\"><span class='avia_hidden_link_text'>Compartir en Twitter<\/span><\/a><\/li><li class='av-share-link av-social-link-whatsapp' ><a target=\"_blank\" aria-label=\"Compartir en Whatsapp\" href='https:\/\/api.whatsapp.com\/send?text=https:\/\/radiorevelacionfm.cl\/?p=15125' aria-hidden='false' data-av_icon='\uf232' data-av_iconfont='entypo-fontello' title='' data-avia-related-tooltip='Compartir en Whatsapp' rel=\"noopener\"><span class='avia_hidden_link_text'>Compartir en Whatsapp<\/span><\/a><\/li><li class='av-share-link av-social-link-linkedin' ><a target=\"_blank\" aria-label=\"Compartir en LinkedIn\" href='https:\/\/linkedin.com\/shareArticle?mini=true&#038;title=Seremi%20de%20Salud%20ratifica%20exigencia%20sanitaria%20para%20uso%20de%20mascarilla%20en%20espacios%20p%C3%BAblicos&#038;url=https:\/\/radiorevelacionfm.cl\/?p=15125' aria-hidden='false' data-av_icon='\ue8fc' data-av_iconfont='entypo-fontello' title='' data-avia-related-tooltip='Compartir en LinkedIn' rel=\"noopener\"><span class='avia_hidden_link_text'>Compartir en LinkedIn<\/span><\/a><\/li><li class='av-share-link av-social-link-mail' ><a  aria-label=\"Compartir por correo\" href='mailto:?subject=Seremi%20de%20Salud%20ratifica%20exigencia%20sanitaria%20para%20uso%20de%20mascarilla%20en%20espacios%20p%C3%BAblicos&#038;body=https:\/\/radiorevelacionfm.cl\/?p=15125' aria-hidden='false' data-av_icon='\ue805' data-av_iconfont='entypo-fontello' title='' data-avia-related-tooltip='Compartir por correo'><span class='avia_hidden_link_text'>Compartir por correo<\/span><\/a><\/li><\/ul><\/div><\/div>\n<div  style='height:50px' class='hr hr-invisible   avia-builder-el-8  el_after_av_social_share  el_before_av_comments_list '><span class='hr-inner ' ><span class='hr-inner-style'><\/span><\/span><\/div>\n<div  class='av-buildercomment  av-blog-meta-html-info-disabled av-blog-meta-tag-disabled  '><\/div>\n","protected":false},"excerpt":{"rendered":"","protected":false},"author":1,"featured_media":10695,"comment_status":"open","ping_status":"open","sticky":false,"template":"","format":"standard","meta":{"footnotes":""},"categories":[46],"tags":[],"class_list":["post-15125","post","type-post","status-publish","format-standard","has-post-thumbnail","hentry","category-salud"],"jetpack_featured_media_url":"https:\/\/radiorevelacionfm.cl\/wp-content\/uploads\/2021\/11\/mascarillas-1_optimized.jpg","_links":{"self":[{"href":"https:\/\/radiorevelacionfm.cl\/index.php?rest_route=\/wp\/v2\/posts\/15125","targetHints":{"allow":["GET"]}}],"collection":[{"href":"https:\/\/radiorevelacionfm.cl\/index.php?rest_route=\/wp\/v2\/posts"}],"about":[{"href":"https:\/\/radiorevelacionfm.cl\/index.php?rest_route=\/wp\/v2\/types\/post"}],"author":[{"embeddable":true,"href":"https:\/\/radiorevelacionfm.cl\/index.php?rest_route=\/wp\/v2\/users\/1"}],"replies":[{"embeddable":true,"href":"https:\/\/radiorevelacionfm.cl\/index.php?rest_route=%2Fwp%2Fv2%2Fcomments&post=15125"}],"version-history":[{"count":2,"href":"https:\/\/radiorevelacionfm.cl\/index.php?rest_route=\/wp\/v2\/posts\/15125\/revisions"}],"predecessor-version":[{"id":15127,"href":"https:\/\/radiorevelacionfm.cl\/index.php?rest_route=\/wp\/v2\/posts\/15125\/revisions\/15127"}],"wp:featuredmedia":[{"embeddable":true,"href":"https:\/\/radiorevelacionfm.cl\/index.php?rest_route=\/wp\/v2\/media\/10695"}],"wp:attachment":[{"href":"https:\/\/radiorevelacionfm.cl\/index.php?rest_route=%2Fwp%2Fv2%2Fmedia&parent=15125"}],"wp:term":[{"taxonomy":"category","embeddable":true,"href":"https:\/\/radiorevelacionfm.cl\/index.php?rest_route=%2Fwp%2Fv2%2Fcategories&post=15125"},{"taxonomy":"post_tag","embeddable":true,"href":"https:\/\/radiorevelacionfm.cl\/index.php?rest_route=%2Fwp%2Fv2%2Ftags&post=15125"}],"curies":[{"name":"wp","href":"https:\/\/api.w.org\/{rel}","templated":true}]}}