{"id":15122,"date":"2022-03-29T09:29:42","date_gmt":"2022-03-29T12:29:42","guid":{"rendered":"https:\/\/radiorevelacionfm.cl\/?p=15122"},"modified":"2022-03-29T09:29:42","modified_gmt":"2022-03-29T12:29:42","slug":"en-la-moneda-reciben-a-voceros-de-la-confech-para-abordar-demandas-en-el-marco-de-mesa-de-trabajo-con-estudiantes","status":"publish","type":"post","link":"https:\/\/radiorevelacionfm.cl\/?p=15122","title":{"rendered":"En La Moneda reciben a voceros de la Confech para abordar demandas en el marco de mesa de trabajo con estudiantes"},"content":{"rendered":"<div class=\"flex_column av_one_full  flex_column_div av-zero-column-padding first  avia-builder-el-0  el_before_av_one_full  avia-builder-el-first  \" style='border-radius:0px; '><div  class='avia-image-container  av-styling-    avia-builder-el-1  avia-builder-el-no-sibling  avia-align-center '  itemprop=\"image\" itemscope=\"itemscope\" itemtype=\"https:\/\/schema.org\/ImageObject\"  ><div class='avia-image-container-inner'><div class='avia-image-overlay-wrap'><img decoding=\"async\" class='wp-image-15123 avia-img-lazy-loading-not-15123 avia_image' src=\"https:\/\/radiorevelacionfm.cl\/wp-content\/uploads\/2022\/03\/confech-moneda-1-660x390-1.jpeg\" alt='' title='confech-moneda-1-660x390 (1)' height=\"390\" width=\"660\"  itemprop=\"thumbnailUrl\" srcset=\"https:\/\/radiorevelacionfm.cl\/wp-content\/uploads\/2022\/03\/confech-moneda-1-660x390-1.jpeg 660w, https:\/\/radiorevelacionfm.cl\/wp-content\/uploads\/2022\/03\/confech-moneda-1-660x390-1-300x177.jpeg 300w, https:\/\/radiorevelacionfm.cl\/wp-content\/uploads\/2022\/03\/confech-moneda-1-660x390-1-600x355.jpeg 600w\" sizes=\"(max-width: 660px) 100vw, 660px\" \/><\/div><\/div><\/div><\/div><div class=\"flex_column av_one_full  flex_column_div av-zero-column-padding first  avia-builder-el-2  el_after_av_one_full  el_before_av_one_full  column-top-margin\" style='border-radius:0px; '><section class=\"av_textblock_section \"  itemscope=\"itemscope\" itemtype=\"https:\/\/schema.org\/BlogPosting\" itemprop=\"blogPost\" ><div class='avia_textblock  '   itemprop=\"text\" ><p style=\"text-align: center;\"><strong><span style=\"font-size: 18pt;\">En La Moneda reciben a voceros de la Confech para abordar demandas en el marco de mesa de trabajo con estudiantes<\/span><\/strong><\/p>\n<div id=\"gtx-trans\" style=\"position: absolute; left: -50px; top: 4.31534px;\">\n<div class=\"gtx-trans-icon\"><\/div>\n<\/div>\n<\/div><\/section><\/div><div class=\"flex_column av_one_full  flex_column_div av-zero-column-padding first  avia-builder-el-4  el_after_av_one_full  el_before_av_hr  column-top-margin\" style='border-radius:0px; '><section class=\"av_textblock_section \"  itemscope=\"itemscope\" itemtype=\"https:\/\/schema.org\/BlogPosting\" itemprop=\"blogPost\" ><div class='avia_textblock  '   itemprop=\"text\" ><p class=\"v1MsoNormal\" style=\"text-align: justify;\">En el marco de la mesa de trabajo y proceso de di\u00e1logo que se inici\u00f3 a comienzos de esta semana junto a la Confederaci\u00f3n de Estudiantes de Chile (Confech), y en representaci\u00f3n del Presidente Gabriel Boric y el Ministro de Educaci\u00f3n, Marco Antonio \u00c1vila, hoy la Subsecretaria de Educaci\u00f3n Superior, Ver\u00f3nica Figueroa Huencho, junto al equipo Mineduc, recibi\u00f3 en el Palacio de La Moneda a voceros representantes de la agrupaci\u00f3n universitaria, que este viernes se movilizaron en distintas ciudades del pa\u00eds.<\/p>\n<p class=\"v1MsoNormal\" style=\"text-align: justify;\">\u201cEn esta oportunidad hemos recibido su petitorio, sus demandas, sus preocupaciones, hemos podido conversar respecto de la agenda que tenemos en marcha. Ya tuvimos una primera reuni\u00f3n y hoy d\u00eda acordamos algunos puntos de la agenda de trabajo que vamos a tener. Estamos muy conformes, muy contentas, muy contentos, porque entendemos que la v\u00eda para poder avanzar en las mejoras no solamente de la calidad de vida estudiantil, sino de entregar dignidad a nuestras y nuestros estudiantes en el sistema de educaci\u00f3n superior pasa por dialogar, poner todos los temas en la mesa, escucharnos y ese ha sido el mandato que se nos ha dado\u201d, destac\u00f3 la subsecretaria.<\/p>\n<p class=\"v1MsoNormal\" style=\"text-align: justify;\">En la instancia, las vocer\u00edas pudieron expresar sus demandas, que hoy se concentraron en la solicitud de mejoras a la Beca de Alimentaci\u00f3n para Educaci\u00f3n Superior, BAES.<\/p>\n<p class=\"v1MsoNormal\" style=\"text-align: justify;\">Luego de dos horas de di\u00e1logo, Osvaldo Az\u00f3car, vocero del movimiento Lucha BAES, se\u00f1al\u00f3: \u201cquiero agradecer a las autoridades por recibirnos en La Moneda para poder hacer entrega del petitorio, el cual se ha construido y se ha estado trabajando hace bastante tiempo\u201d, mientras que Noem\u00ed Quintana, presidenta de la Federaci\u00f3n de Estudiantes de la Universidad de Santiago, y vocera Confech, destac\u00f3 que \u201cel recibirnos ac\u00e1 en La Moneda, creemos que es un gesto de que este tema se vea de manera transversal y pueda resolverse desde los actores y actrices que tengan que involucrarse para que esta demanda sea resuelta\u201d.<\/p>\n<p class=\"v1MsoNormal\" style=\"text-align: justify;\">Respecto de la mesa de trabajo, esta se cre\u00f3 el martes de esta semana, luego que el ministro de Educaci\u00f3n y la Subsecretaria de Educaci\u00f3n Superior recibieran al estudiantado para analizar sus diversas demandas corto y mediano plazo. La pr\u00f3xima reuni\u00f3n de la mesa de trabajo ser\u00e1 el pr\u00f3ximo 5 de abril.<\/p>\n<p class=\"v1MsoNormal\" style=\"text-align: justify;\">Respecto a los hechos ocurridos en la manifestaci\u00f3n de la Confech, donde un estudiante result\u00f3 herido, la subsecretaria Figueroa Huencho se\u00f1al\u00f3 que \u201cestos hechos son de suma gravedad y esperamos que las investigaciones que se han instruido puedan determinar las responsabilidades correspondientes.La protecci\u00f3n del orden p\u00fablico siempre debe estar supeditada al respeto irrestricto a los derechos humanos. Empatizamos con la preocupaci\u00f3n de las y los estudiantes y, en lo que a nosotros nos compete, seguiremos trabajando para dar a las y los estudiantes condiciones dignas para ejercer su derecho a la educaci\u00f3n\u201d.<\/p>\n<p class=\"v1MsoNormal\" style=\"text-align: justify;\">Por su parte, Noem\u00ed Quintana enfatiz\u00f3: \u201cLa marcha fue autorizada y creemos que esta situaci\u00f3n, ya se nos ha informado que se est\u00e1 investigando, que se van a abrir los sumarios, se van a aplicar las responsabilidades correspondientes y eso tambi\u00e9n lo agradecemos. Vamos a estar tambi\u00e9n en contacto con el Gobierno, con el Ministerio de Educaci\u00f3n (\u2026) agradecemos el inter\u00e9s y la preocupaci\u00f3n\u201d.<\/p>\n<\/div><\/section><\/div><div  style='height:50px' class='hr hr-invisible   avia-builder-el-6  el_after_av_one_full  el_before_av_social_share '><span class='hr-inner ' ><span class='hr-inner-style'><\/span><\/span><\/div><\/p>\n<div  class='av-social-sharing-box  avia-builder-el-7  el_after_av_hr  el_before_av_hr  '><div class='av-share-box'><h5 class='av-share-link-description av-no-toc '>Compartir esta noticia<\/h5><ul class='av-share-box-list noLightbox'><li class='av-share-link av-social-link-facebook' ><a target=\"_blank\" aria-label=\"Compartir en Facebook\" href='https:\/\/www.facebook.com\/sharer.php?u=https:\/\/radiorevelacionfm.cl\/?p=15122&#038;t=En%20La%20Moneda%20reciben%20a%20voceros%20de%20la%20Confech%20para%20abordar%20demandas%20en%20el%20marco%20de%20mesa%20de%20trabajo%20con%20estudiantes' aria-hidden='false' data-av_icon='\ue8f3' data-av_iconfont='entypo-fontello' title='' data-avia-related-tooltip='Compartir en Facebook' rel=\"noopener\"><span class='avia_hidden_link_text'>Compartir en Facebook<\/span><\/a><\/li><li class='av-share-link av-social-link-twitter' ><a target=\"_blank\" aria-label=\"Compartir en Twitter\" href='https:\/\/twitter.com\/share?text=En%20La%20Moneda%20reciben%20a%20voceros%20de%20la%20Confech%20para%20abordar%20demandas%20en%20el%20marco%20de%20mesa%20de%20trabajo%20con%20estudiantes&#038;url=https:\/\/radiorevelacionfm.cl\/?p=15122' aria-hidden='false' data-av_icon='\ue8f1' data-av_iconfont='entypo-fontello' title='' data-avia-related-tooltip='Compartir en Twitter' rel=\"noopener\"><span class='avia_hidden_link_text'>Compartir en Twitter<\/span><\/a><\/li><li class='av-share-link av-social-link-whatsapp' ><a target=\"_blank\" aria-label=\"Compartir en Whatsapp\" href='https:\/\/api.whatsapp.com\/send?text=https:\/\/radiorevelacionfm.cl\/?p=15122' aria-hidden='false' data-av_icon='\uf232' data-av_iconfont='entypo-fontello' title='' data-avia-related-tooltip='Compartir en Whatsapp' rel=\"noopener\"><span class='avia_hidden_link_text'>Compartir en Whatsapp<\/span><\/a><\/li><li class='av-share-link av-social-link-linkedin' ><a target=\"_blank\" aria-label=\"Compartir en LinkedIn\" href='https:\/\/linkedin.com\/shareArticle?mini=true&#038;title=En%20La%20Moneda%20reciben%20a%20voceros%20de%20la%20Confech%20para%20abordar%20demandas%20en%20el%20marco%20de%20mesa%20de%20trabajo%20con%20estudiantes&#038;url=https:\/\/radiorevelacionfm.cl\/?p=15122' aria-hidden='false' data-av_icon='\ue8fc' data-av_iconfont='entypo-fontello' title='' data-avia-related-tooltip='Compartir en LinkedIn' rel=\"noopener\"><span class='avia_hidden_link_text'>Compartir en LinkedIn<\/span><\/a><\/li><li class='av-share-link av-social-link-mail' ><a  aria-label=\"Compartir por correo\" href='mailto:?subject=En%20La%20Moneda%20reciben%20a%20voceros%20de%20la%20Confech%20para%20abordar%20demandas%20en%20el%20marco%20de%20mesa%20de%20trabajo%20con%20estudiantes&#038;body=https:\/\/radiorevelacionfm.cl\/?p=15122' aria-hidden='false' data-av_icon='\ue805' data-av_iconfont='entypo-fontello' title='' data-avia-related-tooltip='Compartir por correo'><span class='avia_hidden_link_text'>Compartir por correo<\/span><\/a><\/li><\/ul><\/div><\/div>\n<div  style='height:50px' class='hr hr-invisible   avia-builder-el-8  el_after_av_social_share  el_before_av_comments_list '><span class='hr-inner ' ><span class='hr-inner-style'><\/span><\/span><\/div>\n<div  class='av-buildercomment  av-blog-meta-html-info-disabled av-blog-meta-tag-disabled  '><\/div>\n","protected":false},"excerpt":{"rendered":"","protected":false},"author":1,"featured_media":15123,"comment_status":"open","ping_status":"open","sticky":false,"template":"","format":"standard","meta":{"footnotes":""},"categories":[49],"tags":[],"class_list":["post-15122","post","type-post","status-publish","format-standard","has-post-thumbnail","hentry","category-educacion"],"jetpack_featured_media_url":"https:\/\/radiorevelacionfm.cl\/wp-content\/uploads\/2022\/03\/confech-moneda-1-660x390-1.jpeg","_links":{"self":[{"href":"https:\/\/radiorevelacionfm.cl\/index.php?rest_route=\/wp\/v2\/posts\/15122","targetHints":{"allow":["GET"]}}],"collection":[{"href":"https:\/\/radiorevelacionfm.cl\/index.php?rest_route=\/wp\/v2\/posts"}],"about":[{"href":"https:\/\/radiorevelacionfm.cl\/index.php?rest_route=\/wp\/v2\/types\/post"}],"author":[{"embeddable":true,"href":"https:\/\/radiorevelacionfm.cl\/index.php?rest_route=\/wp\/v2\/users\/1"}],"replies":[{"embeddable":true,"href":"https:\/\/radiorevelacionfm.cl\/index.php?rest_route=%2Fwp%2Fv2%2Fcomments&post=15122"}],"version-history":[{"count":2,"href":"https:\/\/radiorevelacionfm.cl\/index.php?rest_route=\/wp\/v2\/posts\/15122\/revisions"}],"predecessor-version":[{"id":15152,"href":"https:\/\/radiorevelacionfm.cl\/index.php?rest_route=\/wp\/v2\/posts\/15122\/revisions\/15152"}],"wp:featuredmedia":[{"embeddable":true,"href":"https:\/\/radiorevelacionfm.cl\/index.php?rest_route=\/wp\/v2\/media\/15123"}],"wp:attachment":[{"href":"https:\/\/radiorevelacionfm.cl\/index.php?rest_route=%2Fwp%2Fv2%2Fmedia&parent=15122"}],"wp:term":[{"taxonomy":"category","embeddable":true,"href":"https:\/\/radiorevelacionfm.cl\/index.php?rest_route=%2Fwp%2Fv2%2Fcategories&post=15122"},{"taxonomy":"post_tag","embeddable":true,"href":"https:\/\/radiorevelacionfm.cl\/index.php?rest_route=%2Fwp%2Fv2%2Ftags&post=15122"}],"curies":[{"name":"wp","href":"https:\/\/api.w.org\/{rel}","templated":true}]}}