{"id":15117,"date":"2022-03-28T10:34:14","date_gmt":"2022-03-28T13:34:14","guid":{"rendered":"https:\/\/radiorevelacionfm.cl\/?p=15117"},"modified":"2022-03-28T10:34:14","modified_gmt":"2022-03-28T13:34:14","slug":"sag-detecto-plaga-forestal-en-la-comuna-de-chile-chico","status":"publish","type":"post","link":"https:\/\/radiorevelacionfm.cl\/?p=15117","title":{"rendered":"SAG detect\u00f3 plaga forestal en la comuna de Chile Chico"},"content":{"rendered":"<div class=\"flex_column av_one_full  flex_column_div av-zero-column-padding first  avia-builder-el-0  el_before_av_one_full  avia-builder-el-first  \" style='border-radius:0px; '><div  class='avia-image-container  av-styling-    avia-builder-el-1  avia-builder-el-no-sibling  avia-align-center '  itemprop=\"image\" itemscope=\"itemscope\" itemtype=\"https:\/\/schema.org\/ImageObject\"  ><div class='avia-image-container-inner'><div class='avia-image-overlay-wrap'><img decoding=\"async\" class='wp-image-15118 avia-img-lazy-loading-not-15118 avia_image' src=\"https:\/\/radiorevelacionfm.cl\/wp-content\/uploads\/2022\/03\/Liberacion-1.1-1-1.jpg\" alt='' title='Liberaci\u00f3n 1.1 (1) (1)' height=\"600\" width=\"633\"  itemprop=\"thumbnailUrl\" srcset=\"https:\/\/radiorevelacionfm.cl\/wp-content\/uploads\/2022\/03\/Liberacion-1.1-1-1.jpg 633w, https:\/\/radiorevelacionfm.cl\/wp-content\/uploads\/2022\/03\/Liberacion-1.1-1-1-300x284.jpg 300w, https:\/\/radiorevelacionfm.cl\/wp-content\/uploads\/2022\/03\/Liberacion-1.1-1-1-600x569.jpg 600w\" sizes=\"(max-width: 633px) 100vw, 633px\" \/><\/div><\/div><\/div><\/div><div class=\"flex_column av_one_full  flex_column_div av-zero-column-padding first  avia-builder-el-2  el_after_av_one_full  el_before_av_one_full  column-top-margin\" style='border-radius:0px; '><section class=\"av_textblock_section \"  itemscope=\"itemscope\" itemtype=\"https:\/\/schema.org\/BlogPosting\" itemprop=\"blogPost\" ><div class='avia_textblock  '   itemprop=\"text\" ><p style=\"text-align: center;\"><strong><span style=\"font-size: 18pt;\">SAG detect\u00f3 plaga forestal en la comuna de Chile Chico<\/span><\/strong><\/p>\n<div id=\"gtx-trans\" style=\"position: absolute; left: -50px; top: 4.31534px;\">\n<div class=\"gtx-trans-icon\"><\/div>\n<\/div>\n<\/div><\/section><\/div><div class=\"flex_column av_one_full  flex_column_div av-zero-column-padding first  avia-builder-el-4  el_after_av_one_full  el_before_av_hr  column-top-margin\" style='border-radius:0px; '><section class=\"av_textblock_section \"  itemscope=\"itemscope\" itemtype=\"https:\/\/schema.org\/BlogPosting\" itemprop=\"blogPost\" ><div class='avia_textblock  '   itemprop=\"text\" ><p style=\"text-align: justify;\">El Servicio Agr\u00edcola y Ganadero, SAG, regi\u00f3n de Ays\u00e9n, durante las acciones de vigilancia forestal de rutina, detect\u00f3 la presencia del gorgojo de la corteza del pino,\u202fPissodes castaneus, en la comuna de Chile Chico, provincia de General Carrera.<\/p>\n<p style=\"text-align: justify;\">Pissodes castaneus o gorgojo de la corteza del pino es un insecto originario de Europa, que se ha introducido y dispersado en Sudam\u00e9rica (Argentina, sur de Brasil y Uruguay). Esta plaga afecta diferentes especies del g\u00e9nero Pinus, como asimismo abetos (Abies), alerce europeo (Larix) y tejo (Taxus bacata<span style=\"text-decoration: line-through;\">).<\/span><\/p>\n<p style=\"text-align: justify;\">Mat\u00edas Vial Orueta, director regional del SAG, indica \u201cesta detecci\u00f3n confirma la presencia de este insecto por primera vez en la regi\u00f3n en Ays\u00e9n, es por eso que con la finalidad de contener y suprimir la plaga \u201cgorgojo de la corteza del pino\u201d, durante el mes de marzo el Servicio, implemento la estrategia de control con la liberaci\u00f3n de Eubazus semirugosus<span style=\"text-decoration: line-through;\">)<\/span>, un controlador biol\u00f3gico natural y espec\u00edfico, para combatir el avance de esta plaga forestal hacia otras zonas de la regi\u00f3n y del pa\u00eds. \u202fEs importante se\u00f1alar que este controlador biol\u00f3gico no afecta a insectos nativos, no atacan a otros animales, ni al ser humano, para la tranquilad de la comunidad\u201d.<\/p>\n<p style=\"text-align: justify;\">\u201cEl Servicio realiza de manera permanente vigilancia forestal en la regi\u00f3n, lo que permiti\u00f3 la detecci\u00f3n de esta plaga, y que en Chile su distribuci\u00f3n estaba restringida s\u00f3lo a las regiones de Los R\u00edos y Los Lagos. Plaga que es de importancia econ\u00f3mica para nuestro pa\u00eds ya que provoca la muerte de plantas, en viveros y plantaciones j\u00f3venes y puede restringir las exportaciones forestales hacia algunos mercados externos\u201d Seg\u00fan precis\u00f3 Mario Taruman, Encargado Regional (S) de Protecci\u00f3n Agr\u00edcola-Forestal y Semillas SAG Ays\u00e9n.<\/p>\n<p style=\"text-align: justify;\">Esta plaga puede dispersarse a trav\u00e9s del vuelo de insectos adultos y mediante el traslado de productos y subproductos forestales que est\u00e9n infestados tales como plantas, ramas, brotes, le\u00f1a, trozas y madera aserrada de pinos con corteza.<\/p>\n<p style=\"text-align: justify;\">Finalmente, el director regional, agradece la colaboraci\u00f3n de la regi\u00f3n de Los R\u00edos y Los Lagos, por la coordinaci\u00f3n y log\u00edstica implementada para el traslado exitoso del controlador biol\u00f3gico a la regi\u00f3n de Ays\u00e9n, y as\u00ed lograr una liberaci\u00f3n exitosa para combatir la plaga\u201d.<\/p>\n<\/div><\/section><\/div><div  style='height:50px' class='hr hr-invisible   avia-builder-el-6  el_after_av_one_full  el_before_av_social_share '><span class='hr-inner ' ><span class='hr-inner-style'><\/span><\/span><\/div><\/p>\n<div  class='av-social-sharing-box  avia-builder-el-7  el_after_av_hr  el_before_av_hr  '><div class='av-share-box'><h5 class='av-share-link-description av-no-toc '>Compartir esta noticia<\/h5><ul class='av-share-box-list noLightbox'><li class='av-share-link av-social-link-facebook' ><a target=\"_blank\" aria-label=\"Compartir en Facebook\" href='https:\/\/www.facebook.com\/sharer.php?u=https:\/\/radiorevelacionfm.cl\/?p=15117&#038;t=SAG%20detect%C3%B3%20plaga%20forestal%20en%20la%20comuna%20de%20Chile%20Chico' aria-hidden='false' data-av_icon='\ue8f3' data-av_iconfont='entypo-fontello' title='' data-avia-related-tooltip='Compartir en Facebook' rel=\"noopener\"><span class='avia_hidden_link_text'>Compartir en Facebook<\/span><\/a><\/li><li class='av-share-link av-social-link-twitter' ><a target=\"_blank\" aria-label=\"Compartir en Twitter\" href='https:\/\/twitter.com\/share?text=SAG%20detect%C3%B3%20plaga%20forestal%20en%20la%20comuna%20de%20Chile%20Chico&#038;url=https:\/\/radiorevelacionfm.cl\/?p=15117' aria-hidden='false' data-av_icon='\ue8f1' data-av_iconfont='entypo-fontello' title='' data-avia-related-tooltip='Compartir en Twitter' rel=\"noopener\"><span class='avia_hidden_link_text'>Compartir en Twitter<\/span><\/a><\/li><li class='av-share-link av-social-link-whatsapp' ><a target=\"_blank\" aria-label=\"Compartir en Whatsapp\" href='https:\/\/api.whatsapp.com\/send?text=https:\/\/radiorevelacionfm.cl\/?p=15117' aria-hidden='false' data-av_icon='\uf232' data-av_iconfont='entypo-fontello' title='' data-avia-related-tooltip='Compartir en Whatsapp' rel=\"noopener\"><span class='avia_hidden_link_text'>Compartir en Whatsapp<\/span><\/a><\/li><li class='av-share-link av-social-link-linkedin' ><a target=\"_blank\" aria-label=\"Compartir en LinkedIn\" href='https:\/\/linkedin.com\/shareArticle?mini=true&#038;title=SAG%20detect%C3%B3%20plaga%20forestal%20en%20la%20comuna%20de%20Chile%20Chico&#038;url=https:\/\/radiorevelacionfm.cl\/?p=15117' aria-hidden='false' data-av_icon='\ue8fc' data-av_iconfont='entypo-fontello' title='' data-avia-related-tooltip='Compartir en LinkedIn' rel=\"noopener\"><span class='avia_hidden_link_text'>Compartir en LinkedIn<\/span><\/a><\/li><li class='av-share-link av-social-link-mail' ><a  aria-label=\"Compartir por correo\" href='mailto:?subject=SAG%20detect%C3%B3%20plaga%20forestal%20en%20la%20comuna%20de%20Chile%20Chico&#038;body=https:\/\/radiorevelacionfm.cl\/?p=15117' aria-hidden='false' data-av_icon='\ue805' data-av_iconfont='entypo-fontello' title='' data-avia-related-tooltip='Compartir por correo'><span class='avia_hidden_link_text'>Compartir por correo<\/span><\/a><\/li><\/ul><\/div><\/div>\n<div  style='height:50px' class='hr hr-invisible   avia-builder-el-8  el_after_av_social_share  el_before_av_comments_list '><span class='hr-inner ' ><span class='hr-inner-style'><\/span><\/span><\/div>\n<div  class='av-buildercomment  av-blog-meta-html-info-disabled av-blog-meta-tag-disabled  '><\/div>\n","protected":false},"excerpt":{"rendered":"","protected":false},"author":1,"featured_media":15118,"comment_status":"open","ping_status":"open","sticky":false,"template":"","format":"standard","meta":{"footnotes":""},"categories":[58],"tags":[],"class_list":["post-15117","post","type-post","status-publish","format-standard","has-post-thumbnail","hentry","category-agricultura"],"jetpack_featured_media_url":"https:\/\/radiorevelacionfm.cl\/wp-content\/uploads\/2022\/03\/Liberacion-1.1-1-1.jpg","_links":{"self":[{"href":"https:\/\/radiorevelacionfm.cl\/index.php?rest_route=\/wp\/v2\/posts\/15117","targetHints":{"allow":["GET"]}}],"collection":[{"href":"https:\/\/radiorevelacionfm.cl\/index.php?rest_route=\/wp\/v2\/posts"}],"about":[{"href":"https:\/\/radiorevelacionfm.cl\/index.php?rest_route=\/wp\/v2\/types\/post"}],"author":[{"embeddable":true,"href":"https:\/\/radiorevelacionfm.cl\/index.php?rest_route=\/wp\/v2\/users\/1"}],"replies":[{"embeddable":true,"href":"https:\/\/radiorevelacionfm.cl\/index.php?rest_route=%2Fwp%2Fv2%2Fcomments&post=15117"}],"version-history":[{"count":2,"href":"https:\/\/radiorevelacionfm.cl\/index.php?rest_route=\/wp\/v2\/posts\/15117\/revisions"}],"predecessor-version":[{"id":15120,"href":"https:\/\/radiorevelacionfm.cl\/index.php?rest_route=\/wp\/v2\/posts\/15117\/revisions\/15120"}],"wp:featuredmedia":[{"embeddable":true,"href":"https:\/\/radiorevelacionfm.cl\/index.php?rest_route=\/wp\/v2\/media\/15118"}],"wp:attachment":[{"href":"https:\/\/radiorevelacionfm.cl\/index.php?rest_route=%2Fwp%2Fv2%2Fmedia&parent=15117"}],"wp:term":[{"taxonomy":"category","embeddable":true,"href":"https:\/\/radiorevelacionfm.cl\/index.php?rest_route=%2Fwp%2Fv2%2Fcategories&post=15117"},{"taxonomy":"post_tag","embeddable":true,"href":"https:\/\/radiorevelacionfm.cl\/index.php?rest_route=%2Fwp%2Fv2%2Ftags&post=15117"}],"curies":[{"name":"wp","href":"https:\/\/api.w.org\/{rel}","templated":true}]}}