{"id":15114,"date":"2022-03-28T10:14:02","date_gmt":"2022-03-28T13:14:02","guid":{"rendered":"https:\/\/radiorevelacionfm.cl\/?p=15114"},"modified":"2022-03-28T10:14:02","modified_gmt":"2022-03-28T13:14:02","slug":"hombre-se-habria-suicidado-tras-denuncia-de-violencia-intrafamiliar-en-puerto-aysen","status":"publish","type":"post","link":"https:\/\/radiorevelacionfm.cl\/?p=15114","title":{"rendered":"Hombre se habr\u00eda suicidado tras denuncia de violencia intrafamiliar en Puerto Ays\u00e9n"},"content":{"rendered":"<div class=\"flex_column av_one_full  flex_column_div av-zero-column-padding first  avia-builder-el-0  el_before_av_one_full  avia-builder-el-first  \" style='border-radius:0px; '><div  class='avia-image-container  av-styling-    avia-builder-el-1  avia-builder-el-no-sibling  avia-align-center '  itemprop=\"image\" itemscope=\"itemscope\" itemtype=\"https:\/\/schema.org\/ImageObject\"  ><div class='avia-image-container-inner'><div class='avia-image-overlay-wrap'><img decoding=\"async\" class='wp-image-12617 avia-img-lazy-loading-not-12617 avia_image' src=\"https:\/\/radiorevelacionfm.cl\/wp-content\/uploads\/2022\/01\/Carabineros-Aysen.jpg\" alt='' title='Carabineros Aysen' height=\"600\" width=\"1057\"  itemprop=\"thumbnailUrl\" srcset=\"https:\/\/radiorevelacionfm.cl\/wp-content\/uploads\/2022\/01\/Carabineros-Aysen.jpg 1057w, https:\/\/radiorevelacionfm.cl\/wp-content\/uploads\/2022\/01\/Carabineros-Aysen-300x170.jpg 300w, https:\/\/radiorevelacionfm.cl\/wp-content\/uploads\/2022\/01\/Carabineros-Aysen-1030x585.jpg 1030w, https:\/\/radiorevelacionfm.cl\/wp-content\/uploads\/2022\/01\/Carabineros-Aysen-768x436.jpg 768w, https:\/\/radiorevelacionfm.cl\/wp-content\/uploads\/2022\/01\/Carabineros-Aysen-705x400.jpg 705w, https:\/\/radiorevelacionfm.cl\/wp-content\/uploads\/2022\/01\/Carabineros-Aysen-600x341.jpg 600w\" sizes=\"(max-width: 1057px) 100vw, 1057px\" \/><\/div><\/div><\/div><\/div><div class=\"flex_column av_one_full  flex_column_div av-zero-column-padding first  avia-builder-el-2  el_after_av_one_full  el_before_av_one_full  column-top-margin\" style='border-radius:0px; '><section class=\"av_textblock_section \"  itemscope=\"itemscope\" itemtype=\"https:\/\/schema.org\/BlogPosting\" itemprop=\"blogPost\" ><div class='avia_textblock  '   itemprop=\"text\" ><p style=\"text-align: center;\"><strong><span style=\"font-size: 18pt;\">Hombre se habr\u00eda suicidado tras denuncia de violencia intrafamiliar en Puerto Ays\u00e9n<\/span><\/strong><\/p>\n<div id=\"gtx-trans\" style=\"position: absolute; left: -50px; top: 4.31534px;\">\n<div class=\"gtx-trans-icon\"><\/div>\n<\/div>\n<\/div><\/section><\/div><div class=\"flex_column av_one_full  flex_column_div av-zero-column-padding first  avia-builder-el-4  el_after_av_one_full  el_before_av_hr  column-top-margin\" style='border-radius:0px; '><section class=\"av_textblock_section \"  itemscope=\"itemscope\" itemtype=\"https:\/\/schema.org\/BlogPosting\" itemprop=\"blogPost\" ><div class='avia_textblock  '   itemprop=\"text\" ><p style=\"text-align: justify;\">En horas de la madrugada del s\u00e1bado, en una vivienda de calle Rio Los Palos de Puerto Ays\u00e9n, un hombre mayor de edad, habr\u00eda decidido quitarse la vida. Esto luego de que su pareja decidiera llamar a Carabineros y denunciarlo por violencia intrafamiliar, es en ese intertanto que habr\u00eda decidido atentar contra su vida.<\/p>\n<p style=\"text-align: justify;\">El hecho se encuentra en proceso de investigaci\u00f3n y respecto a las primeras diligencias, el Teniente de Carabineros de la 2da. Comisaria, Carlos Mesas, se\u00f1al\u00f3 \u201cCercano a las tres de la madrugada (del s\u00e1bado), personal de la Segunda Comisaria de Puerto Ays\u00e9n, concurre a la calle r\u00edo Los Palos en el sector de la Ribera Sur, a verificar un procedimiento que en primera instancia ser\u00eda de violencia intrafamiliar. Al llegar al lugar, se entrevista con la mujer en este caso, para luego intentar entrevistarse con el otro participante de esta violencia intrafamiliar, en ese contexto, ingresan al domicilio, previa autorizaci\u00f3n de la misma mujer. Lamentablemente en el interior se percatan que el hombre se encontraba sin vida, una persona adulta mayor de edad. A ra\u00edz de esto, personal de Carabineros toma contacto con la Fiscal\u00eda, los cuales instruyen las diligencias investigativas a cargo del Labocar de Carabineros de Coyhaique, resguardando el sitio del suceso\u201d.<\/p>\n<p style=\"text-align: justify;\">Los antecedentes preliminares levantados por Labocar, dan cuenta de que la muerte de la persona estar\u00eda asociada a un acto suicida, debido a que no existen indicios de intervenci\u00f3n de terceras personas, manifest\u00f3 el fiscal jefe de Puerto Ays\u00e9n, Pedro Poblete.<\/p>\n<p style=\"text-align: justify;\">\u201cLa Fiscal\u00eda local de Puerto Ays\u00e9n se encuentra investigando un caso, relativo al fallecimiento de una persona, en calle rio Los Palos de esta ciudad. Esta situaci\u00f3n quedo de manifiesto en el transcurso de la madrugada, luego de que Carabineros fue alertado desde la central de comunicaciones, respecto de un procedimiento por violencia intrafamiliar. Al llegar al domicilio se entrevistaron con la v\u00edctima, quien manifest\u00f3 haber sido agredida por su pareja y en los momentos en que Carabineros proced\u00eda a realizar el procedimiento para la detenci\u00f3n del imputado, ingresan a la vivienda, encontrando el cuerpo de \u00e9ste fallecido en una dependencia destinada a le\u00f1era. Por esos motivos se concurri\u00f3 con el departamento de Labocar, quienes pudieron establecer que esta persona, habr\u00eda fallecido a trav\u00e9s de un intento suicida, no existiendo preliminarmente participaci\u00f3n de terceras personas en el hecho\u201d.<\/p>\n<p style=\"text-align: justify;\">El cuerpo, por disposici\u00f3n de la Fiscal\u00eda, fue derivado al Servicio M\u00e9dico Legal, para realizar la autopsia de rigor y conocer la causa de su fallecimiento.<\/p>\n<\/div><\/section><\/div><div  style='height:50px' class='hr hr-invisible   avia-builder-el-6  el_after_av_one_full  el_before_av_social_share '><span class='hr-inner ' ><span class='hr-inner-style'><\/span><\/span><\/div><\/p>\n<div  class='av-social-sharing-box  avia-builder-el-7  el_after_av_hr  el_before_av_hr  '><div class='av-share-box'><h5 class='av-share-link-description av-no-toc '>Compartir esta noticia<\/h5><ul class='av-share-box-list noLightbox'><li class='av-share-link av-social-link-facebook' ><a target=\"_blank\" aria-label=\"Compartir en Facebook\" href='https:\/\/www.facebook.com\/sharer.php?u=https:\/\/radiorevelacionfm.cl\/?p=15114&#038;t=Hombre%20se%20habr%C3%ADa%20suicidado%20tras%20denuncia%20de%20violencia%20intrafamiliar%20en%20Puerto%20Ays%C3%A9n' aria-hidden='false' data-av_icon='\ue8f3' data-av_iconfont='entypo-fontello' title='' data-avia-related-tooltip='Compartir en Facebook' rel=\"noopener\"><span class='avia_hidden_link_text'>Compartir en Facebook<\/span><\/a><\/li><li class='av-share-link av-social-link-twitter' ><a target=\"_blank\" aria-label=\"Compartir en Twitter\" href='https:\/\/twitter.com\/share?text=Hombre%20se%20habr%C3%ADa%20suicidado%20tras%20denuncia%20de%20violencia%20intrafamiliar%20en%20Puerto%20Ays%C3%A9n&#038;url=https:\/\/radiorevelacionfm.cl\/?p=15114' aria-hidden='false' data-av_icon='\ue8f1' data-av_iconfont='entypo-fontello' title='' data-avia-related-tooltip='Compartir en Twitter' rel=\"noopener\"><span class='avia_hidden_link_text'>Compartir en Twitter<\/span><\/a><\/li><li class='av-share-link av-social-link-whatsapp' ><a target=\"_blank\" aria-label=\"Compartir en Whatsapp\" href='https:\/\/api.whatsapp.com\/send?text=https:\/\/radiorevelacionfm.cl\/?p=15114' aria-hidden='false' data-av_icon='\uf232' data-av_iconfont='entypo-fontello' title='' data-avia-related-tooltip='Compartir en Whatsapp' rel=\"noopener\"><span class='avia_hidden_link_text'>Compartir en Whatsapp<\/span><\/a><\/li><li class='av-share-link av-social-link-linkedin' ><a target=\"_blank\" aria-label=\"Compartir en LinkedIn\" href='https:\/\/linkedin.com\/shareArticle?mini=true&#038;title=Hombre%20se%20habr%C3%ADa%20suicidado%20tras%20denuncia%20de%20violencia%20intrafamiliar%20en%20Puerto%20Ays%C3%A9n&#038;url=https:\/\/radiorevelacionfm.cl\/?p=15114' aria-hidden='false' data-av_icon='\ue8fc' data-av_iconfont='entypo-fontello' title='' data-avia-related-tooltip='Compartir en LinkedIn' rel=\"noopener\"><span class='avia_hidden_link_text'>Compartir en LinkedIn<\/span><\/a><\/li><li class='av-share-link av-social-link-mail' ><a  aria-label=\"Compartir por correo\" href='mailto:?subject=Hombre%20se%20habr%C3%ADa%20suicidado%20tras%20denuncia%20de%20violencia%20intrafamiliar%20en%20Puerto%20Ays%C3%A9n&#038;body=https:\/\/radiorevelacionfm.cl\/?p=15114' aria-hidden='false' data-av_icon='\ue805' data-av_iconfont='entypo-fontello' title='' data-avia-related-tooltip='Compartir por correo'><span class='avia_hidden_link_text'>Compartir por correo<\/span><\/a><\/li><\/ul><\/div><\/div>\n<div  style='height:50px' class='hr hr-invisible   avia-builder-el-8  el_after_av_social_share  el_before_av_comments_list '><span class='hr-inner ' ><span class='hr-inner-style'><\/span><\/span><\/div>\n<div  class='av-buildercomment  av-blog-meta-html-info-disabled av-blog-meta-tag-disabled  '><\/div>\n","protected":false},"excerpt":{"rendered":"","protected":false},"author":1,"featured_media":12617,"comment_status":"open","ping_status":"open","sticky":false,"template":"","format":"standard","meta":{"footnotes":""},"categories":[36],"tags":[],"class_list":["post-15114","post","type-post","status-publish","format-standard","has-post-thumbnail","hentry","category-policial"],"jetpack_featured_media_url":"https:\/\/radiorevelacionfm.cl\/wp-content\/uploads\/2022\/01\/Carabineros-Aysen.jpg","_links":{"self":[{"href":"https:\/\/radiorevelacionfm.cl\/index.php?rest_route=\/wp\/v2\/posts\/15114","targetHints":{"allow":["GET"]}}],"collection":[{"href":"https:\/\/radiorevelacionfm.cl\/index.php?rest_route=\/wp\/v2\/posts"}],"about":[{"href":"https:\/\/radiorevelacionfm.cl\/index.php?rest_route=\/wp\/v2\/types\/post"}],"author":[{"embeddable":true,"href":"https:\/\/radiorevelacionfm.cl\/index.php?rest_route=\/wp\/v2\/users\/1"}],"replies":[{"embeddable":true,"href":"https:\/\/radiorevelacionfm.cl\/index.php?rest_route=%2Fwp%2Fv2%2Fcomments&post=15114"}],"version-history":[{"count":2,"href":"https:\/\/radiorevelacionfm.cl\/index.php?rest_route=\/wp\/v2\/posts\/15114\/revisions"}],"predecessor-version":[{"id":15116,"href":"https:\/\/radiorevelacionfm.cl\/index.php?rest_route=\/wp\/v2\/posts\/15114\/revisions\/15116"}],"wp:featuredmedia":[{"embeddable":true,"href":"https:\/\/radiorevelacionfm.cl\/index.php?rest_route=\/wp\/v2\/media\/12617"}],"wp:attachment":[{"href":"https:\/\/radiorevelacionfm.cl\/index.php?rest_route=%2Fwp%2Fv2%2Fmedia&parent=15114"}],"wp:term":[{"taxonomy":"category","embeddable":true,"href":"https:\/\/radiorevelacionfm.cl\/index.php?rest_route=%2Fwp%2Fv2%2Fcategories&post=15114"},{"taxonomy":"post_tag","embeddable":true,"href":"https:\/\/radiorevelacionfm.cl\/index.php?rest_route=%2Fwp%2Fv2%2Ftags&post=15114"}],"curies":[{"name":"wp","href":"https:\/\/api.w.org\/{rel}","templated":true}]}}