{"id":15105,"date":"2022-03-27T21:42:19","date_gmt":"2022-03-28T00:42:19","guid":{"rendered":"https:\/\/radiorevelacionfm.cl\/?p=15105"},"modified":"2022-03-27T21:42:19","modified_gmt":"2022-03-28T00:42:19","slug":"investigan-incendio-de-vehiculo-y-un-segundo-accidente-ocurrido-en-rotonda-de-puerto-aysen","status":"publish","type":"post","link":"https:\/\/radiorevelacionfm.cl\/?p=15105","title":{"rendered":"Investigan incendio de veh\u00edculo y un segundo accidente ocurrido en rotonda de Puerto Ays\u00e9n"},"content":{"rendered":"<div class=\"flex_column av_one_full  flex_column_div av-zero-column-padding first  avia-builder-el-0  el_before_av_one_full  avia-builder-el-first  \" style='border-radius:0px; '><div  class='avia-image-container  av-styling-    avia-builder-el-1  avia-builder-el-no-sibling  avia-align-center '  itemprop=\"image\" itemscope=\"itemscope\" itemtype=\"https:\/\/schema.org\/ImageObject\"  ><div class='avia-image-container-inner'><div class='avia-image-overlay-wrap'><img decoding=\"async\" class='wp-image-15106 avia-img-lazy-loading-not-15106 avia_image' src=\"https:\/\/radiorevelacionfm.cl\/wp-content\/uploads\/2022\/03\/vehiculo-incendiado-pto-aysen-1_optimized.jpeg\" alt='' title='vehiculo-incendiado-pto-aysen-(1)_optimized' height=\"600\" width=\"1068\"  itemprop=\"thumbnailUrl\" srcset=\"https:\/\/radiorevelacionfm.cl\/wp-content\/uploads\/2022\/03\/vehiculo-incendiado-pto-aysen-1_optimized.jpeg 1068w, https:\/\/radiorevelacionfm.cl\/wp-content\/uploads\/2022\/03\/vehiculo-incendiado-pto-aysen-1_optimized-300x169.jpeg 300w, https:\/\/radiorevelacionfm.cl\/wp-content\/uploads\/2022\/03\/vehiculo-incendiado-pto-aysen-1_optimized-1030x579.jpeg 1030w, https:\/\/radiorevelacionfm.cl\/wp-content\/uploads\/2022\/03\/vehiculo-incendiado-pto-aysen-1_optimized-768x431.jpeg 768w, https:\/\/radiorevelacionfm.cl\/wp-content\/uploads\/2022\/03\/vehiculo-incendiado-pto-aysen-1_optimized-705x396.jpeg 705w, https:\/\/radiorevelacionfm.cl\/wp-content\/uploads\/2022\/03\/vehiculo-incendiado-pto-aysen-1_optimized-600x337.jpeg 600w\" sizes=\"(max-width: 1068px) 100vw, 1068px\" \/><\/div><\/div><\/div><\/div><div class=\"flex_column av_one_full  flex_column_div av-zero-column-padding first  avia-builder-el-2  el_after_av_one_full  el_before_av_one_full  column-top-margin\" style='border-radius:0px; '><section class=\"av_textblock_section \"  itemscope=\"itemscope\" itemtype=\"https:\/\/schema.org\/BlogPosting\" itemprop=\"blogPost\" ><div class='avia_textblock  '   itemprop=\"text\" ><p style=\"text-align: center;\"><strong><span style=\"font-size: 18pt;\">Investigan incendio de veh\u00edculo y un segundo accidente ocurrido en rotonda de Puerto Ays\u00e9n<\/span><\/strong><\/p>\n<div id=\"gtx-trans\" style=\"position: absolute; left: -50px; top: 4.31534px;\">\n<div class=\"gtx-trans-icon\"><\/div>\n<\/div>\n<\/div><\/section><\/div><div class=\"flex_column av_one_full  flex_column_div av-zero-column-padding first  avia-builder-el-4  el_after_av_one_full  el_before_av_hr  column-top-margin\" style='border-radius:0px; '><section class=\"av_textblock_section \"  itemscope=\"itemscope\" itemtype=\"https:\/\/schema.org\/BlogPosting\" itemprop=\"blogPost\" ><div class='avia_textblock  '   itemprop=\"text\" ><p style=\"text-align: justify;\">Diversos hechos policiales se registraron este fin de semana en Puerto Ays\u00e9n, uno de ellos fue, el incendio de un veh\u00edculo particular en el sector de la rotonda norte, justo en direcci\u00f3n hacia la capital regional, Coyhaique. Por circunstancias que son parte de una investigaci\u00f3n este m\u00f3vil termin\u00f3 envuelto en llamas y completamente destruido.<\/p>\n<p style=\"text-align: justify;\"><span id=\"more-98186\"><\/span>En el mismo sector y a muy pocos metros, se advierte otro veh\u00edculo particular incrustado en la zanja donde escurren las aguas lluvias, el m\u00f3vil qued\u00f3 con la parte frontal destruida. Por ahora, se desconoce si existe o no una conexi\u00f3n entre ambos accidentes, solo que, una persona se encuentra con lesiones hospitalizada en Puerto Ays\u00e9n, mientras se toma declaraci\u00f3n al conductor del otro veh\u00edculo.<\/p>\n<p style=\"text-align: justify;\">\u201cConcurre personal de Carabineros a verificar en primera instancia, un veh\u00edculo que se estar\u00eda incendiando, efectivamente se encontraba dicho veh\u00edculo, el cual habr\u00eda tenido un accidente de tr\u00e1nsito en el lugar. Y dentro de la misma rotonda hab\u00eda otro veh\u00edculo que habr\u00eda ca\u00eddo a una zanja, por esto mismo, se est\u00e1 intentando determinar si el accidente fue en conjunto o fueron hechos separados. A ra\u00edz de lo mismo, una persona se encuentra lesionada en el hospital de Puerto Ays\u00e9n, que ser\u00eda uno de los ocupantes, se est\u00e1 determinando que participaci\u00f3n tiene, como as\u00ed mismo, el propietario del otro veh\u00edculo de igual manera por instrucciones de Fiscal\u00eda, se le tom\u00f3 una declaraci\u00f3n y se est\u00e1 determinando su participaci\u00f3n, si efectivamente esta persona iba conduciendo o habr\u00eda sido otra. Eso es parte de la investigaci\u00f3n y es lo que se tiene que determinar en este caso\u201d.<\/p>\n<p style=\"text-align: justify;\">Por el momento, no se tiene claridad sobre la ocurrencia de los hechos, es por eso que, Carabineros ha tomado declaraci\u00f3n a los conductores de los dos veh\u00edculos, mientras se desarrolla la investigaci\u00f3n que permitir\u00e1 esclarecer lo que realmente sucedi\u00f3.<\/p>\n<\/div><\/section><\/div><div  style='height:50px' class='hr hr-invisible   avia-builder-el-6  el_after_av_one_full  el_before_av_social_share '><span class='hr-inner ' ><span class='hr-inner-style'><\/span><\/span><\/div><\/p>\n<div  class='av-social-sharing-box  avia-builder-el-7  el_after_av_hr  el_before_av_hr  '><div class='av-share-box'><h5 class='av-share-link-description av-no-toc '>Compartir esta noticia<\/h5><ul class='av-share-box-list noLightbox'><li class='av-share-link av-social-link-facebook' ><a target=\"_blank\" aria-label=\"Compartir en Facebook\" href='https:\/\/www.facebook.com\/sharer.php?u=https:\/\/radiorevelacionfm.cl\/?p=15105&#038;t=Investigan%20incendio%20de%20veh%C3%ADculo%20y%20un%20segundo%20accidente%20ocurrido%20en%20rotonda%20de%20Puerto%20Ays%C3%A9n' aria-hidden='false' data-av_icon='\ue8f3' data-av_iconfont='entypo-fontello' title='' data-avia-related-tooltip='Compartir en Facebook' rel=\"noopener\"><span class='avia_hidden_link_text'>Compartir en Facebook<\/span><\/a><\/li><li class='av-share-link av-social-link-twitter' ><a target=\"_blank\" aria-label=\"Compartir en Twitter\" href='https:\/\/twitter.com\/share?text=Investigan%20incendio%20de%20veh%C3%ADculo%20y%20un%20segundo%20accidente%20ocurrido%20en%20rotonda%20de%20Puerto%20Ays%C3%A9n&#038;url=https:\/\/radiorevelacionfm.cl\/?p=15105' aria-hidden='false' data-av_icon='\ue8f1' data-av_iconfont='entypo-fontello' title='' data-avia-related-tooltip='Compartir en Twitter' rel=\"noopener\"><span class='avia_hidden_link_text'>Compartir en Twitter<\/span><\/a><\/li><li class='av-share-link av-social-link-whatsapp' ><a target=\"_blank\" aria-label=\"Compartir en Whatsapp\" href='https:\/\/api.whatsapp.com\/send?text=https:\/\/radiorevelacionfm.cl\/?p=15105' aria-hidden='false' data-av_icon='\uf232' data-av_iconfont='entypo-fontello' title='' data-avia-related-tooltip='Compartir en Whatsapp' rel=\"noopener\"><span class='avia_hidden_link_text'>Compartir en Whatsapp<\/span><\/a><\/li><li class='av-share-link av-social-link-linkedin' ><a target=\"_blank\" aria-label=\"Compartir en LinkedIn\" href='https:\/\/linkedin.com\/shareArticle?mini=true&#038;title=Investigan%20incendio%20de%20veh%C3%ADculo%20y%20un%20segundo%20accidente%20ocurrido%20en%20rotonda%20de%20Puerto%20Ays%C3%A9n&#038;url=https:\/\/radiorevelacionfm.cl\/?p=15105' aria-hidden='false' data-av_icon='\ue8fc' data-av_iconfont='entypo-fontello' title='' data-avia-related-tooltip='Compartir en LinkedIn' rel=\"noopener\"><span class='avia_hidden_link_text'>Compartir en LinkedIn<\/span><\/a><\/li><li class='av-share-link av-social-link-mail' ><a  aria-label=\"Compartir por correo\" href='mailto:?subject=Investigan%20incendio%20de%20veh%C3%ADculo%20y%20un%20segundo%20accidente%20ocurrido%20en%20rotonda%20de%20Puerto%20Ays%C3%A9n&#038;body=https:\/\/radiorevelacionfm.cl\/?p=15105' aria-hidden='false' data-av_icon='\ue805' data-av_iconfont='entypo-fontello' title='' data-avia-related-tooltip='Compartir por correo'><span class='avia_hidden_link_text'>Compartir por correo<\/span><\/a><\/li><\/ul><\/div><\/div>\n<div  style='height:50px' class='hr hr-invisible   avia-builder-el-8  el_after_av_social_share  el_before_av_comments_list '><span class='hr-inner ' ><span class='hr-inner-style'><\/span><\/span><\/div>\n<div  class='av-buildercomment  av-blog-meta-html-info-disabled av-blog-meta-tag-disabled  '><\/div>\n","protected":false},"excerpt":{"rendered":"","protected":false},"author":1,"featured_media":15106,"comment_status":"open","ping_status":"open","sticky":false,"template":"","format":"standard","meta":{"footnotes":""},"categories":[36],"tags":[],"class_list":["post-15105","post","type-post","status-publish","format-standard","has-post-thumbnail","hentry","category-policial"],"jetpack_featured_media_url":"https:\/\/radiorevelacionfm.cl\/wp-content\/uploads\/2022\/03\/vehiculo-incendiado-pto-aysen-1_optimized.jpeg","_links":{"self":[{"href":"https:\/\/radiorevelacionfm.cl\/index.php?rest_route=\/wp\/v2\/posts\/15105","targetHints":{"allow":["GET"]}}],"collection":[{"href":"https:\/\/radiorevelacionfm.cl\/index.php?rest_route=\/wp\/v2\/posts"}],"about":[{"href":"https:\/\/radiorevelacionfm.cl\/index.php?rest_route=\/wp\/v2\/types\/post"}],"author":[{"embeddable":true,"href":"https:\/\/radiorevelacionfm.cl\/index.php?rest_route=\/wp\/v2\/users\/1"}],"replies":[{"embeddable":true,"href":"https:\/\/radiorevelacionfm.cl\/index.php?rest_route=%2Fwp%2Fv2%2Fcomments&post=15105"}],"version-history":[{"count":2,"href":"https:\/\/radiorevelacionfm.cl\/index.php?rest_route=\/wp\/v2\/posts\/15105\/revisions"}],"predecessor-version":[{"id":15108,"href":"https:\/\/radiorevelacionfm.cl\/index.php?rest_route=\/wp\/v2\/posts\/15105\/revisions\/15108"}],"wp:featuredmedia":[{"embeddable":true,"href":"https:\/\/radiorevelacionfm.cl\/index.php?rest_route=\/wp\/v2\/media\/15106"}],"wp:attachment":[{"href":"https:\/\/radiorevelacionfm.cl\/index.php?rest_route=%2Fwp%2Fv2%2Fmedia&parent=15105"}],"wp:term":[{"taxonomy":"category","embeddable":true,"href":"https:\/\/radiorevelacionfm.cl\/index.php?rest_route=%2Fwp%2Fv2%2Fcategories&post=15105"},{"taxonomy":"post_tag","embeddable":true,"href":"https:\/\/radiorevelacionfm.cl\/index.php?rest_route=%2Fwp%2Fv2%2Ftags&post=15105"}],"curies":[{"name":"wp","href":"https:\/\/api.w.org\/{rel}","templated":true}]}}