{"id":15102,"date":"2022-03-28T09:30:15","date_gmt":"2022-03-28T12:30:15","guid":{"rendered":"https:\/\/radiorevelacionfm.cl\/?p=15102"},"modified":"2022-03-28T09:30:15","modified_gmt":"2022-03-28T12:30:15","slug":"asociaciones-teacompanamos-y-asperger-patagonia-se-reunen-con-delegado-presidencial-regional","status":"publish","type":"post","link":"https:\/\/radiorevelacionfm.cl\/?p=15102","title":{"rendered":"Asociaciones TEAcompa\u00f1amos y Asperger Patagonia se re\u00fanen con Delegado Presidencial Regional"},"content":{"rendered":"<div class=\"flex_column av_one_full  flex_column_div av-zero-column-padding first  avia-builder-el-0  el_before_av_one_full  avia-builder-el-first  \" style='border-radius:0px; '><div  class='avia-image-container  av-styling-    avia-builder-el-1  avia-builder-el-no-sibling  avia-align-center '  itemprop=\"image\" itemscope=\"itemscope\" itemtype=\"https:\/\/schema.org\/ImageObject\"  ><div class='avia-image-container-inner'><div class='avia-image-overlay-wrap'><img decoding=\"async\" class='wp-image-15103 avia-img-lazy-loading-not-15103 avia_image' src=\"https:\/\/radiorevelacionfm.cl\/wp-content\/uploads\/2022\/03\/teacompanamos-1_optimized.jpg\" alt='' title='teacompa\u00f1amos-(1)_optimized' height=\"600\" width=\"1210\"  itemprop=\"thumbnailUrl\" srcset=\"https:\/\/radiorevelacionfm.cl\/wp-content\/uploads\/2022\/03\/teacompanamos-1_optimized.jpg 1210w, https:\/\/radiorevelacionfm.cl\/wp-content\/uploads\/2022\/03\/teacompanamos-1_optimized-300x149.jpg 300w, https:\/\/radiorevelacionfm.cl\/wp-content\/uploads\/2022\/03\/teacompanamos-1_optimized-1030x511.jpg 1030w, https:\/\/radiorevelacionfm.cl\/wp-content\/uploads\/2022\/03\/teacompanamos-1_optimized-768x381.jpg 768w, https:\/\/radiorevelacionfm.cl\/wp-content\/uploads\/2022\/03\/teacompanamos-1_optimized-705x350.jpg 705w, https:\/\/radiorevelacionfm.cl\/wp-content\/uploads\/2022\/03\/teacompanamos-1_optimized-600x298.jpg 600w\" sizes=\"(max-width: 1210px) 100vw, 1210px\" \/><\/div><\/div><\/div><\/div><div class=\"flex_column av_one_full  flex_column_div av-zero-column-padding first  avia-builder-el-2  el_after_av_one_full  el_before_av_one_full  column-top-margin\" style='border-radius:0px; '><section class=\"av_textblock_section \"  itemscope=\"itemscope\" itemtype=\"https:\/\/schema.org\/BlogPosting\" itemprop=\"blogPost\" ><div class='avia_textblock  '   itemprop=\"text\" ><p style=\"text-align: center;\"><span style=\"font-size: 18pt;\"><strong>Asociaciones TEAcompa\u00f1amos y Asperger Patagonia se re\u00fanen con Delegado Presidencial Regional <\/strong><\/span><\/p>\n<div id=\"gtx-trans\" style=\"position: absolute; left: -50px; top: 4.31534px;\">\n<div class=\"gtx-trans-icon\"><\/div>\n<\/div>\n<\/div><\/section><\/div><div class=\"flex_column av_one_full  flex_column_div av-zero-column-padding first  avia-builder-el-4  el_after_av_one_full  el_before_av_hr  column-top-margin\" style='border-radius:0px; '><section class=\"av_textblock_section \"  itemscope=\"itemscope\" itemtype=\"https:\/\/schema.org\/BlogPosting\" itemprop=\"blogPost\" ><div class='avia_textblock  '   itemprop=\"text\" ><p style=\"font-weight: 400; text-align: justify;\">Con las asociaciones TEAcompa\u00f1amos y Asperger Patagonia se reuni\u00f3 el Delegado Presidencial Regional, Rodrigo Araya Morales, con miras al necesario trabajo conjunto entre el sector p\u00fablico y organizaciones dedicadas a sensibilizar y apoyar personas con trastornos del desarrollo que afectan la comunicaci\u00f3n y el comportamiento.<\/p>\n<p style=\"font-weight: 400; text-align: justify;\">En representaci\u00f3n de TEAcompa\u00f1amos (Trastornos del Espectro Autista) participaron Claudia Bilbao, Evelyn D\u00edaz, Elizabeth Montecinos y Carla Oyarz\u00fan, mientras que de la Asociaci\u00f3n Asperger Patagonia estuvo Roberto Haro, Karla Mart\u00ednez y Patricia Burgos.<\/p>\n<p style=\"font-weight: 400; text-align: justify;\">En este contexto, Rodrigo Araya reafirm\u00f3 la necesidad de estrechar v\u00ednculos con las organizaciones para avanzar en participaci\u00f3n, universalidad, pertinencia local y cuidado.<\/p>\n<p style=\"font-weight: 400; text-align: justify;\">\u201cTodo lo que involucra -en especial en el sector educaci\u00f3n y salud-, tener un diagn\u00f3stico precoz e intervenciones desde edad temprana. All\u00ed hay un desaf\u00edo que tenemos que abordar en forma articulada con todas las entidades p\u00fablicas, tambi\u00e9n pensando en el desarrollo futuro en educaci\u00f3n superior, trabajo e integraci\u00f3n a la comunidad. Nuestro compromiso es hacer un trabajo mancomunado, porque el objetivo de este Gobierno es que la salud mental y todo lo que tenga que ver con ello sea abordado en forma integral y que las familias sientan cercanas a los servicios p\u00fablicos\u201d, expres\u00f3 el Delegado Presidencial Regional.<\/p>\n<p style=\"font-weight: 400; text-align: justify;\">Claudia Bilbao, vicepresidenta de TEAcompa\u00f1amos valor\u00f3 la posibilidad de reforzar la sensibilizaci\u00f3n en torno a los distintos trastornos del desarrollo.<\/p>\n<p style=\"font-weight: 400; text-align: justify;\">\u201cLa Delegaci\u00f3n es una entidad clave para articular los esfuerzos que nosotros queremos transmitir respecto de la sensibilizaci\u00f3n hacia el espectro autista y el trabajo conjunto para dar una mejor calidad de vida a nuestros ni\u00f1os y sus familias. Estamos organizando la actividad del d\u00eda 2 de abril, que es el D\u00eda Internacional de la Concientizaci\u00f3n del Autismo y esperamos tener actividades durante todo el mes, para visibilizar y dar a conocer la condici\u00f3n de nuestros hijos y que ellos son parte de la sociedad y merecen ser tratados con dignidad y con respeto\u201d, indic\u00f3.<\/p>\n<p style=\"font-weight: 400; text-align: justify;\">Roberto Haro, presidente de la Asociaci\u00f3n Asperger Patagonia, destac\u00f3 los \u00e1mbitos educacionales, sanitarios y laborales. \u201cTrajimos tres ejes que nuestra organizaci\u00f3n est\u00e1 trabajando, que son educaci\u00f3n, salud y reinserci\u00f3n laboral y tocamos varios temas. Coincidimos en que se tienen que constituir mesas de trabajo, para que el trabajo sea en conjunto, con las organizaciones sociales\u201d, se\u00f1al\u00f3.<\/p>\n<p style=\"font-weight: 400; text-align: justify;\">Cada 2 de abril es el D\u00eda Mundial de Concienciaci\u00f3n sobre el Autismo, establecido por Naciones Unidas, como una manera de sensibilizar y promover informaci\u00f3n necesaria para las comunidades y poblaci\u00f3n en general.<\/p>\n<\/div><\/section><\/div><div  style='height:50px' class='hr hr-invisible   avia-builder-el-6  el_after_av_one_full  el_before_av_social_share '><span class='hr-inner ' ><span class='hr-inner-style'><\/span><\/span><\/div><\/p>\n<div  class='av-social-sharing-box  avia-builder-el-7  el_after_av_hr  el_before_av_hr  '><div class='av-share-box'><h5 class='av-share-link-description av-no-toc '>Compartir esta noticia<\/h5><ul class='av-share-box-list noLightbox'><li class='av-share-link av-social-link-facebook' ><a target=\"_blank\" aria-label=\"Compartir en Facebook\" href='https:\/\/www.facebook.com\/sharer.php?u=https:\/\/radiorevelacionfm.cl\/?p=15102&#038;t=Asociaciones%20TEAcompa%C3%B1amos%20y%20Asperger%20Patagonia%20se%20re%C3%BAnen%20con%20Delegado%20Presidencial%20Regional' aria-hidden='false' data-av_icon='\ue8f3' data-av_iconfont='entypo-fontello' title='' data-avia-related-tooltip='Compartir en Facebook' rel=\"noopener\"><span class='avia_hidden_link_text'>Compartir en Facebook<\/span><\/a><\/li><li class='av-share-link av-social-link-twitter' ><a target=\"_blank\" aria-label=\"Compartir en Twitter\" href='https:\/\/twitter.com\/share?text=Asociaciones%20TEAcompa%C3%B1amos%20y%20Asperger%20Patagonia%20se%20re%C3%BAnen%20con%20Delegado%20Presidencial%20Regional&#038;url=https:\/\/radiorevelacionfm.cl\/?p=15102' aria-hidden='false' data-av_icon='\ue8f1' data-av_iconfont='entypo-fontello' title='' data-avia-related-tooltip='Compartir en Twitter' rel=\"noopener\"><span class='avia_hidden_link_text'>Compartir en Twitter<\/span><\/a><\/li><li class='av-share-link av-social-link-whatsapp' ><a target=\"_blank\" aria-label=\"Compartir en Whatsapp\" href='https:\/\/api.whatsapp.com\/send?text=https:\/\/radiorevelacionfm.cl\/?p=15102' aria-hidden='false' data-av_icon='\uf232' data-av_iconfont='entypo-fontello' title='' data-avia-related-tooltip='Compartir en Whatsapp' rel=\"noopener\"><span class='avia_hidden_link_text'>Compartir en Whatsapp<\/span><\/a><\/li><li class='av-share-link av-social-link-linkedin' ><a target=\"_blank\" aria-label=\"Compartir en LinkedIn\" href='https:\/\/linkedin.com\/shareArticle?mini=true&#038;title=Asociaciones%20TEAcompa%C3%B1amos%20y%20Asperger%20Patagonia%20se%20re%C3%BAnen%20con%20Delegado%20Presidencial%20Regional&#038;url=https:\/\/radiorevelacionfm.cl\/?p=15102' aria-hidden='false' data-av_icon='\ue8fc' data-av_iconfont='entypo-fontello' title='' data-avia-related-tooltip='Compartir en LinkedIn' rel=\"noopener\"><span class='avia_hidden_link_text'>Compartir en LinkedIn<\/span><\/a><\/li><li class='av-share-link av-social-link-mail' ><a  aria-label=\"Compartir por correo\" href='mailto:?subject=Asociaciones%20TEAcompa%C3%B1amos%20y%20Asperger%20Patagonia%20se%20re%C3%BAnen%20con%20Delegado%20Presidencial%20Regional&#038;body=https:\/\/radiorevelacionfm.cl\/?p=15102' aria-hidden='false' data-av_icon='\ue805' data-av_iconfont='entypo-fontello' title='' data-avia-related-tooltip='Compartir por correo'><span class='avia_hidden_link_text'>Compartir por correo<\/span><\/a><\/li><\/ul><\/div><\/div>\n<div  style='height:50px' class='hr hr-invisible   avia-builder-el-8  el_after_av_social_share  el_before_av_comments_list '><span class='hr-inner ' ><span class='hr-inner-style'><\/span><\/span><\/div>\n<div  class='av-buildercomment  av-blog-meta-html-info-disabled av-blog-meta-tag-disabled  '><\/div>\n","protected":false},"excerpt":{"rendered":"","protected":false},"author":1,"featured_media":15103,"comment_status":"open","ping_status":"open","sticky":false,"template":"","format":"standard","meta":{"footnotes":""},"categories":[38],"tags":[],"class_list":["post-15102","post","type-post","status-publish","format-standard","has-post-thumbnail","hentry","category-regional"],"jetpack_featured_media_url":"https:\/\/radiorevelacionfm.cl\/wp-content\/uploads\/2022\/03\/teacompanamos-1_optimized.jpg","_links":{"self":[{"href":"https:\/\/radiorevelacionfm.cl\/index.php?rest_route=\/wp\/v2\/posts\/15102","targetHints":{"allow":["GET"]}}],"collection":[{"href":"https:\/\/radiorevelacionfm.cl\/index.php?rest_route=\/wp\/v2\/posts"}],"about":[{"href":"https:\/\/radiorevelacionfm.cl\/index.php?rest_route=\/wp\/v2\/types\/post"}],"author":[{"embeddable":true,"href":"https:\/\/radiorevelacionfm.cl\/index.php?rest_route=\/wp\/v2\/users\/1"}],"replies":[{"embeddable":true,"href":"https:\/\/radiorevelacionfm.cl\/index.php?rest_route=%2Fwp%2Fv2%2Fcomments&post=15102"}],"version-history":[{"count":2,"href":"https:\/\/radiorevelacionfm.cl\/index.php?rest_route=\/wp\/v2\/posts\/15102\/revisions"}],"predecessor-version":[{"id":15113,"href":"https:\/\/radiorevelacionfm.cl\/index.php?rest_route=\/wp\/v2\/posts\/15102\/revisions\/15113"}],"wp:featuredmedia":[{"embeddable":true,"href":"https:\/\/radiorevelacionfm.cl\/index.php?rest_route=\/wp\/v2\/media\/15103"}],"wp:attachment":[{"href":"https:\/\/radiorevelacionfm.cl\/index.php?rest_route=%2Fwp%2Fv2%2Fmedia&parent=15102"}],"wp:term":[{"taxonomy":"category","embeddable":true,"href":"https:\/\/radiorevelacionfm.cl\/index.php?rest_route=%2Fwp%2Fv2%2Fcategories&post=15102"},{"taxonomy":"post_tag","embeddable":true,"href":"https:\/\/radiorevelacionfm.cl\/index.php?rest_route=%2Fwp%2Fv2%2Ftags&post=15102"}],"curies":[{"name":"wp","href":"https:\/\/api.w.org\/{rel}","templated":true}]}}