{"id":15098,"date":"2022-03-27T17:45:41","date_gmt":"2022-03-27T20:45:41","guid":{"rendered":"https:\/\/radiorevelacionfm.cl\/?p=15098"},"modified":"2022-03-27T17:45:41","modified_gmt":"2022-03-27T20:45:41","slug":"con-trabajo-en-terreno-consejera-hernandez-destaco-importancia-de-participacion-ciudadana","status":"publish","type":"post","link":"https:\/\/radiorevelacionfm.cl\/?p=15098","title":{"rendered":"Con trabajo en terreno Consejera Hern\u00e1ndez destac\u00f3 importancia de participaci\u00f3n ciudadana"},"content":{"rendered":"<div class=\"flex_column av_one_full  flex_column_div av-zero-column-padding first  avia-builder-el-0  el_before_av_one_full  avia-builder-el-first  \" style='border-radius:0px; '><div  class='avia-image-container  av-styling-    avia-builder-el-1  avia-builder-el-no-sibling  avia-align-center '  itemprop=\"image\" itemscope=\"itemscope\" itemtype=\"https:\/\/schema.org\/ImageObject\"  ><div class='avia-image-container-inner'><div class='avia-image-overlay-wrap'><img decoding=\"async\" class='wp-image-15099 avia-img-lazy-loading-not-15099 avia_image' src=\"https:\/\/radiorevelacionfm.cl\/wp-content\/uploads\/2022\/03\/CORE-HERNANDEZ-3-1-1.jpeg\" alt='' title='CORE HERNANDEZ 3 (1) (1)' height=\"600\" width=\"1304\"  itemprop=\"thumbnailUrl\" srcset=\"https:\/\/radiorevelacionfm.cl\/wp-content\/uploads\/2022\/03\/CORE-HERNANDEZ-3-1-1.jpeg 1304w, https:\/\/radiorevelacionfm.cl\/wp-content\/uploads\/2022\/03\/CORE-HERNANDEZ-3-1-1-300x138.jpeg 300w, https:\/\/radiorevelacionfm.cl\/wp-content\/uploads\/2022\/03\/CORE-HERNANDEZ-3-1-1-1030x474.jpeg 1030w, https:\/\/radiorevelacionfm.cl\/wp-content\/uploads\/2022\/03\/CORE-HERNANDEZ-3-1-1-768x353.jpeg 768w, https:\/\/radiorevelacionfm.cl\/wp-content\/uploads\/2022\/03\/CORE-HERNANDEZ-3-1-1-705x324.jpeg 705w, https:\/\/radiorevelacionfm.cl\/wp-content\/uploads\/2022\/03\/CORE-HERNANDEZ-3-1-1-600x276.jpeg 600w\" sizes=\"(max-width: 1304px) 100vw, 1304px\" \/><\/div><\/div><\/div><\/div><div class=\"flex_column av_one_full  flex_column_div av-zero-column-padding first  avia-builder-el-2  el_after_av_one_full  el_before_av_one_full  column-top-margin\" style='border-radius:0px; '><section class=\"av_textblock_section \"  itemscope=\"itemscope\" itemtype=\"https:\/\/schema.org\/BlogPosting\" itemprop=\"blogPost\" ><div class='avia_textblock  '   itemprop=\"text\" ><p style=\"text-align: center;\"><strong><span style=\"font-size: 18pt;\">Con trabajo en terreno Consejera Hern\u00e1ndez destac\u00f3 importancia de participaci\u00f3n ciudadana<\/span><\/strong><\/p>\n<div id=\"gtx-trans\" style=\"position: absolute; left: -50px; top: 4.31534px;\">\n<div class=\"gtx-trans-icon\"><\/div>\n<\/div>\n<\/div><\/section><\/div><div class=\"flex_column av_one_full  flex_column_div av-zero-column-padding first  avia-builder-el-4  el_after_av_one_full  el_before_av_hr  column-top-margin\" style='border-radius:0px; '><section class=\"av_textblock_section \"  itemscope=\"itemscope\" itemtype=\"https:\/\/schema.org\/BlogPosting\" itemprop=\"blogPost\" ><div class='avia_textblock  '   itemprop=\"text\" ><p style=\"text-align: justify;\">Tal como lo prometi\u00f3 en campa\u00f1a, la Consejera Regional por la Provincia General Carrera, Paulina Hern\u00e1ndez, ha estado en diversas actividades y recorriendo el territorio para escuchar las principales demandas de la ciudadan\u00eda, promocionar la postulaci\u00f3n de las organizaciones al 7% del Gobierno Regional y de igual forma colaborar con las comunidades en elevar sus requerimientos a las distintas autoridades y servicios p\u00fablicos.<\/p>\n<p style=\"text-align: justify;\">En ese sentido, la pol\u00edtica regional de participaci\u00f3n ciudadana es una instancia de gran importancia, que nace bajo el mandato de la Gobernadora Regional, Andrea Mac\u00edas, recalc\u00f3 la Consejera Paulina Hern\u00e1ndez.<\/p>\n<p style=\"text-align: justify;\">\u201cEstuvimos presentes en las localidades de Rio Ib\u00e1\u00f1ez y Cerro Castillo, hablando con cada una de las fuerzas vivas de esos territorios, respecto de lo que va a ser la creaci\u00f3n de esta pol\u00edtica regional de participaci\u00f3n ciudadana, que ha propuesto la Gobernadora, Andrea Mac\u00edas, para este periodo de su mandato y que, de alguna forma, va a venir a moldear, encuadrar, todos los planes, programas, proyectos y beneficios que bajen desde el Gobierno Regional a los territorios. Creemos que, es un gran avance en materia de participaci\u00f3n, un avance significativo\u201d.<\/p>\n<p style=\"text-align: justify;\">Buscando seguir en contacto con la comunidad, la Consejera Regional, Paulina Hern\u00e1ndez, acompa\u00f1ada del Concejal Ariel Keim, estuvieron en Puerto Bertrand y Puerto Guadal, dialogando con los vecinos y vecinas, detallando las posibilidades que existen de postular al 7% del Gobierno Regional y recogiendo sus inquietudes.<\/p>\n<p style=\"text-align: justify;\">\u201cEn la localidad de Puerto Bertrand y tambi\u00e9n en Puerto Guadal, estuvimos compartiendo con vecinas y vecinas, con organizaciones, conversando con ellos, levantando algunas inquietudes y demandas que suelen ser repetitivas. Porque, uno cuando avanza en estos procesos de participaci\u00f3n pol\u00edtica, en estos espacios p\u00fablicos, espera que esas demandas hayan sido atendidas en alg\u00fan minuto, y bueno, para eso estamos tambi\u00e9n. Se han elegido estas nuevas autoridades para buscar soluciones, para proponer de alguna forma, una medida que repare algunas situaciones que son complejas. Estamos pendientes de igual forma, con algunas solicitudes que nos hizo la Uni\u00f3n Comunal de las localidades del interior\u201d.<\/p>\n<p style=\"text-align: justify;\">Paulina Hern\u00e1ndez, agreg\u00f3 que junto al Concejal Keim, se est\u00e1n reuniendo para levantar oficios y plasmar formalmente, las inquietudes de los vecinos del interior de la comuna de Chile Chico.<\/p>\n<p style=\"text-align: justify;\">\u201cVamos a reunirnos y levantar algunos oficios, solicitando informaci\u00f3n respecto de los procesos de pavimentaci\u00f3n pendientes, procesos de electrificaciones rurales pendientes, procesos de subsidios habitacionales que est\u00e1n pendientes, que de alguna u otra manera, vienen a mejorar la calidad de vida de manera definitiva de los habitantes de cada localidad del interior de nuestra comuna de Chile Chico. As\u00ed es que, estamos contentos con la informaci\u00f3n que se nos proporciona, estamos contentos con el buen recibimiento que tuvimos por parte de las organizaciones. Eso siempre es bueno, porque de una u otra manera, abre el proceso de di\u00e1logo m\u00e1s fluido y que tambi\u00e9n vean que la autoridad no se encuentra en un escalaf\u00f3n inalcanzable para el vecino o la vecina, sino que, es un par que de alguna otra forma te va a representar en tus demandas\u201d.<\/p>\n<p style=\"text-align: justify;\">En este reciente recorrido al interior de la cuenca del Lago General Carrera, se destaca la activa participaci\u00f3n de las comunidades de Bertrand y Guadal, la Junta de Vecinos N\u00b08, AG de Campesinos, Uni\u00f3n Comunal de Juntas de Vecinos Rural.<\/p>\n<p style=\"text-align: justify;\">De esta forma, la Consejera Hern\u00e1ndez, sostiene su compromiso para colaborar con la ciudadan\u00eda en transmitir sus demandas a los entes correspondientes en materia habitacional, conectividad terrestre, y tem\u00e1ticas que son de vital importancia como es la licitaci\u00f3n del proyecto posta de Puerto Guadal, el centro de gesti\u00f3n de residuos y el colapso del vertedero de Guadal, temas plateados por la propia comunidad.<\/p>\n<p style=\"text-align: justify;\">Rescatando lo se\u00f1alado por algunos vecinos, que dieron cuenta de su preocupaci\u00f3n por la nula mantenci\u00f3n al cementerio de \u201cla perla del lago\u201d, como as\u00ed tambi\u00e9n, la falta de implementaci\u00f3n que tendr\u00eda el personal de la planta de tratamiento de aguas servidas de Guadal, temas que tiene un resorte exclusivo para ser resueltos a trav\u00e9s de la municipalidad de Chile Chico.<\/p>\n<p style=\"text-align: justify;\">En los pr\u00f3ximos d\u00edas la Consejera Regional de la Provincia General Carrera, Paulina Hern\u00e1ndez, espera estar presente en las localidades de Rio Le\u00f3n, Mall\u00edn Grande y tambi\u00e9n en las localidades de la comuna de Ib\u00e1\u00f1ez, para dialogar con los vecinos, vecinas y sus representantes.<\/p>\n<\/div><\/section><\/div><div  style='height:50px' class='hr hr-invisible   avia-builder-el-6  el_after_av_one_full  el_before_av_social_share '><span class='hr-inner ' ><span class='hr-inner-style'><\/span><\/span><\/div><\/p>\n<div  class='av-social-sharing-box  avia-builder-el-7  el_after_av_hr  el_before_av_hr  '><div class='av-share-box'><h5 class='av-share-link-description av-no-toc '>Compartir esta noticia<\/h5><ul class='av-share-box-list noLightbox'><li class='av-share-link av-social-link-facebook' ><a target=\"_blank\" aria-label=\"Compartir en Facebook\" href='https:\/\/www.facebook.com\/sharer.php?u=https:\/\/radiorevelacionfm.cl\/?p=15098&#038;t=Con%20trabajo%20en%20terreno%20Consejera%20Hern%C3%A1ndez%20destac%C3%B3%20importancia%20de%20participaci%C3%B3n%20ciudadana' aria-hidden='false' data-av_icon='\ue8f3' data-av_iconfont='entypo-fontello' title='' data-avia-related-tooltip='Compartir en Facebook' rel=\"noopener\"><span class='avia_hidden_link_text'>Compartir en Facebook<\/span><\/a><\/li><li class='av-share-link av-social-link-twitter' ><a target=\"_blank\" aria-label=\"Compartir en Twitter\" href='https:\/\/twitter.com\/share?text=Con%20trabajo%20en%20terreno%20Consejera%20Hern%C3%A1ndez%20destac%C3%B3%20importancia%20de%20participaci%C3%B3n%20ciudadana&#038;url=https:\/\/radiorevelacionfm.cl\/?p=15098' aria-hidden='false' data-av_icon='\ue8f1' data-av_iconfont='entypo-fontello' title='' data-avia-related-tooltip='Compartir en Twitter' rel=\"noopener\"><span class='avia_hidden_link_text'>Compartir en Twitter<\/span><\/a><\/li><li class='av-share-link av-social-link-whatsapp' ><a target=\"_blank\" aria-label=\"Compartir en Whatsapp\" href='https:\/\/api.whatsapp.com\/send?text=https:\/\/radiorevelacionfm.cl\/?p=15098' aria-hidden='false' data-av_icon='\uf232' data-av_iconfont='entypo-fontello' title='' data-avia-related-tooltip='Compartir en Whatsapp' rel=\"noopener\"><span class='avia_hidden_link_text'>Compartir en Whatsapp<\/span><\/a><\/li><li class='av-share-link av-social-link-linkedin' ><a target=\"_blank\" aria-label=\"Compartir en LinkedIn\" href='https:\/\/linkedin.com\/shareArticle?mini=true&#038;title=Con%20trabajo%20en%20terreno%20Consejera%20Hern%C3%A1ndez%20destac%C3%B3%20importancia%20de%20participaci%C3%B3n%20ciudadana&#038;url=https:\/\/radiorevelacionfm.cl\/?p=15098' aria-hidden='false' data-av_icon='\ue8fc' data-av_iconfont='entypo-fontello' title='' data-avia-related-tooltip='Compartir en LinkedIn' rel=\"noopener\"><span class='avia_hidden_link_text'>Compartir en LinkedIn<\/span><\/a><\/li><li class='av-share-link av-social-link-mail' ><a  aria-label=\"Compartir por correo\" href='mailto:?subject=Con%20trabajo%20en%20terreno%20Consejera%20Hern%C3%A1ndez%20destac%C3%B3%20importancia%20de%20participaci%C3%B3n%20ciudadana&#038;body=https:\/\/radiorevelacionfm.cl\/?p=15098' aria-hidden='false' data-av_icon='\ue805' data-av_iconfont='entypo-fontello' title='' data-avia-related-tooltip='Compartir por correo'><span class='avia_hidden_link_text'>Compartir por correo<\/span><\/a><\/li><\/ul><\/div><\/div>\n<div  style='height:50px' class='hr hr-invisible   avia-builder-el-8  el_after_av_social_share  el_before_av_comments_list '><span class='hr-inner ' ><span class='hr-inner-style'><\/span><\/span><\/div>\n<div  class='av-buildercomment  av-blog-meta-html-info-disabled av-blog-meta-tag-disabled  '><\/div>\n","protected":false},"excerpt":{"rendered":"","protected":false},"author":1,"featured_media":15099,"comment_status":"open","ping_status":"open","sticky":false,"template":"","format":"standard","meta":{"footnotes":""},"categories":[38],"tags":[],"class_list":["post-15098","post","type-post","status-publish","format-standard","has-post-thumbnail","hentry","category-regional"],"jetpack_featured_media_url":"https:\/\/radiorevelacionfm.cl\/wp-content\/uploads\/2022\/03\/CORE-HERNANDEZ-3-1-1.jpeg","_links":{"self":[{"href":"https:\/\/radiorevelacionfm.cl\/index.php?rest_route=\/wp\/v2\/posts\/15098","targetHints":{"allow":["GET"]}}],"collection":[{"href":"https:\/\/radiorevelacionfm.cl\/index.php?rest_route=\/wp\/v2\/posts"}],"about":[{"href":"https:\/\/radiorevelacionfm.cl\/index.php?rest_route=\/wp\/v2\/types\/post"}],"author":[{"embeddable":true,"href":"https:\/\/radiorevelacionfm.cl\/index.php?rest_route=\/wp\/v2\/users\/1"}],"replies":[{"embeddable":true,"href":"https:\/\/radiorevelacionfm.cl\/index.php?rest_route=%2Fwp%2Fv2%2Fcomments&post=15098"}],"version-history":[{"count":2,"href":"https:\/\/radiorevelacionfm.cl\/index.php?rest_route=\/wp\/v2\/posts\/15098\/revisions"}],"predecessor-version":[{"id":15101,"href":"https:\/\/radiorevelacionfm.cl\/index.php?rest_route=\/wp\/v2\/posts\/15098\/revisions\/15101"}],"wp:featuredmedia":[{"embeddable":true,"href":"https:\/\/radiorevelacionfm.cl\/index.php?rest_route=\/wp\/v2\/media\/15099"}],"wp:attachment":[{"href":"https:\/\/radiorevelacionfm.cl\/index.php?rest_route=%2Fwp%2Fv2%2Fmedia&parent=15098"}],"wp:term":[{"taxonomy":"category","embeddable":true,"href":"https:\/\/radiorevelacionfm.cl\/index.php?rest_route=%2Fwp%2Fv2%2Fcategories&post=15098"},{"taxonomy":"post_tag","embeddable":true,"href":"https:\/\/radiorevelacionfm.cl\/index.php?rest_route=%2Fwp%2Fv2%2Ftags&post=15098"}],"curies":[{"name":"wp","href":"https:\/\/api.w.org\/{rel}","templated":true}]}}