{"id":15092,"date":"2022-03-27T16:39:12","date_gmt":"2022-03-27T19:39:12","guid":{"rendered":"https:\/\/radiorevelacionfm.cl\/?p=15092"},"modified":"2022-03-27T16:39:12","modified_gmt":"2022-03-27T19:39:12","slug":"mesa-de-la-mujer-indigena-organiza-feria-productiva-en-coyhaique","status":"publish","type":"post","link":"https:\/\/radiorevelacionfm.cl\/?p=15092","title":{"rendered":"Mesa de la Mujer Ind\u00edgena organiza feria productiva en Coyhaique"},"content":{"rendered":"<div class=\"flex_column av_one_full  flex_column_div av-zero-column-padding first  avia-builder-el-0  el_before_av_one_full  avia-builder-el-first  \" style='border-radius:0px; '><div  class='avia-image-container  av-styling-    avia-builder-el-1  avia-builder-el-no-sibling  avia-align-center '  itemprop=\"image\" itemscope=\"itemscope\" itemtype=\"https:\/\/schema.org\/ImageObject\"  ><div class='avia-image-container-inner'><div class='avia-image-overlay-wrap'><img decoding=\"async\" class='wp-image-15093 avia-img-lazy-loading-not-15093 avia_image' src=\"https:\/\/radiorevelacionfm.cl\/wp-content\/uploads\/2022\/03\/feria-mesa-mujer-indigena1_optimized.1-1.jpg\" alt='' title='feria-mesa-mujer-ind\u00edgena1_optimized.1-(1)' height=\"600\" width=\"912\"  itemprop=\"thumbnailUrl\" srcset=\"https:\/\/radiorevelacionfm.cl\/wp-content\/uploads\/2022\/03\/feria-mesa-mujer-indigena1_optimized.1-1.jpg 912w, https:\/\/radiorevelacionfm.cl\/wp-content\/uploads\/2022\/03\/feria-mesa-mujer-indigena1_optimized.1-1-300x197.jpg 300w, https:\/\/radiorevelacionfm.cl\/wp-content\/uploads\/2022\/03\/feria-mesa-mujer-indigena1_optimized.1-1-768x505.jpg 768w, https:\/\/radiorevelacionfm.cl\/wp-content\/uploads\/2022\/03\/feria-mesa-mujer-indigena1_optimized.1-1-705x464.jpg 705w, https:\/\/radiorevelacionfm.cl\/wp-content\/uploads\/2022\/03\/feria-mesa-mujer-indigena1_optimized.1-1-600x395.jpg 600w\" sizes=\"(max-width: 912px) 100vw, 912px\" \/><\/div><\/div><\/div><\/div><div class=\"flex_column av_one_full  flex_column_div av-zero-column-padding first  avia-builder-el-2  el_after_av_one_full  el_before_av_one_full  column-top-margin\" style='border-radius:0px; '><section class=\"av_textblock_section \"  itemscope=\"itemscope\" itemtype=\"https:\/\/schema.org\/BlogPosting\" itemprop=\"blogPost\" ><div class='avia_textblock  '   itemprop=\"text\" ><p style=\"text-align: center;\"><strong><span style=\"font-size: 18pt;\">Mesa de la Mujer Ind\u00edgena organiza feria productiva en Coyhaique<\/span><\/strong><\/p>\n<div id=\"gtx-trans\" style=\"position: absolute; left: -50px; top: 4.31534px;\">\n<div class=\"gtx-trans-icon\"><\/div>\n<\/div>\n<\/div><\/section><\/div><div class=\"flex_column av_one_full  flex_column_div av-zero-column-padding first  avia-builder-el-4  el_after_av_one_full  el_before_av_hr  column-top-margin\" style='border-radius:0px; '><section class=\"av_textblock_section \"  itemscope=\"itemscope\" itemtype=\"https:\/\/schema.org\/BlogPosting\" itemprop=\"blogPost\" ><div class='avia_textblock  '   itemprop=\"text\" ><p style=\"font-weight: 400; text-align: justify;\">En el eje central de la Plaza de Armas de la capital regional, se realizar\u00e1 los d\u00edas jueves 31 de marzo y viernes 01 de abril la Feria Mujer Ind\u00edgena, actividad organizada por la Mesa del mismo nombre, integrada por agrupaciones, asociaciones y comunidades mapuche de la comuna de Coyhaique; en conjunto con el Servicio Nacional de la Mujer y la Equidad de G\u00e9nero, SernamEG, y la Corporaci\u00f3n Nacional de Desarrollo Ind\u00edgena, CONADI.<\/p>\n<p style=\"font-weight: 400; text-align: justify;\">La Directora Regional Subrogante de SernamEG, Carla Arriagada Malague\u00f1o, se refiri\u00f3 al evento destacando que \u201ces una posibilidad para difundir la cultura de los pueblos originarios; al mismo tiempo,\u00a0un espacio de comercializaci\u00f3n de productos, generaci\u00f3n de redes e intercambio de experiencias\u201d. Respecto al evento que culmina el Mes de la Mujeres, agreg\u00f3 que \u201cvenimos organizando una serie de actividades durante marzo, que se enmarcan en la conmemoraci\u00f3n del D\u00eda Internacional de la Mujer donde hemos puesto especial \u00e9nfasis en relevar la importancia de que las mujeres alcancen o mantengan sus autonom\u00edas; as\u00ed como el ejercicio de sus derechos y deberes\u201d.<\/p>\n<p style=\"font-weight: 400; text-align: justify;\">Por su parte, la Coordinadora Regional de CONADI, Pamela Huaitiao Almonacid, dijo: \u201cla Mesa de la Mujer Ind\u00edgena est\u00e1 presente en la comuna de Coyhaique ya que en este territorio es donde existe la mayor cantidad de agrupaciones, comunidades y asociaciones ind\u00edgenas. Nuestro trabajo es detectar las necesidades que se presentan. Obviamente en tiempos de pandemia lo que m\u00e1s se necesita es que se generen ingresos para las emprendedoras ind\u00edgenas. Esta colaboraci\u00f3n ha enriquecido el trabajo en conjunto entre CONADI y SernamEG hacia las mujeres que pertenecen a una asociaci\u00f3n o comunidad ind\u00edgena\u201d.<\/p>\n<p style=\"font-weight: 400; text-align: justify;\">Una invitaci\u00f3n abierta a la comunidad de Coyhaique a participar del evento, efectu\u00f3 la autoridad mapuche de la Asociaci\u00f3n Ind\u00edgena Rakiduantum, Yorka Cheuquian Gallardo, quien destac\u00f3 que \u201ces super importante poner en vitrina los trabajos que se hacen con dedicaci\u00f3n. En la Feria encontrar\u00e1n productos muy bonitos de producci\u00f3n propia de las artesanas mapuche del territorio y esto va a ayudar a la econom\u00eda circular de cada persona que va a exponer\u201d. Al mismo tiempo, relev\u00f3 que las creaciones artesanales contribuyen al proceso de visibilizaci\u00f3n de la cultura de los pueblos originarios.<\/p>\n<p style=\"font-weight: 400; text-align: justify;\">Este jueves 31 de marzo y viernes 01 de abril se realizar\u00e1 la Feria Mujer Ind\u00edgena 2022, entre las 09:00 y las 18:30 horas, en el eje central de la Plaza de Armas de Coyhaique. En la oportunidad, estar\u00e1n dispuestos stands con artesan\u00edas, gastronom\u00eda, orfebrer\u00eda, hierbas medicinales, cosm\u00e9tica natural, entre otros.<\/p>\n<\/div><\/section><\/div><div  style='height:50px' class='hr hr-invisible   avia-builder-el-6  el_after_av_one_full  el_before_av_social_share '><span class='hr-inner ' ><span class='hr-inner-style'><\/span><\/span><\/div><\/p>\n<div  class='av-social-sharing-box  avia-builder-el-7  el_after_av_hr  el_before_av_hr  '><div class='av-share-box'><h5 class='av-share-link-description av-no-toc '>Compartir esta noticia<\/h5><ul class='av-share-box-list noLightbox'><li class='av-share-link av-social-link-facebook' ><a target=\"_blank\" aria-label=\"Compartir en Facebook\" href='https:\/\/www.facebook.com\/sharer.php?u=https:\/\/radiorevelacionfm.cl\/?p=15092&#038;t=Mesa%20de%20la%20Mujer%20Ind%C3%ADgena%20organiza%20feria%20productiva%20en%20Coyhaique' aria-hidden='false' data-av_icon='\ue8f3' data-av_iconfont='entypo-fontello' title='' data-avia-related-tooltip='Compartir en Facebook' rel=\"noopener\"><span class='avia_hidden_link_text'>Compartir en Facebook<\/span><\/a><\/li><li class='av-share-link av-social-link-twitter' ><a target=\"_blank\" aria-label=\"Compartir en Twitter\" href='https:\/\/twitter.com\/share?text=Mesa%20de%20la%20Mujer%20Ind%C3%ADgena%20organiza%20feria%20productiva%20en%20Coyhaique&#038;url=https:\/\/radiorevelacionfm.cl\/?p=15092' aria-hidden='false' data-av_icon='\ue8f1' data-av_iconfont='entypo-fontello' title='' data-avia-related-tooltip='Compartir en Twitter' rel=\"noopener\"><span class='avia_hidden_link_text'>Compartir en Twitter<\/span><\/a><\/li><li class='av-share-link av-social-link-whatsapp' ><a target=\"_blank\" aria-label=\"Compartir en Whatsapp\" href='https:\/\/api.whatsapp.com\/send?text=https:\/\/radiorevelacionfm.cl\/?p=15092' aria-hidden='false' data-av_icon='\uf232' data-av_iconfont='entypo-fontello' title='' data-avia-related-tooltip='Compartir en Whatsapp' rel=\"noopener\"><span class='avia_hidden_link_text'>Compartir en Whatsapp<\/span><\/a><\/li><li class='av-share-link av-social-link-linkedin' ><a target=\"_blank\" aria-label=\"Compartir en LinkedIn\" href='https:\/\/linkedin.com\/shareArticle?mini=true&#038;title=Mesa%20de%20la%20Mujer%20Ind%C3%ADgena%20organiza%20feria%20productiva%20en%20Coyhaique&#038;url=https:\/\/radiorevelacionfm.cl\/?p=15092' aria-hidden='false' data-av_icon='\ue8fc' data-av_iconfont='entypo-fontello' title='' data-avia-related-tooltip='Compartir en LinkedIn' rel=\"noopener\"><span class='avia_hidden_link_text'>Compartir en LinkedIn<\/span><\/a><\/li><li class='av-share-link av-social-link-mail' ><a  aria-label=\"Compartir por correo\" href='mailto:?subject=Mesa%20de%20la%20Mujer%20Ind%C3%ADgena%20organiza%20feria%20productiva%20en%20Coyhaique&#038;body=https:\/\/radiorevelacionfm.cl\/?p=15092' aria-hidden='false' data-av_icon='\ue805' data-av_iconfont='entypo-fontello' title='' data-avia-related-tooltip='Compartir por correo'><span class='avia_hidden_link_text'>Compartir por correo<\/span><\/a><\/li><\/ul><\/div><\/div>\n<div  style='height:50px' class='hr hr-invisible   avia-builder-el-8  el_after_av_social_share  el_before_av_comments_list '><span class='hr-inner ' ><span class='hr-inner-style'><\/span><\/span><\/div>\n<div  class='av-buildercomment  av-blog-meta-html-info-disabled av-blog-meta-tag-disabled  '><\/div>\n","protected":false},"excerpt":{"rendered":"","protected":false},"author":1,"featured_media":15093,"comment_status":"open","ping_status":"open","sticky":false,"template":"","format":"standard","meta":{"footnotes":""},"categories":[38],"tags":[],"class_list":["post-15092","post","type-post","status-publish","format-standard","has-post-thumbnail","hentry","category-regional"],"jetpack_featured_media_url":"https:\/\/radiorevelacionfm.cl\/wp-content\/uploads\/2022\/03\/feria-mesa-mujer-indigena1_optimized.1-1.jpg","_links":{"self":[{"href":"https:\/\/radiorevelacionfm.cl\/index.php?rest_route=\/wp\/v2\/posts\/15092","targetHints":{"allow":["GET"]}}],"collection":[{"href":"https:\/\/radiorevelacionfm.cl\/index.php?rest_route=\/wp\/v2\/posts"}],"about":[{"href":"https:\/\/radiorevelacionfm.cl\/index.php?rest_route=\/wp\/v2\/types\/post"}],"author":[{"embeddable":true,"href":"https:\/\/radiorevelacionfm.cl\/index.php?rest_route=\/wp\/v2\/users\/1"}],"replies":[{"embeddable":true,"href":"https:\/\/radiorevelacionfm.cl\/index.php?rest_route=%2Fwp%2Fv2%2Fcomments&post=15092"}],"version-history":[{"count":2,"href":"https:\/\/radiorevelacionfm.cl\/index.php?rest_route=\/wp\/v2\/posts\/15092\/revisions"}],"predecessor-version":[{"id":15096,"href":"https:\/\/radiorevelacionfm.cl\/index.php?rest_route=\/wp\/v2\/posts\/15092\/revisions\/15096"}],"wp:featuredmedia":[{"embeddable":true,"href":"https:\/\/radiorevelacionfm.cl\/index.php?rest_route=\/wp\/v2\/media\/15093"}],"wp:attachment":[{"href":"https:\/\/radiorevelacionfm.cl\/index.php?rest_route=%2Fwp%2Fv2%2Fmedia&parent=15092"}],"wp:term":[{"taxonomy":"category","embeddable":true,"href":"https:\/\/radiorevelacionfm.cl\/index.php?rest_route=%2Fwp%2Fv2%2Fcategories&post=15092"},{"taxonomy":"post_tag","embeddable":true,"href":"https:\/\/radiorevelacionfm.cl\/index.php?rest_route=%2Fwp%2Fv2%2Ftags&post=15092"}],"curies":[{"name":"wp","href":"https:\/\/api.w.org\/{rel}","templated":true}]}}