{"id":15089,"date":"2022-03-27T17:20:50","date_gmt":"2022-03-27T20:20:50","guid":{"rendered":"https:\/\/radiorevelacionfm.cl\/?p=15089"},"modified":"2022-03-27T17:20:50","modified_gmt":"2022-03-27T20:20:50","slug":"ministros-de-obras-publicas-y-medio-ambiente-valoran-promulgacion-del-codigo-de-aguas","status":"publish","type":"post","link":"https:\/\/radiorevelacionfm.cl\/?p=15089","title":{"rendered":"Ministros de Obras P\u00fablicas y Medio Ambiente valoran promulgaci\u00f3n del C\u00f3digo de Aguas"},"content":{"rendered":"<div class=\"flex_column av_one_full  flex_column_div av-zero-column-padding first  avia-builder-el-0  el_before_av_one_full  avia-builder-el-first  \" style='border-radius:0px; '><div  class='avia-image-container  av-styling-    avia-builder-el-1  avia-builder-el-no-sibling  avia-align-center '  itemprop=\"image\" itemscope=\"itemscope\" itemtype=\"https:\/\/schema.org\/ImageObject\"  ><div class='avia-image-container-inner'><div class='avia-image-overlay-wrap'><img decoding=\"async\" class='wp-image-15090 avia-img-lazy-loading-not-15090 avia_image' src=\"https:\/\/radiorevelacionfm.cl\/wp-content\/uploads\/2022\/03\/IMG-MOP-1-1.jpg\" alt='' title='IMG-MOP (1) (1)' height=\"600\" width=\"935\"  itemprop=\"thumbnailUrl\" srcset=\"https:\/\/radiorevelacionfm.cl\/wp-content\/uploads\/2022\/03\/IMG-MOP-1-1.jpg 935w, https:\/\/radiorevelacionfm.cl\/wp-content\/uploads\/2022\/03\/IMG-MOP-1-1-300x193.jpg 300w, https:\/\/radiorevelacionfm.cl\/wp-content\/uploads\/2022\/03\/IMG-MOP-1-1-768x493.jpg 768w, https:\/\/radiorevelacionfm.cl\/wp-content\/uploads\/2022\/03\/IMG-MOP-1-1-705x452.jpg 705w, https:\/\/radiorevelacionfm.cl\/wp-content\/uploads\/2022\/03\/IMG-MOP-1-1-600x385.jpg 600w\" sizes=\"(max-width: 935px) 100vw, 935px\" \/><\/div><\/div><\/div><\/div><div class=\"flex_column av_one_full  flex_column_div av-zero-column-padding first  avia-builder-el-2  el_after_av_one_full  el_before_av_one_full  column-top-margin\" style='border-radius:0px; '><section class=\"av_textblock_section \"  itemscope=\"itemscope\" itemtype=\"https:\/\/schema.org\/BlogPosting\" itemprop=\"blogPost\" ><div class='avia_textblock  '   itemprop=\"text\" ><p style=\"text-align: center;\"><strong><span style=\"font-size: 18pt;\">Ministros de Obras P\u00fablicas y Medio Ambiente valoran promulgaci\u00f3n del C\u00f3digo de Aguas<\/span><\/strong><\/p>\n<div id=\"gtx-trans\" style=\"position: absolute; left: -50px; top: 4.31534px;\">\n<div class=\"gtx-trans-icon\"><\/div>\n<\/div>\n<\/div><\/section><\/div><div class=\"flex_column av_one_full  flex_column_div av-zero-column-padding first  avia-builder-el-4  el_after_av_one_full  el_before_av_hr  column-top-margin\" style='border-radius:0px; '><section class=\"av_textblock_section \"  itemscope=\"itemscope\" itemtype=\"https:\/\/schema.org\/BlogPosting\" itemprop=\"blogPost\" ><div class='avia_textblock  '   itemprop=\"text\" ><p style=\"text-align: justify;\">Luego de que este viernes el Presidente de la Rep\u00fablica, Gabriel Boric, promulgara la reforma al C\u00f3digo de Aguas -que fue despachada por el Congreso Nacional a comienzos de enero- la ministra de Medio Ambiente, Maisa Rojas, y el ministro de Obras P\u00fablicas, Juan Carlos Garc\u00eda, valoraron el avance que implica esta ley, que permitir\u00e1 entre otras cosas declarar las aguas, independiente su estado, como \u00abbienes nacionales de uso p\u00fablico\u00bb. Adem\u00e1s, ambas autoridades se comprometieron a comenzar a trabajar desde hoy mismo en la implementaci\u00f3n de las oportunidades que ofrece esta reforma.<\/p>\n<p style=\"text-align: justify;\">Para el ministro Juan Carlos Garc\u00eda, esta reforma implica que \u00abse garantiza el derecho humano al agua para todas y todos. Lo que se busca es una transici\u00f3n h\u00eddrica justa, que solucione los problemas de inequidad que padecen miles de chilenas y chilenos en el acceso a este vital elemento\u00bb.<\/p>\n<p style=\"text-align: justify;\">El ministro de Obras P\u00fablicas tambi\u00e9n agreg\u00f3 que este avance es a\u00fan m\u00e1s importante, en medio del contexto ambiental que vivimos, donde se requiere \u00abavanzar con urgencia en nuevas medidas, para enfrentar con decisi\u00f3n el cambio clim\u00e1tico, a trav\u00e9s de una mirada integral del cuidado del agua, desde lo social y lo ambiental y una participaci\u00f3n activa de la gente\u00bb.<\/p>\n<p style=\"text-align: justify;\">Por su parte, la ministra Maisa Rojas se\u00f1al\u00f3 que hoy se cuenta con un instrumento que entrega oportunidades para hacer un uso m\u00e1s sustentable del agua. \u00abReconocer que el agua es un bien nacional de uso p\u00fablico permite y facilita las acciones del Estado para resguardar el consumo humano y saneamiento y para cuidar nuestros ecosistemas\u00bb, expres\u00f3.<\/p>\n<p style=\"text-align: justify;\">La titular de Medio Ambiente destac\u00f3 tambi\u00e9n que \u00abpor primera vez se integra al cambio clim\u00e1tico como un factor que amenaza y limita la disponibilidad de agua. Y muy importante, se protege la funci\u00f3n ecosist\u00e9mica del agua, resguardando y prohibiendo la entrega de derechos en glaciares, sectores de vegas, bofedales, humedales y \u00e1reas declaradas bajo protecci\u00f3n de la biodiversidad\u00bb.<\/p>\n<p style=\"text-align: justify;\">Cabe mencionar que la modificaci\u00f3n al C\u00f3digo de Aguas se inici\u00f3 por moci\u00f3n parlamentaria en la C\u00e1mara de Diputados el 17 de marzo de 2011, siendo finalmente aprobada y despachada por el Congreso en enero de este a\u00f1o, con votaci\u00f3n un\u00e1nime del Senado.<\/p>\n<p style=\"text-align: justify;\">Los principales contenidos de la reforma:<\/p>\n<ol style=\"text-align: justify;\">\n<li>Se establece la prioridad del agua para el consumo humano, saneamiento y usos dom\u00e9sticos de subsistencia por sobre otros usos, tanto en el otorgamiento como en el ejercicio de los Derechos de Aprovechamiento de Aguas (DAA), as\u00ed como en la redistribuci\u00f3n cuando existan condiciones de escasez.<\/li>\n<\/ol>\n<ol style=\"text-align: justify;\" start=\"2\">\n<li>En Servicios Sanitarios Rurales se fortalece su gesti\u00f3n. El Presidente de la Rep\u00fablica, sobre la base de informe de la Direcci\u00f3n General de Aguas, puede constituir DAA aun sin disponibilidad administrativa, entre otras medidas.<\/li>\n<\/ol>\n<ol style=\"text-align: justify;\" start=\"3\">\n<li>Los nuevos derechos se otorgar\u00e1n por 30 a\u00f1os (los antiguos derechos son indefinidos) y se renovar\u00e1n autom\u00e1ticamente si estuvieren en uso y, adem\u00e1s, la DGA podr\u00e1 otorgar derechos con una duraci\u00f3n menor.<\/li>\n<\/ol>\n<ol style=\"text-align: justify;\" start=\"4\">\n<li>Se establece que la Direcci\u00f3n General de Aguas (DGA) elaborar\u00e1 Planes Estrat\u00e9gicos de Recursos H\u00eddricos (PERH) para cada una de las 101 cuencas del pa\u00eds en un plazo m\u00e1ximo de 10 a\u00f1os y su posterior actualizaci\u00f3n.<\/li>\n<\/ol>\n<ol style=\"text-align: justify;\" start=\"5\">\n<li>En situaciones severa sequ\u00eda (condici\u00f3n para declarar zona de escasez), se otorgan mayores atribuciones a la DGA para redistribuir el agua en favor del consumo humano y uso dom\u00e9stico de subsistencia, pudiendo exigir a los y las usuarias, alcanzar un acuerdo con plazos perentorios para el uso del recurso disponible o en caso contrario proceder a la intervenci\u00f3n para cumplir con el objetivo.<\/li>\n<\/ol>\n<\/div><\/section><\/div><div  style='height:50px' class='hr hr-invisible   avia-builder-el-6  el_after_av_one_full  el_before_av_social_share '><span class='hr-inner ' ><span class='hr-inner-style'><\/span><\/span><\/div><\/p>\n<div  class='av-social-sharing-box  avia-builder-el-7  el_after_av_hr  el_before_av_hr  '><div class='av-share-box'><h5 class='av-share-link-description av-no-toc '>Compartir esta noticia<\/h5><ul class='av-share-box-list noLightbox'><li class='av-share-link av-social-link-facebook' ><a target=\"_blank\" aria-label=\"Compartir en Facebook\" href='https:\/\/www.facebook.com\/sharer.php?u=https:\/\/radiorevelacionfm.cl\/?p=15089&#038;t=Ministros%20de%20Obras%20P%C3%BAblicas%20y%20Medio%20Ambiente%20valoran%20promulgaci%C3%B3n%20del%20C%C3%B3digo%20de%20Aguas' aria-hidden='false' data-av_icon='\ue8f3' data-av_iconfont='entypo-fontello' title='' data-avia-related-tooltip='Compartir en Facebook' rel=\"noopener\"><span class='avia_hidden_link_text'>Compartir en Facebook<\/span><\/a><\/li><li class='av-share-link av-social-link-twitter' ><a target=\"_blank\" aria-label=\"Compartir en Twitter\" href='https:\/\/twitter.com\/share?text=Ministros%20de%20Obras%20P%C3%BAblicas%20y%20Medio%20Ambiente%20valoran%20promulgaci%C3%B3n%20del%20C%C3%B3digo%20de%20Aguas&#038;url=https:\/\/radiorevelacionfm.cl\/?p=15089' aria-hidden='false' data-av_icon='\ue8f1' data-av_iconfont='entypo-fontello' title='' data-avia-related-tooltip='Compartir en Twitter' rel=\"noopener\"><span class='avia_hidden_link_text'>Compartir en Twitter<\/span><\/a><\/li><li class='av-share-link av-social-link-whatsapp' ><a target=\"_blank\" aria-label=\"Compartir en Whatsapp\" href='https:\/\/api.whatsapp.com\/send?text=https:\/\/radiorevelacionfm.cl\/?p=15089' aria-hidden='false' data-av_icon='\uf232' data-av_iconfont='entypo-fontello' title='' data-avia-related-tooltip='Compartir en Whatsapp' rel=\"noopener\"><span class='avia_hidden_link_text'>Compartir en Whatsapp<\/span><\/a><\/li><li class='av-share-link av-social-link-linkedin' ><a target=\"_blank\" aria-label=\"Compartir en LinkedIn\" href='https:\/\/linkedin.com\/shareArticle?mini=true&#038;title=Ministros%20de%20Obras%20P%C3%BAblicas%20y%20Medio%20Ambiente%20valoran%20promulgaci%C3%B3n%20del%20C%C3%B3digo%20de%20Aguas&#038;url=https:\/\/radiorevelacionfm.cl\/?p=15089' aria-hidden='false' data-av_icon='\ue8fc' data-av_iconfont='entypo-fontello' title='' data-avia-related-tooltip='Compartir en LinkedIn' rel=\"noopener\"><span class='avia_hidden_link_text'>Compartir en LinkedIn<\/span><\/a><\/li><li class='av-share-link av-social-link-mail' ><a  aria-label=\"Compartir por correo\" href='mailto:?subject=Ministros%20de%20Obras%20P%C3%BAblicas%20y%20Medio%20Ambiente%20valoran%20promulgaci%C3%B3n%20del%20C%C3%B3digo%20de%20Aguas&#038;body=https:\/\/radiorevelacionfm.cl\/?p=15089' aria-hidden='false' data-av_icon='\ue805' data-av_iconfont='entypo-fontello' title='' data-avia-related-tooltip='Compartir por correo'><span class='avia_hidden_link_text'>Compartir por correo<\/span><\/a><\/li><\/ul><\/div><\/div>\n<div  style='height:50px' class='hr hr-invisible   avia-builder-el-8  el_after_av_social_share  el_before_av_comments_list '><span class='hr-inner ' ><span class='hr-inner-style'><\/span><\/span><\/div>\n<div  class='av-buildercomment  av-blog-meta-html-info-disabled av-blog-meta-tag-disabled  '><\/div>\n","protected":false},"excerpt":{"rendered":"","protected":false},"author":1,"featured_media":15090,"comment_status":"open","ping_status":"open","sticky":false,"template":"","format":"standard","meta":{"footnotes":""},"categories":[61],"tags":[],"class_list":["post-15089","post","type-post","status-publish","format-standard","has-post-thumbnail","hentry","category-nacional"],"jetpack_featured_media_url":"https:\/\/radiorevelacionfm.cl\/wp-content\/uploads\/2022\/03\/IMG-MOP-1-1.jpg","_links":{"self":[{"href":"https:\/\/radiorevelacionfm.cl\/index.php?rest_route=\/wp\/v2\/posts\/15089","targetHints":{"allow":["GET"]}}],"collection":[{"href":"https:\/\/radiorevelacionfm.cl\/index.php?rest_route=\/wp\/v2\/posts"}],"about":[{"href":"https:\/\/radiorevelacionfm.cl\/index.php?rest_route=\/wp\/v2\/types\/post"}],"author":[{"embeddable":true,"href":"https:\/\/radiorevelacionfm.cl\/index.php?rest_route=\/wp\/v2\/users\/1"}],"replies":[{"embeddable":true,"href":"https:\/\/radiorevelacionfm.cl\/index.php?rest_route=%2Fwp%2Fv2%2Fcomments&post=15089"}],"version-history":[{"count":2,"href":"https:\/\/radiorevelacionfm.cl\/index.php?rest_route=\/wp\/v2\/posts\/15089\/revisions"}],"predecessor-version":[{"id":15097,"href":"https:\/\/radiorevelacionfm.cl\/index.php?rest_route=\/wp\/v2\/posts\/15089\/revisions\/15097"}],"wp:featuredmedia":[{"embeddable":true,"href":"https:\/\/radiorevelacionfm.cl\/index.php?rest_route=\/wp\/v2\/media\/15090"}],"wp:attachment":[{"href":"https:\/\/radiorevelacionfm.cl\/index.php?rest_route=%2Fwp%2Fv2%2Fmedia&parent=15089"}],"wp:term":[{"taxonomy":"category","embeddable":true,"href":"https:\/\/radiorevelacionfm.cl\/index.php?rest_route=%2Fwp%2Fv2%2Fcategories&post=15089"},{"taxonomy":"post_tag","embeddable":true,"href":"https:\/\/radiorevelacionfm.cl\/index.php?rest_route=%2Fwp%2Fv2%2Ftags&post=15089"}],"curies":[{"name":"wp","href":"https:\/\/api.w.org\/{rel}","templated":true}]}}