{"id":15076,"date":"2022-03-25T19:18:37","date_gmt":"2022-03-25T22:18:37","guid":{"rendered":"https:\/\/radiorevelacionfm.cl\/?p=15076"},"modified":"2022-03-25T19:18:37","modified_gmt":"2022-03-25T22:18:37","slug":"hospital-coyhaique-retoma-actividades-presenciales-con-jornadas-de-tuberculosis","status":"publish","type":"post","link":"https:\/\/radiorevelacionfm.cl\/?p=15076","title":{"rendered":"Hospital Coyhaique retoma actividades presenciales con \u201cJornadas de Tuberculosis\u201d"},"content":{"rendered":"<div class=\"flex_column av_one_full  flex_column_div av-zero-column-padding first  avia-builder-el-0  el_before_av_one_full  avia-builder-el-first  \" style='border-radius:0px; '><div  class='avia-image-container  av-styling-    avia-builder-el-1  avia-builder-el-no-sibling  avia-align-center '  itemprop=\"image\" itemscope=\"itemscope\" itemtype=\"https:\/\/schema.org\/ImageObject\"  ><div class='avia-image-container-inner'><div class='avia-image-overlay-wrap'><img decoding=\"async\" class='wp-image-15077 avia-img-lazy-loading-not-15077 avia_image' src=\"https:\/\/radiorevelacionfm.cl\/wp-content\/uploads\/2022\/03\/jornadas-tbc-1_optimized.jpeg\" alt='' title='jornadas-tbc-(1)_optimized' height=\"576\" width=\"1024\"  itemprop=\"thumbnailUrl\" srcset=\"https:\/\/radiorevelacionfm.cl\/wp-content\/uploads\/2022\/03\/jornadas-tbc-1_optimized.jpeg 1024w, https:\/\/radiorevelacionfm.cl\/wp-content\/uploads\/2022\/03\/jornadas-tbc-1_optimized-300x169.jpeg 300w, https:\/\/radiorevelacionfm.cl\/wp-content\/uploads\/2022\/03\/jornadas-tbc-1_optimized-768x432.jpeg 768w, https:\/\/radiorevelacionfm.cl\/wp-content\/uploads\/2022\/03\/jornadas-tbc-1_optimized-705x397.jpeg 705w, https:\/\/radiorevelacionfm.cl\/wp-content\/uploads\/2022\/03\/jornadas-tbc-1_optimized-600x338.jpeg 600w\" sizes=\"(max-width: 1024px) 100vw, 1024px\" \/><\/div><\/div><\/div><\/div><div class=\"flex_column av_one_full  flex_column_div av-zero-column-padding first  avia-builder-el-2  el_after_av_one_full  el_before_av_one_full  column-top-margin\" style='border-radius:0px; '><section class=\"av_textblock_section \"  itemscope=\"itemscope\" itemtype=\"https:\/\/schema.org\/BlogPosting\" itemprop=\"blogPost\" ><div class='avia_textblock  '   itemprop=\"text\" ><p style=\"text-align: center;\"><strong><span style=\"font-size: 18pt;\">Hospital Coyhaique retoma actividades presenciales con \u201cJornadas de Tuberculosis\u201d<\/span><\/strong><\/p>\n<div id=\"gtx-trans\" style=\"position: absolute; left: -50px; top: 4.31534px;\">\n<div class=\"gtx-trans-icon\"><\/div>\n<\/div>\n<\/div><\/section><\/div><div class=\"flex_column av_one_full  flex_column_div av-zero-column-padding first  avia-builder-el-4  el_after_av_one_full  el_before_av_hr  column-top-margin\" style='border-radius:0px; '><section class=\"av_textblock_section \"  itemscope=\"itemscope\" itemtype=\"https:\/\/schema.org\/BlogPosting\" itemprop=\"blogPost\" ><div class='avia_textblock  '   itemprop=\"text\" ><p style=\"text-align: justify;\">En el marco del \u201cD\u00eda mundial de la tuberculosis\u201d, el Hospital Regional Coyhaique organiz\u00f3 las \u201cJornadas de Tuberculosis\u201d, iniciativa que busca promover y capacitar a todos los funcionarios de salud de la regi\u00f3n de Ays\u00e9n en torno a la pesquisa de esta enfermedad que afecta mayormente la funci\u00f3n pulmonar.<\/p>\n<p style=\"text-align: justify;\">\u201cDesde que comenz\u00f3 la pandemia se nos ha hecho m\u00e1s dif\u00edcil localizar y pesquisar los casos de tuberculosis, tanto en la regi\u00f3n como al interior de nuestro hospital, porque la atenci\u00f3n se ha enfocado en el Covid\u201d, explica Marcela Osorio, enfermera a cargo del Programa de Tuberculosis (TBC) del Hospital Regional Coyhaique, organizadora de estas jornadas, primera actividad presencial que se realiza desde el inicio de la pandemia en el centro hospitalario.<\/p>\n<p style=\"text-align: justify;\">\u201cPoder llevar a cabo estas jornadas de manera presencial ha sido un gran desaf\u00edo, pero sin duda en esta modalidad se aprende mucho m\u00e1s, reforzando tambi\u00e9n nuestros conocimientos junto con los docentes que fueron parte de esta capacitaci\u00f3n\u201d, sostuvo Marcela Osorio.<\/p>\n<p style=\"text-align: justify;\">En efecto, esta actividad cont\u00f3 con la participaci\u00f3n de las encargadas nacionales del Programa de Tuberculosis del Ministerio de Salud, quienes lideran a nivel pa\u00eds la pesquisa de esta enfermedad, que sit\u00faa a la regi\u00f3n de Ays\u00e9n como la tercera en Chile con mayor n\u00famero de casos por 100 mil habitantes.<\/p>\n<p style=\"text-align: justify;\">\u201cLa tuberculosis es una enfermedad que todav\u00eda est\u00e1 presente en nuestro pa\u00eds, as\u00ed como en todo el mundo. Nunca se ha erradicado de la faz de la tierra. En Chile, afecta a m\u00e1s de 2 mil personas al a\u00f1o, y de \u00e9stas, fallecen 200\u201d, expres\u00f3 Natalia Ruiz, enfermera encargada del Programa de Tuberculosis del Ministerio de Salud.<\/p>\n<p style=\"text-align: justify;\">La experta hizo hincapi\u00e9 en la importancia de la vacunaci\u00f3n contra la tuberculosis que est\u00e1 contenida en el Programa Nacional de Inmunizaciones y que es administrada en el primer mes de vida del reci\u00e9n nacido. \u201cLa vacuna BCG lo que hace es proteger de la tuberculosis en sus formas graves a la poblaci\u00f3n infantil. Gracias a eso, no tenemos mortalidad infantil por tuberculosis, que todav\u00eda existe en algunas partes del mundo\u201d, sostuvo.<\/p>\n<p style=\"text-align: justify;\"><strong>TUBERCULOSIS EN AYS\u00c9N<\/strong><\/p>\n<p style=\"text-align: justify;\">\u201cSi bien somos una regi\u00f3n peque\u00f1a y anualmente tenemos entre 7 y 12 casos de tuberculosis, en proporci\u00f3n somos la tercera regi\u00f3n con m\u00e1s casos por cada 100 mil habitantes\u201d, indic\u00f3 el Dr. Mauricio Tapia, m\u00e9dico broncopulmonar del HRC.<\/p>\n<p style=\"text-align: justify;\">Seg\u00fan explica el especialista, la regi\u00f3n de Ays\u00e9n es superada en n\u00famero de casos por las regiones de Arica y Antofagasta, siendo lo extenso de nuestro territorio uno de los principales factores de riesgo para pesquisar oportunamente a los pacientes con tuberculosis.<\/p>\n<p style=\"text-align: justify;\">\u201cSomos una regi\u00f3n con zonas muy aisladas, donde las personas consultan muy tard\u00edamente, y se hace el diagn\u00f3stico cuando la patolog\u00eda est\u00e1 por comenzar. Tenemos que ir mejorando, y buscar antes que la enfermedad llegue de forma muy tard\u00eda a los hospitales\u201d, indic\u00f3 el m\u00e9dico broncopulmonar.<\/p>\n<p style=\"text-align: justify;\">En el caso de la regi\u00f3n de Ays\u00e9n, los grupos de riesgo o \u201ccasos presuntivos de tuberculosis\u201d, se concentran en extranjeros que vienen de pa\u00edses con alta tasa de TBC, personas en situaci\u00f3n de calle y\/o que viven en hospeder\u00edas, y pacientes inmunodeprimidos, con patolog\u00edas de base tales como diabetes, insuficiencia renal y VIH, entre otros.<\/p>\n<p style=\"text-align: justify;\">En cuanto a los s\u00edntomas, el Dr. Tapia se\u00f1ala que \u201calguien que empiece con fiebre, baja de peso, sudoraci\u00f3n por las noches, tos o desgarro (flemas) que duren m\u00e1s de 1 o 2 semanas, tiene que acercarse a un centro de salud para que se hagan estudios para descartar o confirmar la enfermedad\u201d.<\/p>\n<\/div><\/section><\/div><div  style='height:50px' class='hr hr-invisible   avia-builder-el-6  el_after_av_one_full  el_before_av_social_share '><span class='hr-inner ' ><span class='hr-inner-style'><\/span><\/span><\/div><\/p>\n<div  class='av-social-sharing-box  avia-builder-el-7  el_after_av_hr  el_before_av_hr  '><div class='av-share-box'><h5 class='av-share-link-description av-no-toc '>Compartir esta noticia<\/h5><ul class='av-share-box-list noLightbox'><li class='av-share-link av-social-link-facebook' ><a target=\"_blank\" aria-label=\"Compartir en Facebook\" href='https:\/\/www.facebook.com\/sharer.php?u=https:\/\/radiorevelacionfm.cl\/?p=15076&#038;t=Hospital%20Coyhaique%20retoma%20actividades%20presenciales%20con%20%E2%80%9CJornadas%20de%20Tuberculosis%E2%80%9D' aria-hidden='false' data-av_icon='\ue8f3' data-av_iconfont='entypo-fontello' title='' data-avia-related-tooltip='Compartir en Facebook' rel=\"noopener\"><span class='avia_hidden_link_text'>Compartir en Facebook<\/span><\/a><\/li><li class='av-share-link av-social-link-twitter' ><a target=\"_blank\" aria-label=\"Compartir en Twitter\" href='https:\/\/twitter.com\/share?text=Hospital%20Coyhaique%20retoma%20actividades%20presenciales%20con%20%E2%80%9CJornadas%20de%20Tuberculosis%E2%80%9D&#038;url=https:\/\/radiorevelacionfm.cl\/?p=15076' aria-hidden='false' data-av_icon='\ue8f1' data-av_iconfont='entypo-fontello' title='' data-avia-related-tooltip='Compartir en Twitter' rel=\"noopener\"><span class='avia_hidden_link_text'>Compartir en Twitter<\/span><\/a><\/li><li class='av-share-link av-social-link-whatsapp' ><a target=\"_blank\" aria-label=\"Compartir en Whatsapp\" href='https:\/\/api.whatsapp.com\/send?text=https:\/\/radiorevelacionfm.cl\/?p=15076' aria-hidden='false' data-av_icon='\uf232' data-av_iconfont='entypo-fontello' title='' data-avia-related-tooltip='Compartir en Whatsapp' rel=\"noopener\"><span class='avia_hidden_link_text'>Compartir en Whatsapp<\/span><\/a><\/li><li class='av-share-link av-social-link-linkedin' ><a target=\"_blank\" aria-label=\"Compartir en LinkedIn\" href='https:\/\/linkedin.com\/shareArticle?mini=true&#038;title=Hospital%20Coyhaique%20retoma%20actividades%20presenciales%20con%20%E2%80%9CJornadas%20de%20Tuberculosis%E2%80%9D&#038;url=https:\/\/radiorevelacionfm.cl\/?p=15076' aria-hidden='false' data-av_icon='\ue8fc' data-av_iconfont='entypo-fontello' title='' data-avia-related-tooltip='Compartir en LinkedIn' rel=\"noopener\"><span class='avia_hidden_link_text'>Compartir en LinkedIn<\/span><\/a><\/li><li class='av-share-link av-social-link-mail' ><a  aria-label=\"Compartir por correo\" href='mailto:?subject=Hospital%20Coyhaique%20retoma%20actividades%20presenciales%20con%20%E2%80%9CJornadas%20de%20Tuberculosis%E2%80%9D&#038;body=https:\/\/radiorevelacionfm.cl\/?p=15076' aria-hidden='false' data-av_icon='\ue805' data-av_iconfont='entypo-fontello' title='' data-avia-related-tooltip='Compartir por correo'><span class='avia_hidden_link_text'>Compartir por correo<\/span><\/a><\/li><\/ul><\/div><\/div>\n<div  style='height:50px' class='hr hr-invisible   avia-builder-el-8  el_after_av_social_share  el_before_av_comments_list '><span class='hr-inner ' ><span class='hr-inner-style'><\/span><\/span><\/div>\n<div  class='av-buildercomment  av-blog-meta-html-info-disabled av-blog-meta-tag-disabled  '><\/div>\n","protected":false},"excerpt":{"rendered":"","protected":false},"author":1,"featured_media":15077,"comment_status":"open","ping_status":"open","sticky":false,"template":"","format":"standard","meta":{"footnotes":""},"categories":[46],"tags":[],"class_list":["post-15076","post","type-post","status-publish","format-standard","has-post-thumbnail","hentry","category-salud"],"jetpack_featured_media_url":"https:\/\/radiorevelacionfm.cl\/wp-content\/uploads\/2022\/03\/jornadas-tbc-1_optimized.jpeg","_links":{"self":[{"href":"https:\/\/radiorevelacionfm.cl\/index.php?rest_route=\/wp\/v2\/posts\/15076","targetHints":{"allow":["GET"]}}],"collection":[{"href":"https:\/\/radiorevelacionfm.cl\/index.php?rest_route=\/wp\/v2\/posts"}],"about":[{"href":"https:\/\/radiorevelacionfm.cl\/index.php?rest_route=\/wp\/v2\/types\/post"}],"author":[{"embeddable":true,"href":"https:\/\/radiorevelacionfm.cl\/index.php?rest_route=\/wp\/v2\/users\/1"}],"replies":[{"embeddable":true,"href":"https:\/\/radiorevelacionfm.cl\/index.php?rest_route=%2Fwp%2Fv2%2Fcomments&post=15076"}],"version-history":[{"count":2,"href":"https:\/\/radiorevelacionfm.cl\/index.php?rest_route=\/wp\/v2\/posts\/15076\/revisions"}],"predecessor-version":[{"id":15081,"href":"https:\/\/radiorevelacionfm.cl\/index.php?rest_route=\/wp\/v2\/posts\/15076\/revisions\/15081"}],"wp:featuredmedia":[{"embeddable":true,"href":"https:\/\/radiorevelacionfm.cl\/index.php?rest_route=\/wp\/v2\/media\/15077"}],"wp:attachment":[{"href":"https:\/\/radiorevelacionfm.cl\/index.php?rest_route=%2Fwp%2Fv2%2Fmedia&parent=15076"}],"wp:term":[{"taxonomy":"category","embeddable":true,"href":"https:\/\/radiorevelacionfm.cl\/index.php?rest_route=%2Fwp%2Fv2%2Fcategories&post=15076"},{"taxonomy":"post_tag","embeddable":true,"href":"https:\/\/radiorevelacionfm.cl\/index.php?rest_route=%2Fwp%2Fv2%2Ftags&post=15076"}],"curies":[{"name":"wp","href":"https:\/\/api.w.org\/{rel}","templated":true}]}}