{"id":15073,"date":"2022-03-26T11:46:43","date_gmt":"2022-03-26T14:46:43","guid":{"rendered":"https:\/\/radiorevelacionfm.cl\/?p=15073"},"modified":"2022-03-26T11:46:43","modified_gmt":"2022-03-26T14:46:43","slug":"guias-de-turismo-de-la-region-de-aysen-se-certifican-en-primeros-auxilios","status":"publish","type":"post","link":"https:\/\/radiorevelacionfm.cl\/?p=15073","title":{"rendered":"Gu\u00edas de turismo de la regi\u00f3n de Ays\u00e9n se certifican en primeros auxilios"},"content":{"rendered":"<div class=\"flex_column av_one_full  flex_column_div av-zero-column-padding first  avia-builder-el-0  el_before_av_one_full  avia-builder-el-first  \" style='border-radius:0px; '><div  class='avia-image-container  av-styling-    avia-builder-el-1  avia-builder-el-no-sibling  avia-align-center '  itemprop=\"image\" itemscope=\"itemscope\" itemtype=\"https:\/\/schema.org\/ImageObject\"  ><div class='avia-image-container-inner'><div class='avia-image-overlay-wrap'><img decoding=\"async\" class='wp-image-15074 avia-img-lazy-loading-not-15074 avia_image' src=\"https:\/\/radiorevelacionfm.cl\/wp-content\/uploads\/2022\/03\/Guias-de-Turismo-1-1.jpeg\" alt='' title='Guias de Turismo (1) (1)' height=\"600\" width=\"800\"  itemprop=\"thumbnailUrl\" srcset=\"https:\/\/radiorevelacionfm.cl\/wp-content\/uploads\/2022\/03\/Guias-de-Turismo-1-1.jpeg 800w, https:\/\/radiorevelacionfm.cl\/wp-content\/uploads\/2022\/03\/Guias-de-Turismo-1-1-300x225.jpeg 300w, https:\/\/radiorevelacionfm.cl\/wp-content\/uploads\/2022\/03\/Guias-de-Turismo-1-1-768x576.jpeg 768w, https:\/\/radiorevelacionfm.cl\/wp-content\/uploads\/2022\/03\/Guias-de-Turismo-1-1-705x529.jpeg 705w, https:\/\/radiorevelacionfm.cl\/wp-content\/uploads\/2022\/03\/Guias-de-Turismo-1-1-600x450.jpeg 600w\" sizes=\"(max-width: 800px) 100vw, 800px\" \/><\/div><\/div><\/div><\/div><div class=\"flex_column av_one_full  flex_column_div av-zero-column-padding first  avia-builder-el-2  el_after_av_one_full  el_before_av_one_full  column-top-margin\" style='border-radius:0px; '><section class=\"av_textblock_section \"  itemscope=\"itemscope\" itemtype=\"https:\/\/schema.org\/BlogPosting\" itemprop=\"blogPost\" ><div class='avia_textblock  '   itemprop=\"text\" ><p style=\"text-align: center;\"><span style=\"font-size: 18pt;\"><b><span lang=\"ES\">Gu\u00edas de turismo de la regi\u00f3n de Ays\u00e9n se certifican en primeros auxilios<\/span><\/b><\/span><\/p>\n<div id=\"gtx-trans\" style=\"position: absolute; left: -50px; top: 4.31534px;\">\n<div class=\"gtx-trans-icon\"><\/div>\n<\/div>\n<\/div><\/section><\/div><div class=\"flex_column av_one_full  flex_column_div av-zero-column-padding first  avia-builder-el-4  el_after_av_one_full  el_before_av_hr  column-top-margin\" style='border-radius:0px; '><section class=\"av_textblock_section \"  itemscope=\"itemscope\" itemtype=\"https:\/\/schema.org\/BlogPosting\" itemprop=\"blogPost\" ><div class='avia_textblock  '   itemprop=\"text\" ><p style=\"text-align: justify;\">Continuando con los procesos de apoyo a la formaci\u00f3n de gu\u00edas calificados en la Regi\u00f3n de Ays\u00e9n, el Programa Estrat\u00e9gico Regional de Turismo, Naturaleza y Aventura de Corfo, ejecut\u00f3 una segunda instancia de certificaci\u00f3n de primeros auxilios en \u00e1reas agrestes, WFR por sus siglas en ingl\u00e9s \u201cWilderness First Responder\u201d. Esta jornada de certificaci\u00f3n, se llev\u00f3 a cabo en el balneario de Puerto Ays\u00e9n, Bah\u00eda Acantilado, facilitada por la Municipalidad de Ays\u00e9n.<\/p>\n<p style=\"text-align: justify;\">El curso se realiz\u00f3 entre los d\u00edas 12 al 20 de marzo, incluyendo modalidades educativas tanto pr\u00e1cticas como te\u00f3ricas. En esta jornada de capacitaci\u00f3n participaron y se certificaron 21 gu\u00edas locales, lo que evidencia la gran importancia que representan estas iniciativas para los gu\u00edas de Ays\u00e9n Patagonia.<\/p>\n<p style=\"text-align: justify;\">Entre los participantes, Sandra C\u00e1rcamo, Gu\u00eda habilitada en \u00c1reas Silvestres Protegidas en Ays\u00e9n Patagonia, se\u00f1al\u00f3 que \u201ces absolutamente necesario que todos los gu\u00edas tengamos este tipo de certificaciones, que nos entregan todas las herramientas necesarias para estar preparados ante cualquier circunstancia, eso mejora nuestra calidad del servicio\u201d.<\/p>\n<p style=\"text-align: justify;\">Marta Guti\u00e9rrez, gu\u00eda local, agradeci\u00f3 la oportunidad y coment\u00f3 que \u201ces importante que haya habido un fondo que pudiera permitirnos acceder al curso, ya que, en tiempos de pandemia obviamente el turismo fue afectado. As\u00ed es que fue una buena instancia haber tenido ese aporte con esa ayuda econ\u00f3mica por parte del Gobierno Regional, a trav\u00e9s de Corfo\u201d.<\/p>\n<p style=\"text-align: justify;\">Por su parte, la encargada de turismo de la Comuna de Ays\u00e9n, Loreta Co\u00f1uecar, indic\u00f3 que \u201ccomo unidad y como municipio en general, estamos s\u00faper contentos de tener como aliados al PER Turismo Ays\u00e9n y que les den la posibilidad a diferentes gu\u00edas de la comuna de poder entrenar y calificarse para poder tener estos certificados de WFR que son de car\u00e1cter internacional y los capacita para poder atender cualquier tipo de emergencia mientras est\u00e9n realizando sus actividades tur\u00edsticas\u201d.<\/p>\n<p style=\"text-align: justify;\">Mediante la otorgaci\u00f3n de fondos por parte del Gobierno Regional, a trav\u00e9s de Corfo Ays\u00e9n, es posible dar cumplimiento a uno de los ejes estrat\u00e9gicos \u00a0principales de la hoja de ruta del PER, que tiene por objetivo \u201cPotenciar el ecosistema de emprendimiento e innovaci\u00f3n en turismo de naturaleza y aventura\u201d, presentando instancias de apoyo a la formaci\u00f3n de capital humano calificado de nuestra regi\u00f3n, que d\u00eda a d\u00eda crece y se desarrolla como un destino de connotaci\u00f3n mundial en actividades \u00a0de naturaleza y aventura.<\/p>\n<\/div><\/section><\/div><div  style='height:50px' class='hr hr-invisible   avia-builder-el-6  el_after_av_one_full  el_before_av_social_share '><span class='hr-inner ' ><span class='hr-inner-style'><\/span><\/span><\/div><\/p>\n<div  class='av-social-sharing-box  avia-builder-el-7  el_after_av_hr  el_before_av_hr  '><div class='av-share-box'><h5 class='av-share-link-description av-no-toc '>Compartir esta noticia<\/h5><ul class='av-share-box-list noLightbox'><li class='av-share-link av-social-link-facebook' ><a target=\"_blank\" aria-label=\"Compartir en Facebook\" href='https:\/\/www.facebook.com\/sharer.php?u=https:\/\/radiorevelacionfm.cl\/?p=15073&#038;t=Gu%C3%ADas%20de%20turismo%20de%20la%20regi%C3%B3n%20de%20Ays%C3%A9n%20se%20certifican%20en%20primeros%20auxilios' aria-hidden='false' data-av_icon='\ue8f3' data-av_iconfont='entypo-fontello' title='' data-avia-related-tooltip='Compartir en Facebook' rel=\"noopener\"><span class='avia_hidden_link_text'>Compartir en Facebook<\/span><\/a><\/li><li class='av-share-link av-social-link-twitter' ><a target=\"_blank\" aria-label=\"Compartir en Twitter\" href='https:\/\/twitter.com\/share?text=Gu%C3%ADas%20de%20turismo%20de%20la%20regi%C3%B3n%20de%20Ays%C3%A9n%20se%20certifican%20en%20primeros%20auxilios&#038;url=https:\/\/radiorevelacionfm.cl\/?p=15073' aria-hidden='false' data-av_icon='\ue8f1' data-av_iconfont='entypo-fontello' title='' data-avia-related-tooltip='Compartir en Twitter' rel=\"noopener\"><span class='avia_hidden_link_text'>Compartir en Twitter<\/span><\/a><\/li><li class='av-share-link av-social-link-whatsapp' ><a target=\"_blank\" aria-label=\"Compartir en Whatsapp\" href='https:\/\/api.whatsapp.com\/send?text=https:\/\/radiorevelacionfm.cl\/?p=15073' aria-hidden='false' data-av_icon='\uf232' data-av_iconfont='entypo-fontello' title='' data-avia-related-tooltip='Compartir en Whatsapp' rel=\"noopener\"><span class='avia_hidden_link_text'>Compartir en Whatsapp<\/span><\/a><\/li><li class='av-share-link av-social-link-linkedin' ><a target=\"_blank\" aria-label=\"Compartir en LinkedIn\" href='https:\/\/linkedin.com\/shareArticle?mini=true&#038;title=Gu%C3%ADas%20de%20turismo%20de%20la%20regi%C3%B3n%20de%20Ays%C3%A9n%20se%20certifican%20en%20primeros%20auxilios&#038;url=https:\/\/radiorevelacionfm.cl\/?p=15073' aria-hidden='false' data-av_icon='\ue8fc' data-av_iconfont='entypo-fontello' title='' data-avia-related-tooltip='Compartir en LinkedIn' rel=\"noopener\"><span class='avia_hidden_link_text'>Compartir en LinkedIn<\/span><\/a><\/li><li class='av-share-link av-social-link-mail' ><a  aria-label=\"Compartir por correo\" href='mailto:?subject=Gu%C3%ADas%20de%20turismo%20de%20la%20regi%C3%B3n%20de%20Ays%C3%A9n%20se%20certifican%20en%20primeros%20auxilios&#038;body=https:\/\/radiorevelacionfm.cl\/?p=15073' aria-hidden='false' data-av_icon='\ue805' data-av_iconfont='entypo-fontello' title='' data-avia-related-tooltip='Compartir por correo'><span class='avia_hidden_link_text'>Compartir por correo<\/span><\/a><\/li><\/ul><\/div><\/div>\n<div  style='height:50px' class='hr hr-invisible   avia-builder-el-8  el_after_av_social_share  el_before_av_comments_list '><span class='hr-inner ' ><span class='hr-inner-style'><\/span><\/span><\/div>\n<div  class='av-buildercomment  av-blog-meta-html-info-disabled av-blog-meta-tag-disabled  '><\/div>\n","protected":false},"excerpt":{"rendered":"","protected":false},"author":1,"featured_media":15074,"comment_status":"open","ping_status":"open","sticky":false,"template":"","format":"standard","meta":{"footnotes":""},"categories":[54],"tags":[],"class_list":["post-15073","post","type-post","status-publish","format-standard","has-post-thumbnail","hentry","category-turismo"],"jetpack_featured_media_url":"https:\/\/radiorevelacionfm.cl\/wp-content\/uploads\/2022\/03\/Guias-de-Turismo-1-1.jpeg","_links":{"self":[{"href":"https:\/\/radiorevelacionfm.cl\/index.php?rest_route=\/wp\/v2\/posts\/15073","targetHints":{"allow":["GET"]}}],"collection":[{"href":"https:\/\/radiorevelacionfm.cl\/index.php?rest_route=\/wp\/v2\/posts"}],"about":[{"href":"https:\/\/radiorevelacionfm.cl\/index.php?rest_route=\/wp\/v2\/types\/post"}],"author":[{"embeddable":true,"href":"https:\/\/radiorevelacionfm.cl\/index.php?rest_route=\/wp\/v2\/users\/1"}],"replies":[{"embeddable":true,"href":"https:\/\/radiorevelacionfm.cl\/index.php?rest_route=%2Fwp%2Fv2%2Fcomments&post=15073"}],"version-history":[{"count":2,"href":"https:\/\/radiorevelacionfm.cl\/index.php?rest_route=\/wp\/v2\/posts\/15073\/revisions"}],"predecessor-version":[{"id":15082,"href":"https:\/\/radiorevelacionfm.cl\/index.php?rest_route=\/wp\/v2\/posts\/15073\/revisions\/15082"}],"wp:featuredmedia":[{"embeddable":true,"href":"https:\/\/radiorevelacionfm.cl\/index.php?rest_route=\/wp\/v2\/media\/15074"}],"wp:attachment":[{"href":"https:\/\/radiorevelacionfm.cl\/index.php?rest_route=%2Fwp%2Fv2%2Fmedia&parent=15073"}],"wp:term":[{"taxonomy":"category","embeddable":true,"href":"https:\/\/radiorevelacionfm.cl\/index.php?rest_route=%2Fwp%2Fv2%2Fcategories&post=15073"},{"taxonomy":"post_tag","embeddable":true,"href":"https:\/\/radiorevelacionfm.cl\/index.php?rest_route=%2Fwp%2Fv2%2Ftags&post=15073"}],"curies":[{"name":"wp","href":"https:\/\/api.w.org\/{rel}","templated":true}]}}