{"id":15069,"date":"2022-03-25T16:30:44","date_gmt":"2022-03-25T19:30:44","guid":{"rendered":"https:\/\/radiorevelacionfm.cl\/?p=15069"},"modified":"2022-03-25T16:30:44","modified_gmt":"2022-03-25T19:30:44","slug":"confirman-murcielagos-infectados-con-virus-de-la-rabia-salud-desarrolla-operativos-de-vacunacion-antirrabica-en-aysen","status":"publish","type":"post","link":"https:\/\/radiorevelacionfm.cl\/?p=15069","title":{"rendered":"Confirman murci\u00e9lagos infectados con virus de la rabia: Salud desarrolla operativos de vacunaci\u00f3n antirr\u00e1bica en Ays\u00e9n"},"content":{"rendered":"<div class=\"flex_column av_one_full  flex_column_div av-zero-column-padding first  avia-builder-el-0  el_before_av_one_full  avia-builder-el-first  \" style='border-radius:0px; '><div  class='avia-image-container  av-styling-    avia-builder-el-1  avia-builder-el-no-sibling  avia-align-center '  itemprop=\"image\" itemscope=\"itemscope\" itemtype=\"https:\/\/schema.org\/ImageObject\"  ><div class='avia-image-container-inner'><div class='avia-image-overlay-wrap'><img decoding=\"async\" class='wp-image-15070 avia-img-lazy-loading-not-15070 avia_image' src=\"https:\/\/radiorevelacionfm.cl\/wp-content\/uploads\/2022\/03\/vacunacion-antirrabica-1-1.jpg\" alt='' title='vacunaci\u00f3n antirr\u00e1bica (1) (1)' height=\"600\" width=\"901\"  itemprop=\"thumbnailUrl\" srcset=\"https:\/\/radiorevelacionfm.cl\/wp-content\/uploads\/2022\/03\/vacunacion-antirrabica-1-1.jpg 901w, https:\/\/radiorevelacionfm.cl\/wp-content\/uploads\/2022\/03\/vacunacion-antirrabica-1-1-300x200.jpg 300w, https:\/\/radiorevelacionfm.cl\/wp-content\/uploads\/2022\/03\/vacunacion-antirrabica-1-1-768x511.jpg 768w, https:\/\/radiorevelacionfm.cl\/wp-content\/uploads\/2022\/03\/vacunacion-antirrabica-1-1-705x469.jpg 705w, https:\/\/radiorevelacionfm.cl\/wp-content\/uploads\/2022\/03\/vacunacion-antirrabica-1-1-600x400.jpg 600w\" sizes=\"(max-width: 901px) 100vw, 901px\" \/><\/div><\/div><\/div><\/div><div class=\"flex_column av_one_full  flex_column_div av-zero-column-padding first  avia-builder-el-2  el_after_av_one_full  el_before_av_one_full  column-top-margin\" style='border-radius:0px; '><section class=\"av_textblock_section \"  itemscope=\"itemscope\" itemtype=\"https:\/\/schema.org\/BlogPosting\" itemprop=\"blogPost\" ><div class='avia_textblock  '   itemprop=\"text\" ><p style=\"text-align: center;\"><strong><span style=\"font-size: 18pt;\">Confirman murci\u00e9lagos infectados con virus de la rabia: Salud desarrolla operativos de vacunaci\u00f3n antirr\u00e1bica en Ays\u00e9n <\/span><\/strong><\/p>\n<div id=\"gtx-trans\" style=\"position: absolute; left: -50px; top: 4.31534px;\">\n<div class=\"gtx-trans-icon\"><\/div>\n<\/div>\n<\/div><\/section><\/div><div class=\"flex_column av_one_full  flex_column_div av-zero-column-padding first  avia-builder-el-4  el_after_av_one_full  el_before_av_hr  column-top-margin\" style='border-radius:0px; '><section class=\"av_textblock_section \"  itemscope=\"itemscope\" itemtype=\"https:\/\/schema.org\/BlogPosting\" itemprop=\"blogPost\" ><div class='avia_textblock  '   itemprop=\"text\" ><p style=\"text-align: justify;\">Con la confirmaci\u00f3n, por parte del Instituto de Salud P\u00fablica (ISP), de dos casos de murci\u00e9lagos con el virus de la rabia en la comuna de Ays\u00e9n, la unidad de zoonosis de la Seremi de Salud dio inicio a una serie de acciones destinadas al control de esta situaci\u00f3n con el fin de prevenir cualquier contingencia sanitaria que afecte a la poblaci\u00f3n como el catastro y vacunaci\u00f3n antirr\u00e1bica de las mascotas en los sectores donde se encontraron los murci\u00e9lagos.<\/p>\n<p style=\"text-align: justify;\">El primero de estos casos se detect\u00f3 en la ciudad de Puerto Ays\u00e9n, donde una mascota llev\u00f3 un murci\u00e9lago hasta su casa, donde afortunadamente los due\u00f1os del inmueble adoptaron las medidas preventivas, informando de este hecho a las autoridades sanitarias.\u00a0 As\u00ed lo detall\u00f3 Claudia \u00c1lvarez, M\u00e9dico Veterinaria Encargada de la Unidad de Zoonosis de la Seremi de Salud.\u00a0 \u201cNos contact\u00f3 una familia del centro de la ciudad, donde un\u00a0 gato captur\u00f3 un murci\u00e9lago vivo -la familia no tuvo contacto directo con el animal- encerr\u00e1ndolo en una caja y dando cuenta a la seremi de salud, donde se obtuvo una muestra que fue enviada al Instituto de Salud P\u00fablica quien confirm\u00f3 que el murci\u00e9lago estaba positivo al virus de la rabia. En forma inmediata, funcionarios de la Seremi de Salud se comunicaron con la familia, y al d\u00eda siguiente comenzamos con un trabajo para el control de esta enfermedad\u201d.<\/p>\n<p style=\"text-align: justify;\">En relaci\u00f3n a las acciones desarrolladas en Puerto Ays\u00e9n, la m\u00e9dico veterinaria indic\u00f3 que se efectu\u00f3 un proceso de vacunaci\u00f3n antirr\u00e1bica para las mascotas de toda el \u00e1rea donde se encontr\u00f3 el murci\u00e9lago positivo al virus de la rabia. \u201cLo que tenemos que hacer es vacunar a todas las mascotas (perros y gatos) alrededor de 200 metros\u00a0 alrededor de la casa, hay un equipo de m\u00e9dicos veterinarios vacunando en este sector y esperamos este viernes, terminar con el control de este foco de rabia. Los animales dom\u00e9sticos se pueden vacunar con la vacuna antirr\u00e1bica desde los dos meses de edad, porque los murci\u00e9lagos se alimentan solo de insectos, pero los gatos y perros pueden jugar con estos animales y ah\u00ed pueden adquirir el virus de la rabia, por eso es importante vacunarlos.\u00a0 Ahora si las personas encuentran un murci\u00e9lago en su casa, volando en forma err\u00e1tica durante el d\u00eda, lo ideal es no manipular el animal sin medidas preventivas como guantes por los dientes del murci\u00e9lago, y si es posible atraparlo en una caja o frasco sellado y dar cuenta a la Seremi de Salud\u201d.<\/p>\n<p style=\"text-align: justify;\">Similar operativo es el que se deber\u00e1 efectuar en la localidad de Ma\u00f1ihuales, donde el Instituto de Salud P\u00fablica confirm\u00f3 un segundo caso de rabia en un murci\u00e9lago durante la tarde de este jueves.\u00a0 Raz\u00f3n por la cual, se hace un llamado a la comunidad a estar atenta ante la presencia de murci\u00e9lagos durante la luz del d\u00eda, y la conducta de las mascotas que habitualmente cazan o juegan con estos animales, para que informen de esta situaci\u00f3n a la Seremi de Salud (67-2 261104 \/\/ 67 2 671010).<\/p>\n<p style=\"text-align: justify;\"><strong>Virus de la Rabia<\/strong><\/p>\n<p style=\"text-align: justify;\">La rabia es una enfermedad infecciosa producida por un virus que afecta el sistema nervioso del ser humano y de otros mam\u00edferos, pudiendo ser mortal. Adem\u00e1s de los perros y gatos, los murci\u00e9lagos pueden tener rabia y transmitirla a las personas. La transmisi\u00f3n al ser humano se produce por mordeduras o ara\u00f1azos profundos de un animal infectado. Dentro de los s\u00edntomas, se encuentran: Cansancio, Dolor de cabeza, Fiebre, Falta de apetito, Na\u00faseas, V\u00f3mitos (En caso de gravedad, desorientaci\u00f3n, convulsiones o par\u00e1lisis).<\/p>\n<p style=\"text-align: justify;\"><strong>C\u00f3mo reconocer a un animal dom\u00e9stico enfermo<\/strong><\/p>\n<p style=\"text-align: justify;\">.- Se vuelven agresivos.<\/p>\n<p style=\"text-align: justify;\">.- Sobrereacci\u00f3n ante cualquier est\u00edmulo.<\/p>\n<p style=\"text-align: justify;\">.- Pierden el sentido de orientaci\u00f3n.<\/p>\n<p style=\"text-align: justify;\">.- Atacan a otros animales y a las personas.<\/p>\n<p style=\"text-align: justify;\">.- En algunas oportunidades se acumula espuma en la boca.<\/p>\n<\/div><\/section><\/div><div  style='height:50px' class='hr hr-invisible   avia-builder-el-6  el_after_av_one_full  el_before_av_social_share '><span class='hr-inner ' ><span class='hr-inner-style'><\/span><\/span><\/div><\/p>\n<div  class='av-social-sharing-box  avia-builder-el-7  el_after_av_hr  el_before_av_hr  '><div class='av-share-box'><h5 class='av-share-link-description av-no-toc '>Compartir esta noticia<\/h5><ul class='av-share-box-list noLightbox'><li class='av-share-link av-social-link-facebook' ><a target=\"_blank\" aria-label=\"Compartir en Facebook\" href='https:\/\/www.facebook.com\/sharer.php?u=https:\/\/radiorevelacionfm.cl\/?p=15069&#038;t=Confirman%20murci%C3%A9lagos%20infectados%20con%20virus%20de%20la%20rabia%3A%20Salud%20desarrolla%20operativos%20de%20vacunaci%C3%B3n%20antirr%C3%A1bica%20en%20Ays%C3%A9n' aria-hidden='false' data-av_icon='\ue8f3' data-av_iconfont='entypo-fontello' title='' data-avia-related-tooltip='Compartir en Facebook' rel=\"noopener\"><span class='avia_hidden_link_text'>Compartir en Facebook<\/span><\/a><\/li><li class='av-share-link av-social-link-twitter' ><a target=\"_blank\" aria-label=\"Compartir en Twitter\" href='https:\/\/twitter.com\/share?text=Confirman%20murci%C3%A9lagos%20infectados%20con%20virus%20de%20la%20rabia%3A%20Salud%20desarrolla%20operativos%20de%20vacunaci%C3%B3n%20antirr%C3%A1bica%20en%20Ays%C3%A9n&#038;url=https:\/\/radiorevelacionfm.cl\/?p=15069' aria-hidden='false' data-av_icon='\ue8f1' data-av_iconfont='entypo-fontello' title='' data-avia-related-tooltip='Compartir en Twitter' rel=\"noopener\"><span class='avia_hidden_link_text'>Compartir en Twitter<\/span><\/a><\/li><li class='av-share-link av-social-link-whatsapp' ><a target=\"_blank\" aria-label=\"Compartir en Whatsapp\" href='https:\/\/api.whatsapp.com\/send?text=https:\/\/radiorevelacionfm.cl\/?p=15069' aria-hidden='false' data-av_icon='\uf232' data-av_iconfont='entypo-fontello' title='' data-avia-related-tooltip='Compartir en Whatsapp' rel=\"noopener\"><span class='avia_hidden_link_text'>Compartir en Whatsapp<\/span><\/a><\/li><li class='av-share-link av-social-link-linkedin' ><a target=\"_blank\" aria-label=\"Compartir en LinkedIn\" href='https:\/\/linkedin.com\/shareArticle?mini=true&#038;title=Confirman%20murci%C3%A9lagos%20infectados%20con%20virus%20de%20la%20rabia%3A%20Salud%20desarrolla%20operativos%20de%20vacunaci%C3%B3n%20antirr%C3%A1bica%20en%20Ays%C3%A9n&#038;url=https:\/\/radiorevelacionfm.cl\/?p=15069' aria-hidden='false' data-av_icon='\ue8fc' data-av_iconfont='entypo-fontello' title='' data-avia-related-tooltip='Compartir en LinkedIn' rel=\"noopener\"><span class='avia_hidden_link_text'>Compartir en LinkedIn<\/span><\/a><\/li><li class='av-share-link av-social-link-mail' ><a  aria-label=\"Compartir por correo\" href='mailto:?subject=Confirman%20murci%C3%A9lagos%20infectados%20con%20virus%20de%20la%20rabia%3A%20Salud%20desarrolla%20operativos%20de%20vacunaci%C3%B3n%20antirr%C3%A1bica%20en%20Ays%C3%A9n&#038;body=https:\/\/radiorevelacionfm.cl\/?p=15069' aria-hidden='false' data-av_icon='\ue805' data-av_iconfont='entypo-fontello' title='' data-avia-related-tooltip='Compartir por correo'><span class='avia_hidden_link_text'>Compartir por correo<\/span><\/a><\/li><\/ul><\/div><\/div>\n<div  style='height:50px' class='hr hr-invisible   avia-builder-el-8  el_after_av_social_share  el_before_av_comments_list '><span class='hr-inner ' ><span class='hr-inner-style'><\/span><\/span><\/div>\n<div  class='av-buildercomment  av-blog-meta-html-info-disabled av-blog-meta-tag-disabled  '><\/div>\n","protected":false},"excerpt":{"rendered":"","protected":false},"author":1,"featured_media":15070,"comment_status":"open","ping_status":"open","sticky":false,"template":"","format":"standard","meta":{"footnotes":""},"categories":[46],"tags":[],"class_list":["post-15069","post","type-post","status-publish","format-standard","has-post-thumbnail","hentry","category-salud"],"jetpack_featured_media_url":"https:\/\/radiorevelacionfm.cl\/wp-content\/uploads\/2022\/03\/vacunacion-antirrabica-1-1.jpg","_links":{"self":[{"href":"https:\/\/radiorevelacionfm.cl\/index.php?rest_route=\/wp\/v2\/posts\/15069","targetHints":{"allow":["GET"]}}],"collection":[{"href":"https:\/\/radiorevelacionfm.cl\/index.php?rest_route=\/wp\/v2\/posts"}],"about":[{"href":"https:\/\/radiorevelacionfm.cl\/index.php?rest_route=\/wp\/v2\/types\/post"}],"author":[{"embeddable":true,"href":"https:\/\/radiorevelacionfm.cl\/index.php?rest_route=\/wp\/v2\/users\/1"}],"replies":[{"embeddable":true,"href":"https:\/\/radiorevelacionfm.cl\/index.php?rest_route=%2Fwp%2Fv2%2Fcomments&post=15069"}],"version-history":[{"count":2,"href":"https:\/\/radiorevelacionfm.cl\/index.php?rest_route=\/wp\/v2\/posts\/15069\/revisions"}],"predecessor-version":[{"id":15072,"href":"https:\/\/radiorevelacionfm.cl\/index.php?rest_route=\/wp\/v2\/posts\/15069\/revisions\/15072"}],"wp:featuredmedia":[{"embeddable":true,"href":"https:\/\/radiorevelacionfm.cl\/index.php?rest_route=\/wp\/v2\/media\/15070"}],"wp:attachment":[{"href":"https:\/\/radiorevelacionfm.cl\/index.php?rest_route=%2Fwp%2Fv2%2Fmedia&parent=15069"}],"wp:term":[{"taxonomy":"category","embeddable":true,"href":"https:\/\/radiorevelacionfm.cl\/index.php?rest_route=%2Fwp%2Fv2%2Fcategories&post=15069"},{"taxonomy":"post_tag","embeddable":true,"href":"https:\/\/radiorevelacionfm.cl\/index.php?rest_route=%2Fwp%2Fv2%2Ftags&post=15069"}],"curies":[{"name":"wp","href":"https:\/\/api.w.org\/{rel}","templated":true}]}}