{"id":15063,"date":"2022-03-28T12:18:34","date_gmt":"2022-03-28T15:18:34","guid":{"rendered":"https:\/\/radiorevelacionfm.cl\/?p=15063"},"modified":"2022-03-28T12:18:34","modified_gmt":"2022-03-28T15:18:34","slug":"presentan-plan-de-fortalecimiento-de-matricula-en-coordinacion-con-distintas-organizaciones","status":"publish","type":"post","link":"https:\/\/radiorevelacionfm.cl\/?p=15063","title":{"rendered":"Presentan Plan de Fortalecimiento de Matr\u00edcula en coordinaci\u00f3n con distintas organizaciones"},"content":{"rendered":"<div class=\"flex_column av_one_full  flex_column_div av-zero-column-padding first  avia-builder-el-0  el_before_av_one_full  avia-builder-el-first  \" style='border-radius:0px; '><div  class='avia-image-container  av-styling-    avia-builder-el-1  avia-builder-el-no-sibling  avia-align-center '  itemprop=\"image\" itemscope=\"itemscope\" itemtype=\"https:\/\/schema.org\/ImageObject\"  ><div class='avia-image-container-inner'><div class='avia-image-overlay-wrap'><img decoding=\"async\" class='wp-image-15064 avia-img-lazy-loading-not-15064 avia_image' src=\"https:\/\/radiorevelacionfm.cl\/wp-content\/uploads\/2022\/03\/25_03_2-1-1.jpg\" alt='' title='25_03_2 (1) (1)' height=\"600\" width=\"900\"  itemprop=\"thumbnailUrl\" srcset=\"https:\/\/radiorevelacionfm.cl\/wp-content\/uploads\/2022\/03\/25_03_2-1-1.jpg 900w, https:\/\/radiorevelacionfm.cl\/wp-content\/uploads\/2022\/03\/25_03_2-1-1-300x200.jpg 300w, https:\/\/radiorevelacionfm.cl\/wp-content\/uploads\/2022\/03\/25_03_2-1-1-768x512.jpg 768w, https:\/\/radiorevelacionfm.cl\/wp-content\/uploads\/2022\/03\/25_03_2-1-1-705x470.jpg 705w, https:\/\/radiorevelacionfm.cl\/wp-content\/uploads\/2022\/03\/25_03_2-1-1-600x400.jpg 600w\" sizes=\"(max-width: 900px) 100vw, 900px\" \/><\/div><\/div><\/div><\/div><div class=\"flex_column av_one_full  flex_column_div av-zero-column-padding first  avia-builder-el-2  el_after_av_one_full  el_before_av_one_full  column-top-margin\" style='border-radius:0px; '><section class=\"av_textblock_section \"  itemscope=\"itemscope\" itemtype=\"https:\/\/schema.org\/BlogPosting\" itemprop=\"blogPost\" ><div class='avia_textblock  '   itemprop=\"text\" ><p style=\"text-align: center;\"><strong><span style=\"font-size: 18pt;\">Presentan Plan de Fortalecimiento de Matr\u00edcula en coordinaci\u00f3n con distintas organizaciones<\/span><\/strong><\/p>\n<div id=\"gtx-trans\" style=\"position: absolute; left: -50px; top: 4.31534px;\">\n<div class=\"gtx-trans-icon\"><\/div>\n<\/div>\n<\/div><\/section><\/div><div class=\"flex_column av_one_full  flex_column_div av-zero-column-padding first  avia-builder-el-4  el_after_av_one_full  el_before_av_hr  column-top-margin\" style='border-radius:0px; '><section class=\"av_textblock_section \"  itemscope=\"itemscope\" itemtype=\"https:\/\/schema.org\/BlogPosting\" itemprop=\"blogPost\" ><div class='avia_textblock  '   itemprop=\"text\" ><p class=\"v1MsoNormal\" style=\"text-align: justify;\"><span lang=\"ES\">Ante la falta de cupos en establecimientos educacionales que reciben recursos p\u00fablicos en distintas comunas del pa\u00eds, el Ministerio de Educaci\u00f3n present\u00f3 el Plan Fortalecimiento de Matr\u00edcula e inici\u00f3 un trabajo conjunto con la Asociaci\u00f3n Chilena de Municipalidades, la Subsecretar\u00eda de la Ni\u00f1ez y el Colegio de Profesores con el prop\u00f3sito de entregar soluci\u00f3n ante esta problem\u00e1tica que afecta a muchas familias.<\/span><\/p>\n<p class=\"v1MsoNormal\" style=\"text-align: justify;\"><span lang=\"ES\">En la instancia, el subsecretario de Educaci\u00f3n, Nicol\u00e1s Cataldo, se\u00f1al\u00f3 que \u2018\u2019hemos abordado la problem\u00e1tica de la cobertura escolar y estamos trabajando por el d\u00e9ficit de matr\u00edcula. Ya hemos trazado una estrategia que vamos a articular junto con los municipios y con los Servicios Locales de Educaci\u00f3n con el prop\u00f3sito de ampliar la cobertura en la educaci\u00f3n p\u00fablica, desplegar a nuestros equipos en distintos lugares del pa\u00eds. Esta estrategia tambi\u00e9n contempla a mediano plazo la inversi\u00f3n en infraestructura para poder habilitar espacios educativos que nos permitan llegar el pr\u00f3ximo a\u00f1o sin esta problem\u00e1tica. Para nuestro gobierno la educaci\u00f3n p\u00fablica es una prioridad\u2019\u2019.<\/span><\/p>\n<p class=\"v1MsoNormal\" style=\"text-align: justify;\"><span lang=\"ES\">En la reuni\u00f3n participaron el presidente de la Asociaci\u00f3n Chilena de Municipalidades (AChM) y alcalde de Huechuraba, Carlos Cuadrado; la subsecretaria de la Ni\u00f1ez, Roc\u00edo Fa\u00fandez; y el Presidente del Colegio de Profesores, Carlos D\u00edaz, quienes junto al subsecretario de Educaci\u00f3n, Nicol\u00e1s Cataldo, iniciaron esta mesa de trabajo. Tambi\u00e9n participaron de la instancia el alcalde de Pelarco, Bernardo V\u00e1squez, y el alcalde de Lo Prado, Maximiliano R\u00edos, que integran la Comisi\u00f3n de Educaci\u00f3n de la AChM.<\/span><\/p>\n<p class=\"v1MsoNormal\" style=\"text-align: justify;\"><b><span lang=\"ES\">Principales medidas del Plan de Fortalecimiento de Matr\u00edcula<\/span><\/b><\/p>\n<p class=\"v1MsoNormal\" style=\"text-align: justify;\"><span lang=\"ES\">&#8211; Desde el 21 de marzo est\u00e1 a disposici\u00f3n de las familias una nueva plataforma:\u00a0<\/span><span lang=\"ES\"><a href=\"https:\/\/vacantes.mineduc.cl\/\" target=\"_blank\" rel=\"noopener noreferrer\">https:\/\/vacantes.mineduc.cl\/<\/a><\/span><span lang=\"ES\">, en la que las y los apoderados pueden conocer las vacantes informadas por los establecimientos que pueden ser filtradas por regi\u00f3n, comuna y nivel educacional. Esta plataforma permite contactar a las familias cuando se liberen cupos en la comuna y nivel que hayan seleccionado, con lo que se evita que deban trasladarse de forma presencial a las Seremis de su regi\u00f3n.<\/span><\/p>\n<p class=\"v1MsoNormal\" style=\"text-align: justify;\"><span lang=\"ES\">&#8211; Posibilidad de crecimiento de cupos en establecimientos educacionales que reciben aportes del Estado con foco especial en zonas donde se ha detectado mayor demanda de matr\u00edcula. A lo largo del pa\u00eds, este plan implica un trabajo territorial para agilizar la solicitud de ampliaci\u00f3n de cupos en m\u00e1s de 800 establecimientos. Este tr\u00e1mite lo solicita cada establecimiento al Mineduc.<\/span><\/p>\n<p class=\"v1MsoNormal\" style=\"text-align: justify;\"><span lang=\"ES\">&#8211; Se puso en marcha un plan de mediano plazo que permitir\u00e1 ir levantando informaci\u00f3n desde el Sistema de Admisi\u00f3n Escolar (SAE) sobre el estado de la oferta y demanda de matr\u00edcula con el objetivo de buscar soluciones junto a sostenedores para asegurar cupos que permitan resguardar el derecho a la educaci\u00f3n de ni\u00f1os, ni\u00f1as y adolescentes. Adem\u00e1s, se levantar\u00e1 un plan de infraestructura focalizada para las comunas donde se requiere ampliar la cobertura.<\/span><\/p>\n<p class=\"v1MsoNormal\" style=\"text-align: justify;\"><span lang=\"ES\">En la reuni\u00f3n tambi\u00e9n se abordaron los hechos de violencia ocurridos en los establecimientos educacionales en las \u00faltimas semanas. Al respecto, el subsecretario Nicol\u00e1s Cataldo se\u00f1al\u00f3 que \u2018\u2019las escuelas tienen que ser un espacio seguro y de protecci\u00f3n. Trabajaremos en una estrategia que daremos a conocer pr\u00f3ximamente y que tiene como foco la entrega de capacidades al sistema, fortaleciendo la convivencia escolar\u2019\u2019.<\/span><\/p>\n<p class=\"v1MsoNormal\" style=\"text-align: justify;\"><span lang=\"ES\">Sobre c\u00f3mo se enfrentar\u00e1 el tema desde el Mineduc, el subsecretario sostuvo que \u201cla pr\u00f3xima semana van a estar a disposici\u00f3n materiales y orientaciones a todas las comunidades educativas. Adem\u00e1s, vamos a iniciar un proceso de inversi\u00f3n de recursos para disponerlo hacia las l\u00edneas de convivencia en el trabajo directo con instituciones de educaci\u00f3n superior y otras entidades que nos van a acompa\u00f1ar en la entrega de capacitaci\u00f3n a las comunidades, profesores, asistentes de educaci\u00f3n, padres, madres, apoderados y estudiantes\u201d.<\/span><\/p>\n<p class=\"v1MsoNormal\" style=\"text-align: justify;\"><span lang=\"ES\">\u00a0<\/span><\/p>\n<\/div><\/section><\/div><div  style='height:50px' class='hr hr-invisible   avia-builder-el-6  el_after_av_one_full  el_before_av_social_share '><span class='hr-inner ' ><span class='hr-inner-style'><\/span><\/span><\/div><\/p>\n<div  class='av-social-sharing-box  avia-builder-el-7  el_after_av_hr  el_before_av_hr  '><div class='av-share-box'><h5 class='av-share-link-description av-no-toc '>Compartir esta noticia<\/h5><ul class='av-share-box-list noLightbox'><li class='av-share-link av-social-link-facebook' ><a target=\"_blank\" aria-label=\"Compartir en Facebook\" href='https:\/\/www.facebook.com\/sharer.php?u=https:\/\/radiorevelacionfm.cl\/?p=15063&#038;t=Presentan%20Plan%20de%20Fortalecimiento%20de%20Matr%C3%ADcula%20en%20coordinaci%C3%B3n%20con%20distintas%20organizaciones' aria-hidden='false' data-av_icon='\ue8f3' data-av_iconfont='entypo-fontello' title='' data-avia-related-tooltip='Compartir en Facebook' rel=\"noopener\"><span class='avia_hidden_link_text'>Compartir en Facebook<\/span><\/a><\/li><li class='av-share-link av-social-link-twitter' ><a target=\"_blank\" aria-label=\"Compartir en Twitter\" href='https:\/\/twitter.com\/share?text=Presentan%20Plan%20de%20Fortalecimiento%20de%20Matr%C3%ADcula%20en%20coordinaci%C3%B3n%20con%20distintas%20organizaciones&#038;url=https:\/\/radiorevelacionfm.cl\/?p=15063' aria-hidden='false' data-av_icon='\ue8f1' data-av_iconfont='entypo-fontello' title='' data-avia-related-tooltip='Compartir en Twitter' rel=\"noopener\"><span class='avia_hidden_link_text'>Compartir en Twitter<\/span><\/a><\/li><li class='av-share-link av-social-link-whatsapp' ><a target=\"_blank\" aria-label=\"Compartir en Whatsapp\" href='https:\/\/api.whatsapp.com\/send?text=https:\/\/radiorevelacionfm.cl\/?p=15063' aria-hidden='false' data-av_icon='\uf232' data-av_iconfont='entypo-fontello' title='' data-avia-related-tooltip='Compartir en Whatsapp' rel=\"noopener\"><span class='avia_hidden_link_text'>Compartir en Whatsapp<\/span><\/a><\/li><li class='av-share-link av-social-link-linkedin' ><a target=\"_blank\" aria-label=\"Compartir en LinkedIn\" href='https:\/\/linkedin.com\/shareArticle?mini=true&#038;title=Presentan%20Plan%20de%20Fortalecimiento%20de%20Matr%C3%ADcula%20en%20coordinaci%C3%B3n%20con%20distintas%20organizaciones&#038;url=https:\/\/radiorevelacionfm.cl\/?p=15063' aria-hidden='false' data-av_icon='\ue8fc' data-av_iconfont='entypo-fontello' title='' data-avia-related-tooltip='Compartir en LinkedIn' rel=\"noopener\"><span class='avia_hidden_link_text'>Compartir en LinkedIn<\/span><\/a><\/li><li class='av-share-link av-social-link-mail' ><a  aria-label=\"Compartir por correo\" href='mailto:?subject=Presentan%20Plan%20de%20Fortalecimiento%20de%20Matr%C3%ADcula%20en%20coordinaci%C3%B3n%20con%20distintas%20organizaciones&#038;body=https:\/\/radiorevelacionfm.cl\/?p=15063' aria-hidden='false' data-av_icon='\ue805' data-av_iconfont='entypo-fontello' title='' data-avia-related-tooltip='Compartir por correo'><span class='avia_hidden_link_text'>Compartir por correo<\/span><\/a><\/li><\/ul><\/div><\/div>\n<div  style='height:50px' class='hr hr-invisible   avia-builder-el-8  el_after_av_social_share  el_before_av_comments_list '><span class='hr-inner ' ><span class='hr-inner-style'><\/span><\/span><\/div>\n<div  class='av-buildercomment  av-blog-meta-html-info-disabled av-blog-meta-tag-disabled  '><\/div>\n","protected":false},"excerpt":{"rendered":"","protected":false},"author":1,"featured_media":15064,"comment_status":"open","ping_status":"open","sticky":false,"template":"","format":"standard","meta":{"footnotes":""},"categories":[49],"tags":[],"class_list":["post-15063","post","type-post","status-publish","format-standard","has-post-thumbnail","hentry","category-educacion"],"jetpack_featured_media_url":"https:\/\/radiorevelacionfm.cl\/wp-content\/uploads\/2022\/03\/25_03_2-1-1.jpg","_links":{"self":[{"href":"https:\/\/radiorevelacionfm.cl\/index.php?rest_route=\/wp\/v2\/posts\/15063","targetHints":{"allow":["GET"]}}],"collection":[{"href":"https:\/\/radiorevelacionfm.cl\/index.php?rest_route=\/wp\/v2\/posts"}],"about":[{"href":"https:\/\/radiorevelacionfm.cl\/index.php?rest_route=\/wp\/v2\/types\/post"}],"author":[{"embeddable":true,"href":"https:\/\/radiorevelacionfm.cl\/index.php?rest_route=\/wp\/v2\/users\/1"}],"replies":[{"embeddable":true,"href":"https:\/\/radiorevelacionfm.cl\/index.php?rest_route=%2Fwp%2Fv2%2Fcomments&post=15063"}],"version-history":[{"count":2,"href":"https:\/\/radiorevelacionfm.cl\/index.php?rest_route=\/wp\/v2\/posts\/15063\/revisions"}],"predecessor-version":[{"id":15121,"href":"https:\/\/radiorevelacionfm.cl\/index.php?rest_route=\/wp\/v2\/posts\/15063\/revisions\/15121"}],"wp:featuredmedia":[{"embeddable":true,"href":"https:\/\/radiorevelacionfm.cl\/index.php?rest_route=\/wp\/v2\/media\/15064"}],"wp:attachment":[{"href":"https:\/\/radiorevelacionfm.cl\/index.php?rest_route=%2Fwp%2Fv2%2Fmedia&parent=15063"}],"wp:term":[{"taxonomy":"category","embeddable":true,"href":"https:\/\/radiorevelacionfm.cl\/index.php?rest_route=%2Fwp%2Fv2%2Fcategories&post=15063"},{"taxonomy":"post_tag","embeddable":true,"href":"https:\/\/radiorevelacionfm.cl\/index.php?rest_route=%2Fwp%2Fv2%2Ftags&post=15063"}],"curies":[{"name":"wp","href":"https:\/\/api.w.org\/{rel}","templated":true}]}}