{"id":15056,"date":"2022-03-25T18:02:27","date_gmt":"2022-03-25T21:02:27","guid":{"rendered":"https:\/\/radiorevelacionfm.cl\/?p=15056"},"modified":"2022-03-25T18:02:27","modified_gmt":"2022-03-25T21:02:27","slug":"universidad-de-aysen-licita-por-segunda-vez-su-primer-proyecto-de-edificio-aulario","status":"publish","type":"post","link":"https:\/\/radiorevelacionfm.cl\/?p=15056","title":{"rendered":"Universidad de Ays\u00e9n licita por segunda vez su primer proyecto de edificio aulario"},"content":{"rendered":"<div class=\"flex_column av_one_full  flex_column_div av-zero-column-padding first  avia-builder-el-0  el_before_av_one_full  avia-builder-el-first  \" style='border-radius:0px; '><div  class='avia-image-container  av-styling-    avia-builder-el-1  avia-builder-el-no-sibling  avia-align-center '  itemprop=\"image\" itemscope=\"itemscope\" itemtype=\"https:\/\/schema.org\/ImageObject\"  ><div class='avia-image-container-inner'><div class='avia-image-overlay-wrap'><img decoding=\"async\" class='wp-image-15057 avia-img-lazy-loading-not-15057 avia_image' src=\"https:\/\/radiorevelacionfm.cl\/wp-content\/uploads\/2022\/03\/campus-coyhaique-alto-1_optimized.jpg\" alt='' title='campus-coyhaique-alto-(1)_optimized' height=\"600\" width=\"1007\"  itemprop=\"thumbnailUrl\" srcset=\"https:\/\/radiorevelacionfm.cl\/wp-content\/uploads\/2022\/03\/campus-coyhaique-alto-1_optimized.jpg 1007w, https:\/\/radiorevelacionfm.cl\/wp-content\/uploads\/2022\/03\/campus-coyhaique-alto-1_optimized-300x179.jpg 300w, https:\/\/radiorevelacionfm.cl\/wp-content\/uploads\/2022\/03\/campus-coyhaique-alto-1_optimized-768x458.jpg 768w, https:\/\/radiorevelacionfm.cl\/wp-content\/uploads\/2022\/03\/campus-coyhaique-alto-1_optimized-705x420.jpg 705w, https:\/\/radiorevelacionfm.cl\/wp-content\/uploads\/2022\/03\/campus-coyhaique-alto-1_optimized-600x357.jpg 600w\" sizes=\"(max-width: 1007px) 100vw, 1007px\" \/><\/div><\/div><\/div><\/div><div class=\"flex_column av_one_full  flex_column_div av-zero-column-padding first  avia-builder-el-2  el_after_av_one_full  el_before_av_one_full  column-top-margin\" style='border-radius:0px; '><section class=\"av_textblock_section \"  itemscope=\"itemscope\" itemtype=\"https:\/\/schema.org\/BlogPosting\" itemprop=\"blogPost\" ><div class='avia_textblock  '   itemprop=\"text\" ><p style=\"text-align: center;\"><span style=\"font-size: 18pt;\"><strong>Universidad de Ays\u00e9n licita por segunda vez su primer proyecto de edificio aulario<\/strong><\/span><\/p>\n<div id=\"gtx-trans\" style=\"position: absolute; left: -50px; top: 4.31534px;\">\n<div class=\"gtx-trans-icon\"><\/div>\n<\/div>\n<\/div><\/section><\/div><div class=\"flex_column av_one_full  flex_column_div av-zero-column-padding first  avia-builder-el-4  el_after_av_one_full  el_before_av_hr  column-top-margin\" style='border-radius:0px; '><section class=\"av_textblock_section \"  itemscope=\"itemscope\" itemtype=\"https:\/\/schema.org\/BlogPosting\" itemprop=\"blogPost\" ><div class='avia_textblock  '   itemprop=\"text\" ><p style=\"text-align: justify;\">Como parte de los avances en la infraestructura de la universidad, el pasado 28 de febrero ingres\u00f3 al portal Mercado P\u00fablico la licitaci\u00f3n del proyecto \u201cConstrucci\u00f3n Edificio Aulario Universidad de Ays\u00e9n\u201d, que permitir\u00e1 que las empresas inscritas en el Registro de Contratistas de obras mayores en primera y segunda categor\u00eda del MOP puedan estudiar los antecedentes t\u00e9cnicos necesarios para realizar su oferta hasta el 30 de mayo,\u00a0 fecha de apertura, \u00a0en que se deber\u00eda disponer de las propuestas para la licitaci\u00f3n p\u00fablica.<\/p>\n<p style=\"text-align: justify;\">Cabe se\u00f1alar que este ansiado proyecto de la Universidad ya se hab\u00eda licitado por primera vez durante el a\u00f1o 2021, sin embargo, no tuvo un resultado favorable dado que las empresas que postularon a la licitaci\u00f3n p\u00fablica, presentaron valores superiores al presupuesto disponible por la Universidad de Ays\u00e9n.<\/p>\n<p style=\"text-align: justify;\">Boris L\u00f3pez Bravo, Director de Administraci\u00f3n y Finanzas de la UAys\u00e9n, destaca que \u201cel proyecto considera un edificio de tres pisos con una superficie de 3.492 m<sup>2<\/sup>, que permitir\u00e1 disponer de 20 salas de clases, cuatro laboratorios de docencia, seis salas de tutor\u00eda, biblioteca, cafeter\u00eda y el espacio de oficinas para 38 acad\u00e9micos y acad\u00e9micas e implica un costo cercano a los 8.000 millones de pesos con financiamiento institucional\u201d, coment\u00f3.<\/p>\n<p style=\"text-align: justify;\">El edificio estar\u00e1 emplazado en el terreno de 24 hect\u00e1reas de la Universidad de Ays\u00e9n, en la prolongaci\u00f3n de calle Baquedano, al lado del Museo Regional y frente a las instalaciones de la Universidad Austral, con lo que proyecta considerar un interesante espacio universitario y patrimonial, en un ambiente de plena naturaleza, a un costado del R\u00edo Coyhaique.<\/p>\n<p style=\"text-align: justify;\">Natacha Pino Acu\u00f1a, rectora de la UAys\u00e9n, releva que \u201cestamos muy esperanzados en lograr adjudicar nuestro proyecto y luego de la primera experiencia de licitaci\u00f3n, hemos realizado gestiones que resultaron exitosas, con el Ministerio de Educaci\u00f3n para incrementar el presupuesto, de tal forma de ajustar nuestros valores a la nueva realidad de costos que se observa luego de la Pandemia. As\u00ed tambi\u00e9n, nuestro equipo de infraestructura ha realizado modificaciones de partidas, a objeto de disminuir el costo del proyecto, pero sin afectar a la superficie edificada, sino que buscando mayor eficiencia en la ejecuci\u00f3n y operaci\u00f3n de este proyecto\u201d, se\u00f1al\u00f3.<\/p>\n<p style=\"text-align: justify;\">En paralelo, la Universidad de Ays\u00e9n se encuentra culminando el dise\u00f1o de un segundo edificio institucional con m\u00e1s de 7.000 m2 y cuyo financiamiento de dise\u00f1o ha sido asumido por el Gobierno Regional de Ays\u00e9n y la ejecuci\u00f3n de las obras est\u00e1 contemplada entre los compromisos del Plan Especial de Zonas Extremas (PEDZE), con un monto aproximado de 11.000 millones de pesos.<\/p>\n<\/div><\/section><\/div><div  style='height:50px' class='hr hr-invisible   avia-builder-el-6  el_after_av_one_full  el_before_av_social_share '><span class='hr-inner ' ><span class='hr-inner-style'><\/span><\/span><\/div><\/p>\n<div  class='av-social-sharing-box  avia-builder-el-7  el_after_av_hr  el_before_av_hr  '><div class='av-share-box'><h5 class='av-share-link-description av-no-toc '>Compartir esta noticia<\/h5><ul class='av-share-box-list noLightbox'><li class='av-share-link av-social-link-facebook' ><a target=\"_blank\" aria-label=\"Compartir en Facebook\" href='https:\/\/www.facebook.com\/sharer.php?u=https:\/\/radiorevelacionfm.cl\/?p=15056&#038;t=Universidad%20de%20Ays%C3%A9n%20licita%20por%20segunda%20vez%20su%20primer%20proyecto%20de%20edificio%20aulario' aria-hidden='false' data-av_icon='\ue8f3' data-av_iconfont='entypo-fontello' title='' data-avia-related-tooltip='Compartir en Facebook' rel=\"noopener\"><span class='avia_hidden_link_text'>Compartir en Facebook<\/span><\/a><\/li><li class='av-share-link av-social-link-twitter' ><a target=\"_blank\" aria-label=\"Compartir en Twitter\" href='https:\/\/twitter.com\/share?text=Universidad%20de%20Ays%C3%A9n%20licita%20por%20segunda%20vez%20su%20primer%20proyecto%20de%20edificio%20aulario&#038;url=https:\/\/radiorevelacionfm.cl\/?p=15056' aria-hidden='false' data-av_icon='\ue8f1' data-av_iconfont='entypo-fontello' title='' data-avia-related-tooltip='Compartir en Twitter' rel=\"noopener\"><span class='avia_hidden_link_text'>Compartir en Twitter<\/span><\/a><\/li><li class='av-share-link av-social-link-whatsapp' ><a target=\"_blank\" aria-label=\"Compartir en Whatsapp\" href='https:\/\/api.whatsapp.com\/send?text=https:\/\/radiorevelacionfm.cl\/?p=15056' aria-hidden='false' data-av_icon='\uf232' data-av_iconfont='entypo-fontello' title='' data-avia-related-tooltip='Compartir en Whatsapp' rel=\"noopener\"><span class='avia_hidden_link_text'>Compartir en Whatsapp<\/span><\/a><\/li><li class='av-share-link av-social-link-linkedin' ><a target=\"_blank\" aria-label=\"Compartir en LinkedIn\" href='https:\/\/linkedin.com\/shareArticle?mini=true&#038;title=Universidad%20de%20Ays%C3%A9n%20licita%20por%20segunda%20vez%20su%20primer%20proyecto%20de%20edificio%20aulario&#038;url=https:\/\/radiorevelacionfm.cl\/?p=15056' aria-hidden='false' data-av_icon='\ue8fc' data-av_iconfont='entypo-fontello' title='' data-avia-related-tooltip='Compartir en LinkedIn' rel=\"noopener\"><span class='avia_hidden_link_text'>Compartir en LinkedIn<\/span><\/a><\/li><li class='av-share-link av-social-link-mail' ><a  aria-label=\"Compartir por correo\" href='mailto:?subject=Universidad%20de%20Ays%C3%A9n%20licita%20por%20segunda%20vez%20su%20primer%20proyecto%20de%20edificio%20aulario&#038;body=https:\/\/radiorevelacionfm.cl\/?p=15056' aria-hidden='false' data-av_icon='\ue805' data-av_iconfont='entypo-fontello' title='' data-avia-related-tooltip='Compartir por correo'><span class='avia_hidden_link_text'>Compartir por correo<\/span><\/a><\/li><\/ul><\/div><\/div>\n<div  style='height:50px' class='hr hr-invisible   avia-builder-el-8  el_after_av_social_share  el_before_av_comments_list '><span class='hr-inner ' ><span class='hr-inner-style'><\/span><\/span><\/div>\n<div  class='av-buildercomment  av-blog-meta-html-info-disabled av-blog-meta-tag-disabled  '><\/div>\n","protected":false},"excerpt":{"rendered":"","protected":false},"author":1,"featured_media":15057,"comment_status":"open","ping_status":"open","sticky":false,"template":"","format":"standard","meta":{"footnotes":""},"categories":[49],"tags":[],"class_list":["post-15056","post","type-post","status-publish","format-standard","has-post-thumbnail","hentry","category-educacion"],"jetpack_featured_media_url":"https:\/\/radiorevelacionfm.cl\/wp-content\/uploads\/2022\/03\/campus-coyhaique-alto-1_optimized.jpg","_links":{"self":[{"href":"https:\/\/radiorevelacionfm.cl\/index.php?rest_route=\/wp\/v2\/posts\/15056","targetHints":{"allow":["GET"]}}],"collection":[{"href":"https:\/\/radiorevelacionfm.cl\/index.php?rest_route=\/wp\/v2\/posts"}],"about":[{"href":"https:\/\/radiorevelacionfm.cl\/index.php?rest_route=\/wp\/v2\/types\/post"}],"author":[{"embeddable":true,"href":"https:\/\/radiorevelacionfm.cl\/index.php?rest_route=\/wp\/v2\/users\/1"}],"replies":[{"embeddable":true,"href":"https:\/\/radiorevelacionfm.cl\/index.php?rest_route=%2Fwp%2Fv2%2Fcomments&post=15056"}],"version-history":[{"count":2,"href":"https:\/\/radiorevelacionfm.cl\/index.php?rest_route=\/wp\/v2\/posts\/15056\/revisions"}],"predecessor-version":[{"id":15079,"href":"https:\/\/radiorevelacionfm.cl\/index.php?rest_route=\/wp\/v2\/posts\/15056\/revisions\/15079"}],"wp:featuredmedia":[{"embeddable":true,"href":"https:\/\/radiorevelacionfm.cl\/index.php?rest_route=\/wp\/v2\/media\/15057"}],"wp:attachment":[{"href":"https:\/\/radiorevelacionfm.cl\/index.php?rest_route=%2Fwp%2Fv2%2Fmedia&parent=15056"}],"wp:term":[{"taxonomy":"category","embeddable":true,"href":"https:\/\/radiorevelacionfm.cl\/index.php?rest_route=%2Fwp%2Fv2%2Fcategories&post=15056"},{"taxonomy":"post_tag","embeddable":true,"href":"https:\/\/radiorevelacionfm.cl\/index.php?rest_route=%2Fwp%2Fv2%2Ftags&post=15056"}],"curies":[{"name":"wp","href":"https:\/\/api.w.org\/{rel}","templated":true}]}}