{"id":15053,"date":"2022-03-26T12:08:44","date_gmt":"2022-03-26T15:08:44","guid":{"rendered":"https:\/\/radiorevelacionfm.cl\/?p=15053"},"modified":"2022-03-26T12:52:33","modified_gmt":"2022-03-26T15:52:33","slug":"ministerio-de-educacion-inicia-trabajo-de-coordinacion-con-red-de-centros-de-formacion-tecnica-estatales","status":"publish","type":"post","link":"https:\/\/radiorevelacionfm.cl\/?p=15053","title":{"rendered":"Ministerio de Educaci\u00f3n inicia trabajo de coordinaci\u00f3n con red de Centros de Formaci\u00f3n T\u00e9cnica Estatales"},"content":{"rendered":"<div class=\"flex_column av_one_full  flex_column_div av-zero-column-padding first  avia-builder-el-0  el_before_av_one_full  avia-builder-el-first  \" style='border-radius:0px; '><div  class='avia-image-container  av-styling-    avia-builder-el-1  avia-builder-el-no-sibling  avia-align-center '  itemprop=\"image\" itemscope=\"itemscope\" itemtype=\"https:\/\/schema.org\/ImageObject\"  ><div class='avia-image-container-inner'><div class='avia-image-overlay-wrap'><img decoding=\"async\" class='wp-image-15087 avia-img-lazy-loading-not-15087 avia_image' src=\"https:\/\/radiorevelacionfm.cl\/wp-content\/uploads\/2022\/03\/encuentro-cfts-2_optimized.jpeg\" alt='' title='encuentro-cfts-(2)_optimized' height=\"600\" width=\"1019\"  itemprop=\"thumbnailUrl\" srcset=\"https:\/\/radiorevelacionfm.cl\/wp-content\/uploads\/2022\/03\/encuentro-cfts-2_optimized.jpeg 1019w, https:\/\/radiorevelacionfm.cl\/wp-content\/uploads\/2022\/03\/encuentro-cfts-2_optimized-300x177.jpeg 300w, https:\/\/radiorevelacionfm.cl\/wp-content\/uploads\/2022\/03\/encuentro-cfts-2_optimized-768x452.jpeg 768w, https:\/\/radiorevelacionfm.cl\/wp-content\/uploads\/2022\/03\/encuentro-cfts-2_optimized-705x415.jpeg 705w, https:\/\/radiorevelacionfm.cl\/wp-content\/uploads\/2022\/03\/encuentro-cfts-2_optimized-600x353.jpeg 600w\" sizes=\"(max-width: 1019px) 100vw, 1019px\" \/><\/div><\/div><\/div><\/div><div class=\"flex_column av_one_full  flex_column_div av-zero-column-padding first  avia-builder-el-2  el_after_av_one_full  el_before_av_one_full  column-top-margin\" style='border-radius:0px; '><section class=\"av_textblock_section \"  itemscope=\"itemscope\" itemtype=\"https:\/\/schema.org\/BlogPosting\" itemprop=\"blogPost\" ><div class='avia_textblock  '   itemprop=\"text\" ><p style=\"text-align: center;\"><span style=\"font-size: 18pt;\"><b><span lang=\"ES\">Ministerio de Educaci\u00f3n inicia trabajo de coordinaci\u00f3n con red de Centros de Formaci\u00f3n T\u00e9cnica Estatales<\/span><\/b><\/span><\/p>\n<div id=\"gtx-trans\" style=\"position: absolute; left: -50px; top: 4.31534px;\">\n<div class=\"gtx-trans-icon\"><\/div>\n<\/div>\n<\/div><\/section><\/div><\/p>\n<div class=\"flex_column av_one_full  flex_column_div av-zero-column-padding first  avia-builder-el-4  el_after_av_one_full  el_before_av_hr  column-top-margin\" style='border-radius:0px; '><section class=\"av_textblock_section \"  itemscope=\"itemscope\" itemtype=\"https:\/\/schema.org\/BlogPosting\" itemprop=\"blogPost\" ><div class='avia_textblock  '   itemprop=\"text\" ><p class=\"v1MsoNormal\" style=\"text-align: justify;\"><span lang=\"ES\">\u201cMi confianza tiene que ver con rescatar y mirar con detenimiento c\u00f3mo podemos avanzar en que los Centros de Formaci\u00f3n T\u00e9cnica Estatales sean un lugar en el que se manifieste el derecho a la educaci\u00f3n. La \u00fanica manera que tenemos de ofrecer una alternativa que avance a una justicia educativa en los territorios, es tener una oferta de calidad que permita que los j\u00f3venes cuenten con m\u00e1s oportunidades\u201d. De esta forma, el ministro de Educaci\u00f3n, Marco Antonio \u00c1vila, inici\u00f3 el primer encuentro de las nuevas autoridades del Ministerio de Educaci\u00f3n con la Red de 15 CFT Estatales, que son parte fundamental para el proceso de fortalecimiento de la educaci\u00f3n p\u00fablica en Educaci\u00f3n Superior.<\/span><\/p>\n<p class=\"v1MsoNormal\" style=\"text-align: justify;\"><span lang=\"ES\">De manera telem\u00e1tica, las 15 autoridades de los Centros de Formaci\u00f3n T\u00e9cnica Estatales -emplazados desde Arica hasta Porvenir- pudieron participar de manera simult\u00e1nea del encuentro, en el que la subsecretaria de Educaci\u00f3n Superior, Ver\u00f3nica Figueroa Huencho y la jefa de Divisi\u00f3n de Educaci\u00f3n Superior T\u00e9cnico Profesional, Miski Peralta, establecieron algunos lineamientos del trabajo que se realizar\u00e1 de manera conjunta en los territorios junto a estas instituciones.<\/span><\/p>\n<p class=\"v1MsoNormal\" style=\"text-align: justify;\"><span lang=\"ES\">\u201cUno de los ejes claves del programa de Gobierno del Presidente es fortalecer la educaci\u00f3n t\u00e9cnico profesional. Tenemos total claridad en comprender que es un sistema que tenemos que fortalecer y en el cual tenemos que trabajar, y para eso tenemos que tener una colaboraci\u00f3n mutua. Tenemos un desaf\u00edo importante en reorientar las acciones de la subsecretar\u00eda para apoyar el trabajo desde nuestros CFT Estatales, que los entendemos como parte del Estado y nuestra familia. Y debemos trabajar para ver c\u00f3mo vincular las trayectorias formativas de los j\u00f3venes en un modelo de educaci\u00f3n que est\u00e9 al servicio del pa\u00eds, considerando como ejes transversales la equidad de g\u00e9nero, plurinacionalidad, vinculaci\u00f3n con los territorios y el v\u00ednculo con los sectores productivos de cada una de sus zonas\u201d, explic\u00f3 la subsecretaria Figueroa Huencho.<\/span><\/p>\n<p class=\"v1MsoNormal\" style=\"text-align: justify;\"><span lang=\"ES\">Para concretar el trabajo conjunto, Miski Peralta detall\u00f3 que se buscar\u00e1 robustecer la relaci\u00f3n entre la Subsecretar\u00eda y los CFT Estatales, a trav\u00e9s de mesas de trabajo que se realizar\u00e1n en Santiago y las regiones.<\/span><\/p>\n<p class=\"v1MsoNormal\" style=\"text-align: justify;\"><span lang=\"ES\">Por su parte, el rector Rodrigo Jarufe, m\u00e1xima autoridad del CFT Estatal de la Regi\u00f3n de Valpara\u00edso y presidente de la Red de CFT Estatales, se\u00f1al\u00f3 que \u201csentimos mucho complemento, fundamentalmente en lo que dice relaci\u00f3n con la descentralizaci\u00f3n, que es el ADN de la ley que crea los CFT estatales, y sin duda ese complemento va a permitir llegar a m\u00e1s territorios, de mejor manera, con una mejor oferta que resuelva las necesidades puntales que all\u00ed se generen, pensando siempre en t\u00e9cnicos de nivel superior que tengan ideales que se relacionen con la sustentabilidad, con la inclusi\u00f3n y la equidad, que sin duda son temas socialmente muy relevantes hoy. Creemos sin duda que el trabajo conjunto ser\u00e1 fundamental para el \u00e9xito de la gesti\u00f3n del Presidente Boric en el \u00e1rea de la Educaci\u00f3n, y para el desarrollo de los CFT Estatales que somos nuevos y que tenemos mucho camino por recorrer, y creemos que si lo desarrollamos de manera conjunta, nos va a permitir avanzar de mejor manera\u201d.<\/span><\/p>\n<\/div><\/section><\/div>\n<div  style='height:50px' class='hr hr-invisible   avia-builder-el-6  el_after_av_one_full  el_before_av_social_share '><span class='hr-inner ' ><span class='hr-inner-style'><\/span><\/span><\/div>\n<div  class='av-social-sharing-box  avia-builder-el-7  el_after_av_hr  el_before_av_hr  '><div class='av-share-box'><h5 class='av-share-link-description av-no-toc '>Compartir esta noticia<\/h5><ul class='av-share-box-list noLightbox'><li class='av-share-link av-social-link-facebook' ><a target=\"_blank\" aria-label=\"Compartir en Facebook\" href='https:\/\/www.facebook.com\/sharer.php?u=https:\/\/radiorevelacionfm.cl\/?p=15053&#038;t=Ministerio%20de%20Educaci%C3%B3n%20inicia%20trabajo%20de%20coordinaci%C3%B3n%20con%20red%20de%20Centros%20de%20Formaci%C3%B3n%20T%C3%A9cnica%20Estatales' aria-hidden='false' data-av_icon='\ue8f3' data-av_iconfont='entypo-fontello' title='' data-avia-related-tooltip='Compartir en Facebook' rel=\"noopener\"><span class='avia_hidden_link_text'>Compartir en Facebook<\/span><\/a><\/li><li class='av-share-link av-social-link-twitter' ><a target=\"_blank\" aria-label=\"Compartir en Twitter\" href='https:\/\/twitter.com\/share?text=Ministerio%20de%20Educaci%C3%B3n%20inicia%20trabajo%20de%20coordinaci%C3%B3n%20con%20red%20de%20Centros%20de%20Formaci%C3%B3n%20T%C3%A9cnica%20Estatales&#038;url=https:\/\/radiorevelacionfm.cl\/?p=15053' aria-hidden='false' data-av_icon='\ue8f1' data-av_iconfont='entypo-fontello' title='' data-avia-related-tooltip='Compartir en Twitter' rel=\"noopener\"><span class='avia_hidden_link_text'>Compartir en Twitter<\/span><\/a><\/li><li class='av-share-link av-social-link-whatsapp' ><a target=\"_blank\" aria-label=\"Compartir en Whatsapp\" href='https:\/\/api.whatsapp.com\/send?text=https:\/\/radiorevelacionfm.cl\/?p=15053' aria-hidden='false' data-av_icon='\uf232' data-av_iconfont='entypo-fontello' title='' data-avia-related-tooltip='Compartir en Whatsapp' rel=\"noopener\"><span class='avia_hidden_link_text'>Compartir en Whatsapp<\/span><\/a><\/li><li class='av-share-link av-social-link-linkedin' ><a target=\"_blank\" aria-label=\"Compartir en LinkedIn\" href='https:\/\/linkedin.com\/shareArticle?mini=true&#038;title=Ministerio%20de%20Educaci%C3%B3n%20inicia%20trabajo%20de%20coordinaci%C3%B3n%20con%20red%20de%20Centros%20de%20Formaci%C3%B3n%20T%C3%A9cnica%20Estatales&#038;url=https:\/\/radiorevelacionfm.cl\/?p=15053' aria-hidden='false' data-av_icon='\ue8fc' data-av_iconfont='entypo-fontello' title='' data-avia-related-tooltip='Compartir en LinkedIn' rel=\"noopener\"><span class='avia_hidden_link_text'>Compartir en LinkedIn<\/span><\/a><\/li><li class='av-share-link av-social-link-mail' ><a  aria-label=\"Compartir por correo\" href='mailto:?subject=Ministerio%20de%20Educaci%C3%B3n%20inicia%20trabajo%20de%20coordinaci%C3%B3n%20con%20red%20de%20Centros%20de%20Formaci%C3%B3n%20T%C3%A9cnica%20Estatales&#038;body=https:\/\/radiorevelacionfm.cl\/?p=15053' aria-hidden='false' data-av_icon='\ue805' data-av_iconfont='entypo-fontello' title='' data-avia-related-tooltip='Compartir por correo'><span class='avia_hidden_link_text'>Compartir por correo<\/span><\/a><\/li><\/ul><\/div><\/div>\n<div  style='height:50px' class='hr hr-invisible   avia-builder-el-8  el_after_av_social_share  el_before_av_comments_list '><span class='hr-inner ' ><span class='hr-inner-style'><\/span><\/span><\/div>\n<div  class='av-buildercomment  av-blog-meta-html-info-disabled av-blog-meta-tag-disabled  '><\/div>\n","protected":false},"excerpt":{"rendered":"","protected":false},"author":1,"featured_media":15087,"comment_status":"open","ping_status":"open","sticky":false,"template":"","format":"standard","meta":{"footnotes":""},"categories":[49],"tags":[],"class_list":["post-15053","post","type-post","status-publish","format-standard","has-post-thumbnail","hentry","category-educacion"],"jetpack_featured_media_url":"https:\/\/radiorevelacionfm.cl\/wp-content\/uploads\/2022\/03\/encuentro-cfts-2_optimized.jpeg","_links":{"self":[{"href":"https:\/\/radiorevelacionfm.cl\/index.php?rest_route=\/wp\/v2\/posts\/15053","targetHints":{"allow":["GET"]}}],"collection":[{"href":"https:\/\/radiorevelacionfm.cl\/index.php?rest_route=\/wp\/v2\/posts"}],"about":[{"href":"https:\/\/radiorevelacionfm.cl\/index.php?rest_route=\/wp\/v2\/types\/post"}],"author":[{"embeddable":true,"href":"https:\/\/radiorevelacionfm.cl\/index.php?rest_route=\/wp\/v2\/users\/1"}],"replies":[{"embeddable":true,"href":"https:\/\/radiorevelacionfm.cl\/index.php?rest_route=%2Fwp%2Fv2%2Fcomments&post=15053"}],"version-history":[{"count":3,"href":"https:\/\/radiorevelacionfm.cl\/index.php?rest_route=\/wp\/v2\/posts\/15053\/revisions"}],"predecessor-version":[{"id":15086,"href":"https:\/\/radiorevelacionfm.cl\/index.php?rest_route=\/wp\/v2\/posts\/15053\/revisions\/15086"}],"wp:featuredmedia":[{"embeddable":true,"href":"https:\/\/radiorevelacionfm.cl\/index.php?rest_route=\/wp\/v2\/media\/15087"}],"wp:attachment":[{"href":"https:\/\/radiorevelacionfm.cl\/index.php?rest_route=%2Fwp%2Fv2%2Fmedia&parent=15053"}],"wp:term":[{"taxonomy":"category","embeddable":true,"href":"https:\/\/radiorevelacionfm.cl\/index.php?rest_route=%2Fwp%2Fv2%2Fcategories&post=15053"},{"taxonomy":"post_tag","embeddable":true,"href":"https:\/\/radiorevelacionfm.cl\/index.php?rest_route=%2Fwp%2Fv2%2Ftags&post=15053"}],"curies":[{"name":"wp","href":"https:\/\/api.w.org\/{rel}","templated":true}]}}