{"id":15048,"date":"2022-03-25T11:38:22","date_gmt":"2022-03-25T14:38:22","guid":{"rendered":"https:\/\/radiorevelacionfm.cl\/?p=15048"},"modified":"2022-03-25T11:38:22","modified_gmt":"2022-03-25T14:38:22","slug":"confirman-presencia-de-4-especies-de-felinos-nativos-en-parque-nacional-cerro-castillo","status":"publish","type":"post","link":"https:\/\/radiorevelacionfm.cl\/?p=15048","title":{"rendered":"Confirman presencia de 4 especies de felinos nativos en Parque Nacional Cerro Castillo"},"content":{"rendered":"<div class=\"flex_column av_one_full  flex_column_div av-zero-column-padding first  avia-builder-el-0  el_before_av_one_full  avia-builder-el-first  \" style='border-radius:0px; '><div  class='avia-image-container  av-styling-    avia-builder-el-1  avia-builder-el-no-sibling  avia-align-center '  itemprop=\"image\" itemscope=\"itemscope\" itemtype=\"https:\/\/schema.org\/ImageObject\"  ><div class='avia-image-container-inner'><div class='avia-image-overlay-wrap'><img decoding=\"async\" class='wp-image-15049 avia-img-lazy-loading-not-15049 avia_image' src=\"https:\/\/radiorevelacionfm.cl\/wp-content\/uploads\/2022\/03\/puma-1_optimized.jpg\" alt='' title='puma-(1)_optimized' height=\"600\" width=\"873\"  itemprop=\"thumbnailUrl\" srcset=\"https:\/\/radiorevelacionfm.cl\/wp-content\/uploads\/2022\/03\/puma-1_optimized.jpg 873w, https:\/\/radiorevelacionfm.cl\/wp-content\/uploads\/2022\/03\/puma-1_optimized-300x206.jpg 300w, https:\/\/radiorevelacionfm.cl\/wp-content\/uploads\/2022\/03\/puma-1_optimized-768x528.jpg 768w, https:\/\/radiorevelacionfm.cl\/wp-content\/uploads\/2022\/03\/puma-1_optimized-705x485.jpg 705w, https:\/\/radiorevelacionfm.cl\/wp-content\/uploads\/2022\/03\/puma-1_optimized-600x412.jpg 600w\" sizes=\"(max-width: 873px) 100vw, 873px\" \/><\/div><\/div><\/div><\/div><div class=\"flex_column av_one_full  flex_column_div av-zero-column-padding first  avia-builder-el-2  el_after_av_one_full  el_before_av_one_full  column-top-margin\" style='border-radius:0px; '><section class=\"av_textblock_section \"  itemscope=\"itemscope\" itemtype=\"https:\/\/schema.org\/BlogPosting\" itemprop=\"blogPost\" ><div class='avia_textblock  '   itemprop=\"text\" ><p style=\"text-align: center;\"><strong><span style=\"font-size: 18pt;\">Confirman presencia de 4 especies de felinos nativos en Parque Nacional Cerro Castillo<\/span><\/strong><\/p>\n<div id=\"gtx-trans\" style=\"position: absolute; left: -50px; top: 4.31534px;\">\n<div class=\"gtx-trans-icon\"><\/div>\n<\/div>\n<\/div><\/section><\/div><div class=\"flex_column av_one_full  flex_column_div av-zero-column-padding first  avia-builder-el-4  el_after_av_one_full  el_before_av_hr  column-top-margin\" style='border-radius:0px; '><section class=\"av_textblock_section \"  itemscope=\"itemscope\" itemtype=\"https:\/\/schema.org\/BlogPosting\" itemprop=\"blogPost\" ><div class='avia_textblock  '   itemprop=\"text\" ><p style=\"text-align: justify;\">El buen trabajo de conservaci\u00f3n en el Parque Nacional Cerro Castillo, Regi\u00f3n de Ays\u00e9n, administrado por la Corporaci\u00f3n Nacional Forestal (CONAF), queda reflejado con la confirmaci\u00f3n de la presencia de cuatro de los cinco felinos nativos presentes en el pa\u00eds, luego que el sistema de monitoreo de c\u00e1maras trampas registraron la existencia en esta \u00e1rea protegida del gato g\u00fci\u00f1a (<em>Leopardus guigna<\/em>) y del gato colocolo (<em>Leopardus colocolo<\/em>).<\/p>\n<p style=\"text-align: justify;\">Estas especies se suman, seg\u00fan detall\u00f3 el guardaparques y encargado de monitoreo del Parque Nacional Cerro Castillo, Mario Alegr\u00eda, a las ya detectadas hace varios a\u00f1os y ratificadas ahora por los registros de las c\u00e1maras trampas, que son el gato de Geoffroy (<em>Leopardus geoffroyi<\/em>) y el puma (<em>Puma concolor<\/em>).<\/p>\n<p style=\"text-align: justify;\">Como lo se\u00f1al\u00f3 Alegr\u00eda, que cuatro de los cinco felinos del pa\u00eds -s\u00f3lo falta el gato andino (<em>Leopardus jacobita<\/em>), cuya distribuci\u00f3n corresponde a la zona norte del pa\u00eds- es un \u201cbuen indicador de que los ecosistemas del parque se encuentran en equilibrio y en buen estado de conservaci\u00f3n\u201d.<\/p>\n<p style=\"text-align: justify;\">Adem\u00e1s, los estudios a trav\u00e9s de estos registros permitieron determinar que el gato colocolo, en estado de conservaci\u00f3n casi amenazado, tiene presencia en la zona sur del parque, sector asociado a la estepa patag\u00f3nica; el gato de Geoffroy, tambi\u00e9n en estado de conservaci\u00f3n casi amenazado, su presencia est\u00e1 asociada al bosque de lenga. En tanto, el gato g\u00fci\u00f1a, en estado de conservaci\u00f3n vulnerable, se encuentra en el bosque siempreverde y transici\u00f3n a bosque de lenga, mientras que el puma se moviliza por todo el parque nacional, observ\u00e1ndose una mayor frecuencia de aparici\u00f3n en los sectores donde hay mayor abundancia de guanacos, una de las principales bases de su alimentaci\u00f3n.<\/p>\n<p style=\"text-align: justify;\">En el caso de la g\u00fci\u00f1a, se destac\u00f3 tambi\u00e9n la detecci\u00f3n de gatos moteados y mel\u00e1nicos. En la descripci\u00f3n de expertos, se determin\u00f3 que esta especie, la m\u00e1s peque\u00f1a de Sudam\u00e9rica y uno de los m\u00e1s peque\u00f1os del mundo, pesa en promedio de 1,8 a 2,5 kg, su pelaje es caf\u00e9 a caf\u00e9 amarillento, con peque\u00f1as manchas circulares que se extienden hasta el vientre, describi\u00e9ndose adem\u00e1s individuos mel\u00e1nicos (animal que presenta una coloraci\u00f3n o pigmentaci\u00f3n de color negro o caf\u00e9). Posee una cola muy corta, relativamente gruesa y provista de anillos m\u00e1s oscuros, que mide casi un cuarto del animal.<\/p>\n<\/div><\/section><\/div><div  style='height:50px' class='hr hr-invisible   avia-builder-el-6  el_after_av_one_full  el_before_av_social_share '><span class='hr-inner ' ><span class='hr-inner-style'><\/span><\/span><\/div><\/p>\n<div  class='av-social-sharing-box  avia-builder-el-7  el_after_av_hr  el_before_av_hr  '><div class='av-share-box'><h5 class='av-share-link-description av-no-toc '>Compartir esta noticia<\/h5><ul class='av-share-box-list noLightbox'><li class='av-share-link av-social-link-facebook' ><a target=\"_blank\" aria-label=\"Compartir en Facebook\" href='https:\/\/www.facebook.com\/sharer.php?u=https:\/\/radiorevelacionfm.cl\/?p=15048&#038;t=Confirman%20presencia%20de%204%20especies%20de%20felinos%20nativos%20en%20Parque%20Nacional%20Cerro%20Castillo' aria-hidden='false' data-av_icon='\ue8f3' data-av_iconfont='entypo-fontello' title='' data-avia-related-tooltip='Compartir en Facebook' rel=\"noopener\"><span class='avia_hidden_link_text'>Compartir en Facebook<\/span><\/a><\/li><li class='av-share-link av-social-link-twitter' ><a target=\"_blank\" aria-label=\"Compartir en Twitter\" href='https:\/\/twitter.com\/share?text=Confirman%20presencia%20de%204%20especies%20de%20felinos%20nativos%20en%20Parque%20Nacional%20Cerro%20Castillo&#038;url=https:\/\/radiorevelacionfm.cl\/?p=15048' aria-hidden='false' data-av_icon='\ue8f1' data-av_iconfont='entypo-fontello' title='' data-avia-related-tooltip='Compartir en Twitter' rel=\"noopener\"><span class='avia_hidden_link_text'>Compartir en Twitter<\/span><\/a><\/li><li class='av-share-link av-social-link-whatsapp' ><a target=\"_blank\" aria-label=\"Compartir en Whatsapp\" href='https:\/\/api.whatsapp.com\/send?text=https:\/\/radiorevelacionfm.cl\/?p=15048' aria-hidden='false' data-av_icon='\uf232' data-av_iconfont='entypo-fontello' title='' data-avia-related-tooltip='Compartir en Whatsapp' rel=\"noopener\"><span class='avia_hidden_link_text'>Compartir en Whatsapp<\/span><\/a><\/li><li class='av-share-link av-social-link-linkedin' ><a target=\"_blank\" aria-label=\"Compartir en LinkedIn\" href='https:\/\/linkedin.com\/shareArticle?mini=true&#038;title=Confirman%20presencia%20de%204%20especies%20de%20felinos%20nativos%20en%20Parque%20Nacional%20Cerro%20Castillo&#038;url=https:\/\/radiorevelacionfm.cl\/?p=15048' aria-hidden='false' data-av_icon='\ue8fc' data-av_iconfont='entypo-fontello' title='' data-avia-related-tooltip='Compartir en LinkedIn' rel=\"noopener\"><span class='avia_hidden_link_text'>Compartir en LinkedIn<\/span><\/a><\/li><li class='av-share-link av-social-link-mail' ><a  aria-label=\"Compartir por correo\" href='mailto:?subject=Confirman%20presencia%20de%204%20especies%20de%20felinos%20nativos%20en%20Parque%20Nacional%20Cerro%20Castillo&#038;body=https:\/\/radiorevelacionfm.cl\/?p=15048' aria-hidden='false' data-av_icon='\ue805' data-av_iconfont='entypo-fontello' title='' data-avia-related-tooltip='Compartir por correo'><span class='avia_hidden_link_text'>Compartir por correo<\/span><\/a><\/li><\/ul><\/div><\/div>\n<div  style='height:50px' class='hr hr-invisible   avia-builder-el-8  el_after_av_social_share  el_before_av_comments_list '><span class='hr-inner ' ><span class='hr-inner-style'><\/span><\/span><\/div>\n<div  class='av-buildercomment  av-blog-meta-html-info-disabled av-blog-meta-tag-disabled  '><\/div>\n","protected":false},"excerpt":{"rendered":"","protected":false},"author":1,"featured_media":15049,"comment_status":"open","ping_status":"open","sticky":false,"template":"","format":"standard","meta":{"footnotes":""},"categories":[38],"tags":[],"class_list":["post-15048","post","type-post","status-publish","format-standard","has-post-thumbnail","hentry","category-regional"],"jetpack_featured_media_url":"https:\/\/radiorevelacionfm.cl\/wp-content\/uploads\/2022\/03\/puma-1_optimized.jpg","_links":{"self":[{"href":"https:\/\/radiorevelacionfm.cl\/index.php?rest_route=\/wp\/v2\/posts\/15048","targetHints":{"allow":["GET"]}}],"collection":[{"href":"https:\/\/radiorevelacionfm.cl\/index.php?rest_route=\/wp\/v2\/posts"}],"about":[{"href":"https:\/\/radiorevelacionfm.cl\/index.php?rest_route=\/wp\/v2\/types\/post"}],"author":[{"embeddable":true,"href":"https:\/\/radiorevelacionfm.cl\/index.php?rest_route=\/wp\/v2\/users\/1"}],"replies":[{"embeddable":true,"href":"https:\/\/radiorevelacionfm.cl\/index.php?rest_route=%2Fwp%2Fv2%2Fcomments&post=15048"}],"version-history":[{"count":2,"href":"https:\/\/radiorevelacionfm.cl\/index.php?rest_route=\/wp\/v2\/posts\/15048\/revisions"}],"predecessor-version":[{"id":15051,"href":"https:\/\/radiorevelacionfm.cl\/index.php?rest_route=\/wp\/v2\/posts\/15048\/revisions\/15051"}],"wp:featuredmedia":[{"embeddable":true,"href":"https:\/\/radiorevelacionfm.cl\/index.php?rest_route=\/wp\/v2\/media\/15049"}],"wp:attachment":[{"href":"https:\/\/radiorevelacionfm.cl\/index.php?rest_route=%2Fwp%2Fv2%2Fmedia&parent=15048"}],"wp:term":[{"taxonomy":"category","embeddable":true,"href":"https:\/\/radiorevelacionfm.cl\/index.php?rest_route=%2Fwp%2Fv2%2Fcategories&post=15048"},{"taxonomy":"post_tag","embeddable":true,"href":"https:\/\/radiorevelacionfm.cl\/index.php?rest_route=%2Fwp%2Fv2%2Ftags&post=15048"}],"curies":[{"name":"wp","href":"https:\/\/api.w.org\/{rel}","templated":true}]}}