{"id":15031,"date":"2022-03-24T23:12:45","date_gmt":"2022-03-25T02:12:45","guid":{"rendered":"https:\/\/radiorevelacionfm.cl\/?p=15031"},"modified":"2022-03-24T23:12:45","modified_gmt":"2022-03-25T02:12:45","slug":"familia-denuncia-agresion-a-adolescente-de-13-anos-por-parte-de-una-profesora-en-liceo-de-puerto-cisnes","status":"publish","type":"post","link":"https:\/\/radiorevelacionfm.cl\/?p=15031","title":{"rendered":"Familia denuncia agresi\u00f3n a adolescente de 13 a\u00f1os por parte de una profesora en Liceo de Puerto Cisnes"},"content":{"rendered":"<div class=\"flex_column av_one_full  flex_column_div av-zero-column-padding first  avia-builder-el-0  el_before_av_one_full  avia-builder-el-first  \" style='border-radius:0px; '><div  class='avia-image-container  av-styling-    avia-builder-el-1  avia-builder-el-no-sibling  avia-align-center '  itemprop=\"image\" itemscope=\"itemscope\" itemtype=\"https:\/\/schema.org\/ImageObject\"  ><div class='avia-image-container-inner'><div class='avia-image-overlay-wrap'><img decoding=\"async\" class='wp-image-9384 avia-img-lazy-loading-not-9384 avia_image' src=\"https:\/\/radiorevelacionfm.cl\/wp-content\/uploads\/2021\/10\/liceo-cisnes-1-1_optimized.jpeg\" alt='' title='liceo-cisnes-1-(1)_optimized' height=\"600\" width=\"800\"  itemprop=\"thumbnailUrl\" srcset=\"https:\/\/radiorevelacionfm.cl\/wp-content\/uploads\/2021\/10\/liceo-cisnes-1-1_optimized.jpeg 800w, https:\/\/radiorevelacionfm.cl\/wp-content\/uploads\/2021\/10\/liceo-cisnes-1-1_optimized-300x225.jpeg 300w, https:\/\/radiorevelacionfm.cl\/wp-content\/uploads\/2021\/10\/liceo-cisnes-1-1_optimized-768x576.jpeg 768w, https:\/\/radiorevelacionfm.cl\/wp-content\/uploads\/2021\/10\/liceo-cisnes-1-1_optimized-705x529.jpeg 705w, https:\/\/radiorevelacionfm.cl\/wp-content\/uploads\/2021\/10\/liceo-cisnes-1-1_optimized-600x450.jpeg 600w\" sizes=\"(max-width: 800px) 100vw, 800px\" \/><\/div><\/div><\/div><\/div>\n<div class=\"flex_column av_one_full  flex_column_div av-zero-column-padding first  avia-builder-el-2  el_after_av_one_full  el_before_av_one_full  column-top-margin\" style='border-radius:0px; '><section class=\"av_textblock_section \"  itemscope=\"itemscope\" itemtype=\"https:\/\/schema.org\/BlogPosting\" itemprop=\"blogPost\" ><div class='avia_textblock  '   itemprop=\"text\" ><p style=\"text-align: center;\"><strong><span style=\"font-size: 18pt;\">Familia denuncia agresi\u00f3n a adolescente de 13 a\u00f1os por parte de una profesora en Liceo de Puerto Cisnes<\/span><\/strong><\/p>\n<div id=\"gtx-trans\" style=\"position: absolute; left: -50px; top: 4.31534px;\">\n<div class=\"gtx-trans-icon\"><\/div>\n<\/div>\n<\/div><\/section><\/div>\n<div class=\"flex_column av_one_full  flex_column_div av-zero-column-padding first  avia-builder-el-4  el_after_av_one_full  el_before_av_hr  column-top-margin\" style='border-radius:0px; '><section class=\"av_textblock_section \"  itemscope=\"itemscope\" itemtype=\"https:\/\/schema.org\/BlogPosting\" itemprop=\"blogPost\" ><div class='avia_textblock  '   itemprop=\"text\" ><p style=\"text-align: justify;\">Un grave hecho fue denunciado esta tarde por una apoderada en contra de una profesora del Liceo Arturo Prat Chac\u00f3n, de la localidad de Puerto Cisnes.<\/p>\n<p style=\"text-align: justify;\">La Sra Mar\u00eda Rufina Alvarado, abuela y apoderada de un menor de 13 a\u00f1os, quien cursa el primer a\u00f1o de ense\u00f1anza media en dicho establecimiento, profundamente afectada por un hecho que habr\u00eda vivido su nieto, quiso hacer p\u00fablica a trav\u00e9s de Radio Revelaci\u00f3n la situaci\u00f3n ocurrida en el interior de una sala de clases del recinto.<\/p>\n<p style=\"text-align: justify;\">De acuerdo a informaci\u00f3n proporcionada por la apoderada, a eso de las 09:00 de la ma\u00f1ana del martes reci\u00e9n pasado, \u00abmientras los estudiantes se encontraban en clases, su nieto se baj\u00f3 un poquito la mascarilla pues le costaba respirar, ante esta situaci\u00f3n la profesora le llam\u00f3 la atenci\u00f3n, acerc\u00e1ndose al alumno para subirle la mascarilla, apret\u00e1ndole la nariz por un largo rato, el menor se quej\u00f3 por el dolor y dijo una groser\u00eda, fue en ese momento en que la profesora, le dio una \u00abcachetada\u00bb, relata la propia abuela.<\/p>\n<p style=\"text-align: justify;\">Este hecho ocurri\u00f3 mientras se desarrollaba la clase, por lo tanto, fue presenciado por todos los alumnos,\u00a0 , \u00abtodos los ni\u00f1os quedaron para adentro, porque nunca hab\u00edan visto algo as\u00ed\u00bb, se\u00f1al\u00f3 a continuaci\u00f3n.<\/p>\n<p style=\"text-align: justify;\">Fue una paradocente quien le inform\u00f3 de la situaci\u00f3n ocurrida, cerca de las 11 de la ma\u00f1ana, por lo que acudi\u00f3 al establecimiento. Otro de los hechos que relat\u00f3 la denunciante, es que esper\u00f3 por casi una hora para ser atendida y que el Director del establecimiento no la recibi\u00f3 y no le dio ninguna explicaci\u00f3n.<\/p>\n<p style=\"text-align: justify;\">Por lo que decidi\u00f3 concurrir hasta la Direcci\u00f3n de Educaci\u00f3n Municipal para denunciar el hecho, no quedando conforme con la atenci\u00f3n recibida.<\/p>\n<p style=\"text-align: justify;\">Este hecho tambi\u00e9n fue denunciado en Carabineros, por lo que espera su caso sea pasado a la Fiscal\u00eda, y que se haga justicia por todo el dolor que han vivido como familia, y que no quede guardado o sea olvidado sin la debida investigaci\u00f3n y sin ninguna sanci\u00f3n, se\u00f1al\u00f3.<\/p>\n<p style=\"text-align: justify;\">La apoderada fue recibida por la m\u00e1xima autoridad comunal, el Alcalde Francisco Roncangliolo, a quien pudo exponer lo ocurrido, en donde fue informada del protocolo que se debe seguir ante este tipo de denuncias, y de las acciones que se tomar\u00e1n para que el proceso se desarrolle con todas las formalidades que se requiere.<\/p>\n<p style=\"text-align: justify;\">Este medio tom\u00f3 contacto con la Municipalidad de Cisnes, el alcalde Roncagliolo manifest\u00f3 estar al tanto del hecho, indicando que inmediatamente se activ\u00f3 el protocolo que establece Educaci\u00f3n y se solicit\u00f3 a la Directora de Educaci\u00f3n un informe, una vez conocido el documento, se instruy\u00f3 un sumario administrativo, sumario que se inici\u00f3 ayer martes 23 de marzo.<\/p>\n<p style=\"text-align: justify;\">Por existir un sumario en curso, se deber\u00e1 esperar el cierre de \u00e9ste para determinar eventuales responsabilidades administrativas ante los hechos denunciados.<\/p>\n<p>Cabe mencionar que las responsabilidades administrativas son independientes de las responsabilidades penales o civiles.<\/p>\n<\/div><\/section><\/div><div  style='height:50px' class='hr hr-invisible   avia-builder-el-6  el_after_av_one_full  el_before_av_social_share '><span class='hr-inner ' ><span class='hr-inner-style'><\/span><\/span><\/div><\/p>\n<div  class='av-social-sharing-box  avia-builder-el-7  el_after_av_hr  el_before_av_hr  '><div class='av-share-box'><h5 class='av-share-link-description av-no-toc '>Compartir esta noticia<\/h5><ul class='av-share-box-list noLightbox'><li class='av-share-link av-social-link-facebook' ><a target=\"_blank\" aria-label=\"Compartir en Facebook\" href='https:\/\/www.facebook.com\/sharer.php?u=https:\/\/radiorevelacionfm.cl\/?p=15031&#038;t=Familia%20denuncia%20agresi%C3%B3n%20a%20adolescente%20de%2013%20a%C3%B1os%20por%20parte%20de%20una%20profesora%20en%20Liceo%20de%20Puerto%20Cisnes' aria-hidden='false' data-av_icon='\ue8f3' data-av_iconfont='entypo-fontello' title='' data-avia-related-tooltip='Compartir en Facebook' rel=\"noopener\"><span class='avia_hidden_link_text'>Compartir en Facebook<\/span><\/a><\/li><li class='av-share-link av-social-link-twitter' ><a target=\"_blank\" aria-label=\"Compartir en Twitter\" href='https:\/\/twitter.com\/share?text=Familia%20denuncia%20agresi%C3%B3n%20a%20adolescente%20de%2013%20a%C3%B1os%20por%20parte%20de%20una%20profesora%20en%20Liceo%20de%20Puerto%20Cisnes&#038;url=https:\/\/radiorevelacionfm.cl\/?p=15031' aria-hidden='false' data-av_icon='\ue8f1' data-av_iconfont='entypo-fontello' title='' data-avia-related-tooltip='Compartir en Twitter' rel=\"noopener\"><span class='avia_hidden_link_text'>Compartir en Twitter<\/span><\/a><\/li><li class='av-share-link av-social-link-whatsapp' ><a target=\"_blank\" aria-label=\"Compartir en Whatsapp\" href='https:\/\/api.whatsapp.com\/send?text=https:\/\/radiorevelacionfm.cl\/?p=15031' aria-hidden='false' data-av_icon='\uf232' data-av_iconfont='entypo-fontello' title='' data-avia-related-tooltip='Compartir en Whatsapp' rel=\"noopener\"><span class='avia_hidden_link_text'>Compartir en Whatsapp<\/span><\/a><\/li><li class='av-share-link av-social-link-linkedin' ><a target=\"_blank\" aria-label=\"Compartir en LinkedIn\" href='https:\/\/linkedin.com\/shareArticle?mini=true&#038;title=Familia%20denuncia%20agresi%C3%B3n%20a%20adolescente%20de%2013%20a%C3%B1os%20por%20parte%20de%20una%20profesora%20en%20Liceo%20de%20Puerto%20Cisnes&#038;url=https:\/\/radiorevelacionfm.cl\/?p=15031' aria-hidden='false' data-av_icon='\ue8fc' data-av_iconfont='entypo-fontello' title='' data-avia-related-tooltip='Compartir en LinkedIn' rel=\"noopener\"><span class='avia_hidden_link_text'>Compartir en LinkedIn<\/span><\/a><\/li><li class='av-share-link av-social-link-mail' ><a  aria-label=\"Compartir por correo\" href='mailto:?subject=Familia%20denuncia%20agresi%C3%B3n%20a%20adolescente%20de%2013%20a%C3%B1os%20por%20parte%20de%20una%20profesora%20en%20Liceo%20de%20Puerto%20Cisnes&#038;body=https:\/\/radiorevelacionfm.cl\/?p=15031' aria-hidden='false' data-av_icon='\ue805' data-av_iconfont='entypo-fontello' title='' data-avia-related-tooltip='Compartir por correo'><span class='avia_hidden_link_text'>Compartir por correo<\/span><\/a><\/li><\/ul><\/div><\/div>\n<div  style='height:50px' class='hr hr-invisible   avia-builder-el-8  el_after_av_social_share  el_before_av_comments_list '><span class='hr-inner ' ><span class='hr-inner-style'><\/span><\/span><\/div>\n<div  class='av-buildercomment  av-blog-meta-html-info-disabled av-blog-meta-tag-disabled  '><\/div>\n","protected":false},"excerpt":{"rendered":"","protected":false},"author":1,"featured_media":9384,"comment_status":"open","ping_status":"open","sticky":false,"template":"","format":"standard","meta":{"footnotes":""},"categories":[38],"tags":[],"class_list":["post-15031","post","type-post","status-publish","format-standard","has-post-thumbnail","hentry","category-regional"],"jetpack_featured_media_url":"https:\/\/radiorevelacionfm.cl\/wp-content\/uploads\/2021\/10\/liceo-cisnes-1-1_optimized.jpeg","_links":{"self":[{"href":"https:\/\/radiorevelacionfm.cl\/index.php?rest_route=\/wp\/v2\/posts\/15031","targetHints":{"allow":["GET"]}}],"collection":[{"href":"https:\/\/radiorevelacionfm.cl\/index.php?rest_route=\/wp\/v2\/posts"}],"about":[{"href":"https:\/\/radiorevelacionfm.cl\/index.php?rest_route=\/wp\/v2\/types\/post"}],"author":[{"embeddable":true,"href":"https:\/\/radiorevelacionfm.cl\/index.php?rest_route=\/wp\/v2\/users\/1"}],"replies":[{"embeddable":true,"href":"https:\/\/radiorevelacionfm.cl\/index.php?rest_route=%2Fwp%2Fv2%2Fcomments&post=15031"}],"version-history":[{"count":3,"href":"https:\/\/radiorevelacionfm.cl\/index.php?rest_route=\/wp\/v2\/posts\/15031\/revisions"}],"predecessor-version":[{"id":15034,"href":"https:\/\/radiorevelacionfm.cl\/index.php?rest_route=\/wp\/v2\/posts\/15031\/revisions\/15034"}],"wp:featuredmedia":[{"embeddable":true,"href":"https:\/\/radiorevelacionfm.cl\/index.php?rest_route=\/wp\/v2\/media\/9384"}],"wp:attachment":[{"href":"https:\/\/radiorevelacionfm.cl\/index.php?rest_route=%2Fwp%2Fv2%2Fmedia&parent=15031"}],"wp:term":[{"taxonomy":"category","embeddable":true,"href":"https:\/\/radiorevelacionfm.cl\/index.php?rest_route=%2Fwp%2Fv2%2Fcategories&post=15031"},{"taxonomy":"post_tag","embeddable":true,"href":"https:\/\/radiorevelacionfm.cl\/index.php?rest_route=%2Fwp%2Fv2%2Ftags&post=15031"}],"curies":[{"name":"wp","href":"https:\/\/api.w.org\/{rel}","templated":true}]}}