{"id":15029,"date":"2022-03-25T09:37:55","date_gmt":"2022-03-25T12:37:55","guid":{"rendered":"https:\/\/radiorevelacionfm.cl\/?p=15029"},"modified":"2022-03-25T09:37:55","modified_gmt":"2022-03-25T12:37:55","slug":"gobernadora-macias-se-refiere-a-las-decisiones-tomadas-respecto-a-las-sanciones-del-sumario-instruido-por-contraloria-aysen-por-microcentral-hidroelectrica-de-puerto-gaviota","status":"publish","type":"post","link":"https:\/\/radiorevelacionfm.cl\/?p=15029","title":{"rendered":"Gobernadora Mac\u00edas, se refiere a las decisiones tomadas respecto a las sanciones del sumario instruido por Contralor\u00eda Ays\u00e9n por Microcentral Hidroel\u00e9ctrica de Puerto Gaviota"},"content":{"rendered":"<div class=\"flex_column av_one_full  flex_column_div av-zero-column-padding first  avia-builder-el-0  el_before_av_one_full  avia-builder-el-first  \" style='border-radius:0px; '><div  class='avia-image-container  av-styling-    avia-builder-el-1  avia-builder-el-no-sibling  avia-align-center '  itemprop=\"image\" itemscope=\"itemscope\" itemtype=\"https:\/\/schema.org\/ImageObject\"  ><div class='avia-image-container-inner'><div class='avia-image-overlay-wrap'><img decoding=\"async\" class='wp-image-6993 avia-img-lazy-loading-not-6993 avia_image' src=\"https:\/\/radiorevelacionfm.cl\/wp-content\/uploads\/2021\/08\/Gobernadora-2021-07-30i-2-1.jpg\" alt='' title='Gobernadora 2021-07-30i (2) (1)' height=\"600\" width=\"1399\"  itemprop=\"thumbnailUrl\" srcset=\"https:\/\/radiorevelacionfm.cl\/wp-content\/uploads\/2021\/08\/Gobernadora-2021-07-30i-2-1.jpg 1399w, https:\/\/radiorevelacionfm.cl\/wp-content\/uploads\/2021\/08\/Gobernadora-2021-07-30i-2-1-300x129.jpg 300w, https:\/\/radiorevelacionfm.cl\/wp-content\/uploads\/2021\/08\/Gobernadora-2021-07-30i-2-1-1030x442.jpg 1030w, https:\/\/radiorevelacionfm.cl\/wp-content\/uploads\/2021\/08\/Gobernadora-2021-07-30i-2-1-768x329.jpg 768w, https:\/\/radiorevelacionfm.cl\/wp-content\/uploads\/2021\/08\/Gobernadora-2021-07-30i-2-1-705x302.jpg 705w, https:\/\/radiorevelacionfm.cl\/wp-content\/uploads\/2021\/08\/Gobernadora-2021-07-30i-2-1-600x257.jpg 600w\" sizes=\"(max-width: 1399px) 100vw, 1399px\" \/><\/div><\/div><\/div><\/div><div class=\"flex_column av_one_full  flex_column_div av-zero-column-padding first  avia-builder-el-2  el_after_av_one_full  el_before_av_one_full  column-top-margin\" style='border-radius:0px; '><section class=\"av_textblock_section \"  itemscope=\"itemscope\" itemtype=\"https:\/\/schema.org\/BlogPosting\" itemprop=\"blogPost\" ><div class='avia_textblock  '   itemprop=\"text\" ><p style=\"text-align: center;\"><strong><span style=\"font-size: 18pt;\">Gobernadora Mac\u00edas, se refiere a las decisiones tomadas respecto a las sanciones del sumario instruido por Contralor\u00eda Ays\u00e9n por Microcentral Hidroel\u00e9ctrica de Puerto Gaviota<\/span><\/strong><\/p>\n<div id=\"gtx-trans\" style=\"position: absolute; left: -50px; top: 4.31534px;\">\n<div class=\"gtx-trans-icon\"><\/div>\n<\/div>\n<\/div><\/section><\/div><div class=\"flex_column av_one_full  flex_column_div av-zero-column-padding first  avia-builder-el-4  el_after_av_one_full  el_before_av_hr  column-top-margin\" style='border-radius:0px; '><section class=\"av_textblock_section \"  itemscope=\"itemscope\" itemtype=\"https:\/\/schema.org\/BlogPosting\" itemprop=\"blogPost\" ><div class='avia_textblock  '   itemprop=\"text\" ><div style=\"text-align: justify;\">\u00abAgradezco de todo coraz\u00f3n las muestras de cari\u00f1o y preocupaci\u00f3n que he tenido estos d\u00edas, mientras cumplo la cuarentena y medidas necesarias ante mi contagio de covid19. No he tenido mayores complicaciones y he seguido las recomendaciones para estar, cuanto antes, al 100% trabajando para nuestra regi\u00f3n de Ays\u00e9n.<\/div>\n<p style=\"text-align: justify;\">Como muchos de ustedes sabr\u00e1n, nuestro servicio ha sido afectado las \u00faltimas semanas por el pronunciamiento final que ha tomado Contralor\u00eda respecto al proceso de sumario llevado a cabo a prop\u00f3sito del proyecto Microcentral Hidroel\u00e9ctrica de Puerto Gaviota.<\/p>\n<p style=\"text-align: justify;\">Nuestro compromiso, incluso desde antes de asumir, es con un trabajo de cara a la ciudadan\u00eda y que tenga la impecabilidad que merecen los habitantes de nuestra regi\u00f3n. Por eso, hemos tomado la decisi\u00f3n de reestructurar la Unidad de Auditor\u00eda Interna, que revisar\u00e1 los procesos de nuestro Gobierno Regional, cuyas funciones no han sido actualizadas desde el a\u00f1o 1997.<\/p>\n<p style=\"text-align: justify;\">Por otro lado, he decidido poner en tabla para este 31 de marzo, en la sesi\u00f3n plenaria ordinaria del Consejo Regional los requisitos que ser\u00e1n necesarios para la contrataci\u00f3n del nuevo Jefe o Jefa de la Unidad de Control, que no existe en el servicio en la actualidad.<\/p>\n<p style=\"text-align: justify;\">En la l\u00ednea de establecer la importancia que le damos a nuestro trabajo dentro del servicio y sus divisiones, es que se ha decidido reasignar las funciones y tareas a las y los funcionarios.<\/p>\n<p style=\"text-align: justify;\">El d\u00eda de hoy fueron notificadas las funcionarias y funcionarios involucrados en el sumario. En consideraci\u00f3n a los antecedentes de hecho y de derecho analizados acuciosamente por nuestra Unidad Jur\u00eddica, a la ausencia de faltas a la probidad y que la obra en cuesti\u00f3n se encuentra en funcionamiento, con una evaluaci\u00f3n positiva por parte de la comunidad, he decidido acoger parcialmente la propuesta de la Contralor\u00eda, ponderando de una mejor forma las sanciones, las cuales fueron rebajadas en virtud de lo analizado.<\/p>\n<p style=\"text-align: justify;\">Mi compromiso es con ustedes y con el trabajo por una mejor regi\u00f3n. Lo vuelvo a recalcar, con la tranquilidad de que estas medidas ser\u00e1n las necesarias para avanzar por todas y todos. Son 4 acciones que significan responder a la resoluci\u00f3n de Contralor\u00eda, replantear los equipos de trabajo al interior del servicio, crear por primera vez una Unidad de Auditor\u00eda Interna y establecer los criterios conjunto a los consejeros y consejeras regionales para la contrataci\u00f3n de quien lidere de la Unidad de Control\u00bb.<\/p>\n<\/div><\/section><\/div><div  style='height:50px' class='hr hr-invisible   avia-builder-el-6  el_after_av_one_full  el_before_av_social_share '><span class='hr-inner ' ><span class='hr-inner-style'><\/span><\/span><\/div><\/p>\n<div  class='av-social-sharing-box  avia-builder-el-7  el_after_av_hr  el_before_av_hr  '><div class='av-share-box'><h5 class='av-share-link-description av-no-toc '>Compartir esta noticia<\/h5><ul class='av-share-box-list noLightbox'><li class='av-share-link av-social-link-facebook' ><a target=\"_blank\" aria-label=\"Compartir en Facebook\" href='https:\/\/www.facebook.com\/sharer.php?u=https:\/\/radiorevelacionfm.cl\/?p=15029&#038;t=Gobernadora%20Mac%C3%ADas%2C%20se%20refiere%20a%20las%20decisiones%20tomadas%20respecto%20a%20las%20sanciones%20del%20sumario%20instruido%20por%20Contralor%C3%ADa%20Ays%C3%A9n%20por%20Microcentral%20Hidroel%C3%A9ctrica%20de%20Puerto%20Gaviota' aria-hidden='false' data-av_icon='\ue8f3' data-av_iconfont='entypo-fontello' title='' data-avia-related-tooltip='Compartir en Facebook' rel=\"noopener\"><span class='avia_hidden_link_text'>Compartir en Facebook<\/span><\/a><\/li><li class='av-share-link av-social-link-twitter' ><a target=\"_blank\" aria-label=\"Compartir en Twitter\" href='https:\/\/twitter.com\/share?text=Gobernadora%20Mac%C3%ADas%2C%20se%20refiere%20a%20las%20decisiones%20tomadas%20respecto%20a%20las%20sanciones%20del%20sumario%20instruido%20por%20Contralor%C3%ADa%20Ays%C3%A9n%20por%20Microcentral%20Hidroel%C3%A9ctrica%20de%20Puerto%20Gaviota&#038;url=https:\/\/radiorevelacionfm.cl\/?p=15029' aria-hidden='false' data-av_icon='\ue8f1' data-av_iconfont='entypo-fontello' title='' data-avia-related-tooltip='Compartir en Twitter' rel=\"noopener\"><span class='avia_hidden_link_text'>Compartir en Twitter<\/span><\/a><\/li><li class='av-share-link av-social-link-whatsapp' ><a target=\"_blank\" aria-label=\"Compartir en Whatsapp\" href='https:\/\/api.whatsapp.com\/send?text=https:\/\/radiorevelacionfm.cl\/?p=15029' aria-hidden='false' data-av_icon='\uf232' data-av_iconfont='entypo-fontello' title='' data-avia-related-tooltip='Compartir en Whatsapp' rel=\"noopener\"><span class='avia_hidden_link_text'>Compartir en Whatsapp<\/span><\/a><\/li><li class='av-share-link av-social-link-linkedin' ><a target=\"_blank\" aria-label=\"Compartir en LinkedIn\" href='https:\/\/linkedin.com\/shareArticle?mini=true&#038;title=Gobernadora%20Mac%C3%ADas%2C%20se%20refiere%20a%20las%20decisiones%20tomadas%20respecto%20a%20las%20sanciones%20del%20sumario%20instruido%20por%20Contralor%C3%ADa%20Ays%C3%A9n%20por%20Microcentral%20Hidroel%C3%A9ctrica%20de%20Puerto%20Gaviota&#038;url=https:\/\/radiorevelacionfm.cl\/?p=15029' aria-hidden='false' data-av_icon='\ue8fc' data-av_iconfont='entypo-fontello' title='' data-avia-related-tooltip='Compartir en LinkedIn' rel=\"noopener\"><span class='avia_hidden_link_text'>Compartir en LinkedIn<\/span><\/a><\/li><li class='av-share-link av-social-link-mail' ><a  aria-label=\"Compartir por correo\" href='mailto:?subject=Gobernadora%20Mac%C3%ADas%2C%20se%20refiere%20a%20las%20decisiones%20tomadas%20respecto%20a%20las%20sanciones%20del%20sumario%20instruido%20por%20Contralor%C3%ADa%20Ays%C3%A9n%20por%20Microcentral%20Hidroel%C3%A9ctrica%20de%20Puerto%20Gaviota&#038;body=https:\/\/radiorevelacionfm.cl\/?p=15029' aria-hidden='false' data-av_icon='\ue805' data-av_iconfont='entypo-fontello' title='' data-avia-related-tooltip='Compartir por correo'><span class='avia_hidden_link_text'>Compartir por correo<\/span><\/a><\/li><\/ul><\/div><\/div>\n<div  style='height:50px' class='hr hr-invisible   avia-builder-el-8  el_after_av_social_share  el_before_av_comments_list '><span class='hr-inner ' ><span class='hr-inner-style'><\/span><\/span><\/div>\n<div  class='av-buildercomment  av-blog-meta-html-info-disabled av-blog-meta-tag-disabled  '><\/div>\n","protected":false},"excerpt":{"rendered":"","protected":false},"author":1,"featured_media":6993,"comment_status":"open","ping_status":"open","sticky":false,"template":"","format":"standard","meta":{"footnotes":""},"categories":[38],"tags":[],"class_list":["post-15029","post","type-post","status-publish","format-standard","has-post-thumbnail","hentry","category-regional"],"jetpack_featured_media_url":"https:\/\/radiorevelacionfm.cl\/wp-content\/uploads\/2021\/08\/Gobernadora-2021-07-30i-2-1.jpg","_links":{"self":[{"href":"https:\/\/radiorevelacionfm.cl\/index.php?rest_route=\/wp\/v2\/posts\/15029","targetHints":{"allow":["GET"]}}],"collection":[{"href":"https:\/\/radiorevelacionfm.cl\/index.php?rest_route=\/wp\/v2\/posts"}],"about":[{"href":"https:\/\/radiorevelacionfm.cl\/index.php?rest_route=\/wp\/v2\/types\/post"}],"author":[{"embeddable":true,"href":"https:\/\/radiorevelacionfm.cl\/index.php?rest_route=\/wp\/v2\/users\/1"}],"replies":[{"embeddable":true,"href":"https:\/\/radiorevelacionfm.cl\/index.php?rest_route=%2Fwp%2Fv2%2Fcomments&post=15029"}],"version-history":[{"count":2,"href":"https:\/\/radiorevelacionfm.cl\/index.php?rest_route=\/wp\/v2\/posts\/15029\/revisions"}],"predecessor-version":[{"id":15040,"href":"https:\/\/radiorevelacionfm.cl\/index.php?rest_route=\/wp\/v2\/posts\/15029\/revisions\/15040"}],"wp:featuredmedia":[{"embeddable":true,"href":"https:\/\/radiorevelacionfm.cl\/index.php?rest_route=\/wp\/v2\/media\/6993"}],"wp:attachment":[{"href":"https:\/\/radiorevelacionfm.cl\/index.php?rest_route=%2Fwp%2Fv2%2Fmedia&parent=15029"}],"wp:term":[{"taxonomy":"category","embeddable":true,"href":"https:\/\/radiorevelacionfm.cl\/index.php?rest_route=%2Fwp%2Fv2%2Fcategories&post=15029"},{"taxonomy":"post_tag","embeddable":true,"href":"https:\/\/radiorevelacionfm.cl\/index.php?rest_route=%2Fwp%2Fv2%2Ftags&post=15029"}],"curies":[{"name":"wp","href":"https:\/\/api.w.org\/{rel}","templated":true}]}}