{"id":15024,"date":"2022-03-24T18:23:29","date_gmt":"2022-03-24T21:23:29","guid":{"rendered":"https:\/\/radiorevelacionfm.cl\/?p=15024"},"modified":"2022-03-24T18:23:29","modified_gmt":"2022-03-24T21:23:29","slug":"deportistas-promesas-chile-aysen-triunfan-en-clasificatorios-sudamericanos-y-panamericanos","status":"publish","type":"post","link":"https:\/\/radiorevelacionfm.cl\/?p=15024","title":{"rendered":"Deportistas \u201cPromesas Chile Ays\u00e9n\u201d triunfan en clasificatorios sudamericanos y panamericanos"},"content":{"rendered":"<div class=\"flex_column av_one_full  flex_column_div av-zero-column-padding first  avia-builder-el-0  el_before_av_one_full  avia-builder-el-first  \" style='border-radius:0px; '><div  class='avia-image-container  av-styling-    avia-builder-el-1  avia-builder-el-no-sibling  avia-align-center '  itemprop=\"image\" itemscope=\"itemscope\" itemtype=\"https:\/\/schema.org\/ImageObject\"  ><div class='avia-image-container-inner'><div class='avia-image-overlay-wrap'><img decoding=\"async\" class='wp-image-15025 avia-img-lazy-loading-not-15025 avia_image' src=\"https:\/\/radiorevelacionfm.cl\/wp-content\/uploads\/2022\/03\/image-29_optimized.jpg\" alt='' title='image-(29)_optimized' height=\"600\" width=\"805\"  itemprop=\"thumbnailUrl\" srcset=\"https:\/\/radiorevelacionfm.cl\/wp-content\/uploads\/2022\/03\/image-29_optimized.jpg 805w, https:\/\/radiorevelacionfm.cl\/wp-content\/uploads\/2022\/03\/image-29_optimized-300x224.jpg 300w, https:\/\/radiorevelacionfm.cl\/wp-content\/uploads\/2022\/03\/image-29_optimized-768x572.jpg 768w, https:\/\/radiorevelacionfm.cl\/wp-content\/uploads\/2022\/03\/image-29_optimized-705x525.jpg 705w, https:\/\/radiorevelacionfm.cl\/wp-content\/uploads\/2022\/03\/image-29_optimized-600x447.jpg 600w\" sizes=\"(max-width: 805px) 100vw, 805px\" \/><\/div><\/div><\/div><\/div><div class=\"flex_column av_one_full  flex_column_div av-zero-column-padding first  avia-builder-el-2  el_after_av_one_full  el_before_av_one_full  column-top-margin\" style='border-radius:0px; '><section class=\"av_textblock_section \"  itemscope=\"itemscope\" itemtype=\"https:\/\/schema.org\/BlogPosting\" itemprop=\"blogPost\" ><div class='avia_textblock  '   itemprop=\"text\" ><p style=\"text-align: center;\"><strong><span style=\"font-size: 18pt;\">Deportistas \u201cPromesas Chile Ays\u00e9n\u201d triunfan en clasificatorios sudamericanos y panamericanos<\/span><\/strong><\/p>\n<h2 class=\"subject\"><\/h2>\n<div id=\"gtx-trans\" style=\"position: absolute; left: -50px; top: 4.31534px;\">\n<div class=\"gtx-trans-icon\"><\/div>\n<\/div>\n<\/div><\/section><\/div><div class=\"flex_column av_one_full  flex_column_div av-zero-column-padding first  avia-builder-el-4  el_after_av_one_full  el_before_av_hr  column-top-margin\" style='border-radius:0px; '><section class=\"av_textblock_section \"  itemscope=\"itemscope\" itemtype=\"https:\/\/schema.org\/BlogPosting\" itemprop=\"blogPost\" ><div class='avia_textblock  '   itemprop=\"text\" ><div>\n<p class=\"v1MsoNormal\" style=\"text-align: justify;\">Ciclismo, Karate y Tenis de Mesa protagonizan importantes logros deportivos para la regi\u00f3n.<\/p>\n<p class=\"v1MsoNormal\" style=\"text-align: justify;\">Una semana marcada por los buenos resultados en el deporte evidenci\u00f3 el regreso de las competencias nacionales y clasificatorios federados de los atletas que integran el programa del Ministerio del Deporte e IND, que busca potenciar el desarrollo de nuestros deportistas.<\/p>\n<p class=\"v1MsoNormal\" style=\"text-align: justify;\">As\u00ed lo confirm\u00f3 el Director Regional del IND Jos\u00e9 Manuel Sep\u00falveda \u00abdurante estas \u00faltimas semanas un grupo de deportistas regionales ha viajado para competir en torneos nacionales y clasificatorios a los sudamericanos y panamericanos en las disciplinas de ciclismo, karate y tenis de mesa, sum\u00e1ndose as\u00ed a los resultados obtenidos en esgrima y judo, como Mindep-IND es muy importante seguir apoy\u00e1ndolos en sus carreras deportivas y esperamos poder ampliar esta cobertura con el objetivo que m\u00e1s ni\u00f1as, ni\u00f1os y j\u00f3venes de nuestra regi\u00f3n se motiven a practicar deporte\u00bb finaliz\u00f3 la autoridad regional.<\/p>\n<p class=\"v1MsoNormal\" style=\"text-align: justify;\"><b><u>Ciclismo<\/u><\/b><\/p>\n<p class=\"v1MsoNormal\" style=\"text-align: justify;\">La ciclista Gabriela Alarc\u00f3n, obtuvo el 1er lugar en el clasificatorio categor\u00eda Junior realizado en la comuna de Coltauco, de esta forma la deportista Promesas Chile\u00a0 Regi\u00f3n de Ays\u00e9n e integrante del club Liceo Josefina Aguirre Montenegro de Coyhaique representar\u00e1 a nuestro pa\u00eds en el pr\u00f3ximo campeonato sudamericano que se desarrollar\u00e1 en Rosario, Argentina.<\/p>\n<p class=\"v1MsoNormal\" style=\"text-align: justify;\"><b><u>Karate<\/u><\/b><\/p>\n<p class=\"v1MsoNormal\" style=\"text-align: justify;\">Los deportistas de la Asociaci\u00f3n Regional Shotokan Ays\u00e9n e integrantes del Programa Promesas Chile, viajaron junto a los t\u00e9cnicos Jos\u00e9 Toledo y Jos\u00e9 Luis Calder\u00f3n para representar la regi\u00f3n en el Campeonato Nacional Federado clasificatorio para el sudamericano y panamericano. Es as\u00ed como Monserrat Foitzick obtuvo medalla de plata, Fernando Toledo y Miguel Verdugo medalla de bronce, mientras que en parakarate Wladimir Vergara obtuvo medalla de bronce, clasificando al campeonato sudamericano a realizarse en Curazao, Brasil. Asimismo, tanto los t\u00e9cnicos como deportistas \u00abPromesas Chile\u00bb est\u00e1n esperando que se actualice el puntaje nacional, mientras se preparan para participar en diversos campeonatos y as\u00ed mejorar el roce deportivo.<\/p>\n<p class=\"v1MsoNormal\" style=\"text-align: justify;\"><b><u>Tenis de Mesa<\/u><\/b><\/p>\n<p class=\"v1MsoNormal\" style=\"text-align: justify;\">La tenismesista juvenil Macarena Reyes comienza su participaci\u00f3n este viernes\u00a0 en el campeonato selectivo de cara a los juegos sudamericanos de la juventud a realizarse en la ciudad Rosario, Argentina; la deportista deber\u00e1 enfrentar una llave de 16 jugadoras de las cuales dos clasificar\u00e1n al campeonato sudamericano.<\/p>\n<\/div>\n<div style=\"text-align: justify;\"><\/div>\n<\/div><\/section><\/div><div  style='height:50px' class='hr hr-invisible   avia-builder-el-6  el_after_av_one_full  el_before_av_social_share '><span class='hr-inner ' ><span class='hr-inner-style'><\/span><\/span><\/div><\/p>\n<div  class='av-social-sharing-box  avia-builder-el-7  el_after_av_hr  el_before_av_hr  '><div class='av-share-box'><h5 class='av-share-link-description av-no-toc '>Compartir esta noticia<\/h5><ul class='av-share-box-list noLightbox'><li class='av-share-link av-social-link-facebook' ><a target=\"_blank\" aria-label=\"Compartir en Facebook\" href='https:\/\/www.facebook.com\/sharer.php?u=https:\/\/radiorevelacionfm.cl\/?p=15024&#038;t=Deportistas%20%E2%80%9CPromesas%20Chile%20Ays%C3%A9n%E2%80%9D%20triunfan%20en%20clasificatorios%20sudamericanos%20y%20panamericanos' aria-hidden='false' data-av_icon='\ue8f3' data-av_iconfont='entypo-fontello' title='' data-avia-related-tooltip='Compartir en Facebook' rel=\"noopener\"><span class='avia_hidden_link_text'>Compartir en Facebook<\/span><\/a><\/li><li class='av-share-link av-social-link-twitter' ><a target=\"_blank\" aria-label=\"Compartir en Twitter\" href='https:\/\/twitter.com\/share?text=Deportistas%20%E2%80%9CPromesas%20Chile%20Ays%C3%A9n%E2%80%9D%20triunfan%20en%20clasificatorios%20sudamericanos%20y%20panamericanos&#038;url=https:\/\/radiorevelacionfm.cl\/?p=15024' aria-hidden='false' data-av_icon='\ue8f1' data-av_iconfont='entypo-fontello' title='' data-avia-related-tooltip='Compartir en Twitter' rel=\"noopener\"><span class='avia_hidden_link_text'>Compartir en Twitter<\/span><\/a><\/li><li class='av-share-link av-social-link-whatsapp' ><a target=\"_blank\" aria-label=\"Compartir en Whatsapp\" href='https:\/\/api.whatsapp.com\/send?text=https:\/\/radiorevelacionfm.cl\/?p=15024' aria-hidden='false' data-av_icon='\uf232' data-av_iconfont='entypo-fontello' title='' data-avia-related-tooltip='Compartir en Whatsapp' rel=\"noopener\"><span class='avia_hidden_link_text'>Compartir en Whatsapp<\/span><\/a><\/li><li class='av-share-link av-social-link-linkedin' ><a target=\"_blank\" aria-label=\"Compartir en LinkedIn\" href='https:\/\/linkedin.com\/shareArticle?mini=true&#038;title=Deportistas%20%E2%80%9CPromesas%20Chile%20Ays%C3%A9n%E2%80%9D%20triunfan%20en%20clasificatorios%20sudamericanos%20y%20panamericanos&#038;url=https:\/\/radiorevelacionfm.cl\/?p=15024' aria-hidden='false' data-av_icon='\ue8fc' data-av_iconfont='entypo-fontello' title='' data-avia-related-tooltip='Compartir en LinkedIn' rel=\"noopener\"><span class='avia_hidden_link_text'>Compartir en LinkedIn<\/span><\/a><\/li><li class='av-share-link av-social-link-mail' ><a  aria-label=\"Compartir por correo\" href='mailto:?subject=Deportistas%20%E2%80%9CPromesas%20Chile%20Ays%C3%A9n%E2%80%9D%20triunfan%20en%20clasificatorios%20sudamericanos%20y%20panamericanos&#038;body=https:\/\/radiorevelacionfm.cl\/?p=15024' aria-hidden='false' data-av_icon='\ue805' data-av_iconfont='entypo-fontello' title='' data-avia-related-tooltip='Compartir por correo'><span class='avia_hidden_link_text'>Compartir por correo<\/span><\/a><\/li><\/ul><\/div><\/div>\n<div  style='height:50px' class='hr hr-invisible   avia-builder-el-8  el_after_av_social_share  el_before_av_comments_list '><span class='hr-inner ' ><span class='hr-inner-style'><\/span><\/span><\/div>\n<div  class='av-buildercomment  av-blog-meta-html-info-disabled av-blog-meta-tag-disabled  '><\/div>\n","protected":false},"excerpt":{"rendered":"","protected":false},"author":1,"featured_media":15025,"comment_status":"open","ping_status":"open","sticky":false,"template":"","format":"standard","meta":{"footnotes":""},"categories":[40],"tags":[],"class_list":["post-15024","post","type-post","status-publish","format-standard","has-post-thumbnail","hentry","category-deportes"],"jetpack_featured_media_url":"https:\/\/radiorevelacionfm.cl\/wp-content\/uploads\/2022\/03\/image-29_optimized.jpg","_links":{"self":[{"href":"https:\/\/radiorevelacionfm.cl\/index.php?rest_route=\/wp\/v2\/posts\/15024","targetHints":{"allow":["GET"]}}],"collection":[{"href":"https:\/\/radiorevelacionfm.cl\/index.php?rest_route=\/wp\/v2\/posts"}],"about":[{"href":"https:\/\/radiorevelacionfm.cl\/index.php?rest_route=\/wp\/v2\/types\/post"}],"author":[{"embeddable":true,"href":"https:\/\/radiorevelacionfm.cl\/index.php?rest_route=\/wp\/v2\/users\/1"}],"replies":[{"embeddable":true,"href":"https:\/\/radiorevelacionfm.cl\/index.php?rest_route=%2Fwp%2Fv2%2Fcomments&post=15024"}],"version-history":[{"count":2,"href":"https:\/\/radiorevelacionfm.cl\/index.php?rest_route=\/wp\/v2\/posts\/15024\/revisions"}],"predecessor-version":[{"id":15028,"href":"https:\/\/radiorevelacionfm.cl\/index.php?rest_route=\/wp\/v2\/posts\/15024\/revisions\/15028"}],"wp:featuredmedia":[{"embeddable":true,"href":"https:\/\/radiorevelacionfm.cl\/index.php?rest_route=\/wp\/v2\/media\/15025"}],"wp:attachment":[{"href":"https:\/\/radiorevelacionfm.cl\/index.php?rest_route=%2Fwp%2Fv2%2Fmedia&parent=15024"}],"wp:term":[{"taxonomy":"category","embeddable":true,"href":"https:\/\/radiorevelacionfm.cl\/index.php?rest_route=%2Fwp%2Fv2%2Fcategories&post=15024"},{"taxonomy":"post_tag","embeddable":true,"href":"https:\/\/radiorevelacionfm.cl\/index.php?rest_route=%2Fwp%2Fv2%2Ftags&post=15024"}],"curies":[{"name":"wp","href":"https:\/\/api.w.org\/{rel}","templated":true}]}}