{"id":15021,"date":"2022-03-25T12:02:14","date_gmt":"2022-03-25T15:02:14","guid":{"rendered":"https:\/\/radiorevelacionfm.cl\/?p=15021"},"modified":"2022-03-25T12:02:14","modified_gmt":"2022-03-25T15:02:14","slug":"pymes-en-linea-dispone-de-3-000-becas-para-potenciar-las-ventas-digitales","status":"publish","type":"post","link":"https:\/\/radiorevelacionfm.cl\/?p=15021","title":{"rendered":"\u201cPymes en L\u00ednea\u201d dispone de 3.000 becas para potenciar las ventas digitales"},"content":{"rendered":"<div class=\"flex_column av_one_full  flex_column_div av-zero-column-padding first  avia-builder-el-0  el_before_av_one_full  avia-builder-el-first  \" style='border-radius:0px; '><div  class='avia-image-container  av-styling-    avia-builder-el-1  avia-builder-el-no-sibling  avia-align-center '  itemprop=\"image\" itemscope=\"itemscope\" itemtype=\"https:\/\/schema.org\/ImageObject\"  ><div class='avia-image-container-inner'><div class='avia-image-overlay-wrap'><img decoding=\"async\" class='wp-image-15022 avia-img-lazy-loading-not-15022 avia_image' src=\"https:\/\/radiorevelacionfm.cl\/wp-content\/uploads\/2022\/03\/220324-pexels-vlada-karpovich-4050291-1-1.jpg\" alt='' title='220324 pexels-vlada-karpovich-4050291 (1) (1)' height=\"600\" width=\"900\"  itemprop=\"thumbnailUrl\" srcset=\"https:\/\/radiorevelacionfm.cl\/wp-content\/uploads\/2022\/03\/220324-pexels-vlada-karpovich-4050291-1-1.jpg 900w, https:\/\/radiorevelacionfm.cl\/wp-content\/uploads\/2022\/03\/220324-pexels-vlada-karpovich-4050291-1-1-300x200.jpg 300w, https:\/\/radiorevelacionfm.cl\/wp-content\/uploads\/2022\/03\/220324-pexels-vlada-karpovich-4050291-1-1-768x512.jpg 768w, https:\/\/radiorevelacionfm.cl\/wp-content\/uploads\/2022\/03\/220324-pexels-vlada-karpovich-4050291-1-1-705x470.jpg 705w, https:\/\/radiorevelacionfm.cl\/wp-content\/uploads\/2022\/03\/220324-pexels-vlada-karpovich-4050291-1-1-600x400.jpg 600w\" sizes=\"(max-width: 900px) 100vw, 900px\" \/><\/div><\/div><\/div><\/div><div class=\"flex_column av_one_full  flex_column_div av-zero-column-padding first  avia-builder-el-2  el_after_av_one_full  el_before_av_one_full  column-top-margin\" style='border-radius:0px; '><section class=\"av_textblock_section \"  itemscope=\"itemscope\" itemtype=\"https:\/\/schema.org\/BlogPosting\" itemprop=\"blogPost\" ><div class='avia_textblock  '   itemprop=\"text\" ><p style=\"text-align: center;\"><span style=\"font-size: 18pt;\"><b><span lang=\"es-419\">\u201cPymes en L\u00ednea\u201d dispone de 3.000 becas para potenciar las ventas digitales<\/span><\/b><\/span><\/p>\n<div id=\"gtx-trans\" style=\"position: absolute; left: -50px; top: 4.31534px;\">\n<div class=\"gtx-trans-icon\"><\/div>\n<\/div>\n<\/div><\/section><\/div><div class=\"flex_column av_one_full  flex_column_div av-zero-column-padding first  avia-builder-el-4  el_after_av_one_full  el_before_av_hr  column-top-margin\" style='border-radius:0px; '><section class=\"av_textblock_section \"  itemscope=\"itemscope\" itemtype=\"https:\/\/schema.org\/BlogPosting\" itemprop=\"blogPost\" ><div class='avia_textblock  '   itemprop=\"text\" ><p style=\"font-weight: 400; text-align: justify;\">Con el objetivo de entregar a emprendedores y emprendedoras conocimientos y herramientas necesarias para que empiecen a digitalizar su emprendimiento de una manera \u00e1gil y efectiva, la plataforma chilena de capacitaci\u00f3n \u201cPymes en L\u00ednea\u201d lanz\u00f3 3 mil cupos gratuitos para que las peque\u00f1as y medianas empresas puedan desarrollar las competencias necesarias para potenciar su negocio a trav\u00e9s de la web, y as\u00ed puedan sumarse a la era del comercio digital.<\/p>\n<p style=\"font-weight: 400; text-align: justify;\">Fernando Johnson Dur\u00e1n, director (s) de Corfo Ays\u00e9n, junto con detallar que \u201cPymes en L\u00ednea\u201d es una iniciativa impulsada por Corfo y Chiletec, explic\u00f3 que \u00abentre el 18 de abril y el 15 de junio se realizar\u00e1n 12 talleres sincr\u00f3nicos virtuales que permitir\u00e1 a las Pymes y emprendedores tener la oportunidad \u00fanica de aprender y desarrollar habilidades de manera gratuita en \u00e1reas tan diversas como en el comercio electr\u00f3nico; redes sociales; marketing digital y promoci\u00f3n del negocio; medios de pago digital; importaci\u00f3n, log\u00edstica de pedidos y despachos, y atenci\u00f3n del usuario y servicios de postventa\u201d.<\/p>\n<p style=\"font-weight: 400; text-align: justify;\">Agreg\u00f3 que \u201chasta la fecha, m\u00e1s de 63 mil pymes de todo el pa\u00eds, han logrado subirse al carro de las nuevas tecnolog\u00edas digitales gracias a los talleres gratuitos que hemos puesto a disposici\u00f3n de emprendedores y emprendedoras de todo Chile, lo que les han permitido aumentar sus ventas a trav\u00e9s de internet, bajar sus costos operacionales y mejorar su relaci\u00f3n con clientes y proveedores\u201d.<\/p>\n<p style=\"font-weight: 400; text-align: justify;\"><strong>\u00a0LOS TALLERES<\/strong><\/p>\n<p style=\"font-weight: 400; text-align: justify;\">Cada uno de los 12 talleres tendr\u00e1 una duraci\u00f3n de 16 horas cronol\u00f3gicas con horarios diurnos y vespertinos que permitir\u00e1n a los beneficiarios ajustarse a la disponibilidad que \u00e9stos tengan para acceder a estos contenidos de lunes a viernes.<\/p>\n<p style=\"font-weight: 400; text-align: justify;\">Durante los pr\u00f3ximos tres meses los emprendedores podr\u00e1n acceder a los siguientes cursos de capacitaci\u00f3n: \u201cAprende a importar desde cualquier lugar del mundo\u201d, \u201cDise\u00f1a tu modelo de negocio\u201d, \u201c Mejora tu posicionamiento web con SEO\u201d, \u201cCrea publicidad en RRSS para atraer clientes\u201d, \u201cContabilidad b\u00e1sica para emprendedores\u201d, \u201c Potencia y proyecta tu marca con Canva\u201d, \u201cPlanifica tus finanzas y conoce la rentabilidad de tu negocio\u201d, \u201cImpulsa la visibilidad y engagement de tu negocio con Copywriting\u201d, \u201cVende en las plataformas digitales a trav\u00e9s del comercio electr\u00f3nico\u201d, \u201cNeuromarketing para emprendedores\u201d, \u00abEntrenamiento en storytelling y elevator pitch\u201d y \u201cNeuroliderazgo \u00e1gil para la gesti\u00f3n de equipos peque\u00f1os\u201d.<\/p>\n<p style=\"font-weight: 400; text-align: justify;\">Las postulaciones son gratuitas y abiertas a todo p\u00fablico. Los talleres formativos se desarrollar\u00e1n en conjunto con instituciones especializadas en innovaci\u00f3n y tecnolog\u00eda, entre ellas, Neuroeduca, Adalid Chile y Desaf\u00edo Latam.<\/p>\n<p style=\"font-weight: 400; text-align: justify;\">Para acceder directamente a los m\u00e1s de 3 mil cupos disponibles, los emprendedores y Pymes s\u00f3lo deben ingresar a la p\u00e1gina\u00a0<a href=\"http:\/\/www.pymesenlinea.cl\/\" data-saferedirecturl=\"https:\/\/www.google.com\/url?q=http:\/\/www.pymesenlinea.cl&amp;source=gmail&amp;ust=1648240443372000&amp;usg=AOvVaw3R0Nt05CZqt2p7PRJqFtY1\">www.pymesenlinea.cl<\/a>\u00a0o hacerlo directamente al siguiente link\u00a0<a href=\"https:\/\/pymesenlinea-capacita.corfo.cl\/talleres\/\" data-saferedirecturl=\"https:\/\/www.google.com\/url?q=https:\/\/pymesenlinea-capacita.corfo.cl\/talleres\/&amp;source=gmail&amp;ust=1648240443372000&amp;usg=AOvVaw2eB9wVkxDam1sbyKhwDmbx\">https:\/\/pymesenlinea-capacita.corfo.cl\/talleres\/<\/a>\u00a0\u00a0hasta el 29 de marzo.<\/p>\n<\/div><\/section><\/div><div  style='height:50px' class='hr hr-invisible   avia-builder-el-6  el_after_av_one_full  el_before_av_social_share '><span class='hr-inner ' ><span class='hr-inner-style'><\/span><\/span><\/div><\/p>\n<div  class='av-social-sharing-box  avia-builder-el-7  el_after_av_hr  el_before_av_hr  '><div class='av-share-box'><h5 class='av-share-link-description av-no-toc '>Compartir esta noticia<\/h5><ul class='av-share-box-list noLightbox'><li class='av-share-link av-social-link-facebook' ><a target=\"_blank\" aria-label=\"Compartir en Facebook\" href='https:\/\/www.facebook.com\/sharer.php?u=https:\/\/radiorevelacionfm.cl\/?p=15021&#038;t=%E2%80%9CPymes%20en%20L%C3%ADnea%E2%80%9D%20dispone%20de%203.000%20becas%20para%20potenciar%20las%20ventas%20digitales' aria-hidden='false' data-av_icon='\ue8f3' data-av_iconfont='entypo-fontello' title='' data-avia-related-tooltip='Compartir en Facebook' rel=\"noopener\"><span class='avia_hidden_link_text'>Compartir en Facebook<\/span><\/a><\/li><li class='av-share-link av-social-link-twitter' ><a target=\"_blank\" aria-label=\"Compartir en Twitter\" href='https:\/\/twitter.com\/share?text=%E2%80%9CPymes%20en%20L%C3%ADnea%E2%80%9D%20dispone%20de%203.000%20becas%20para%20potenciar%20las%20ventas%20digitales&#038;url=https:\/\/radiorevelacionfm.cl\/?p=15021' aria-hidden='false' data-av_icon='\ue8f1' data-av_iconfont='entypo-fontello' title='' data-avia-related-tooltip='Compartir en Twitter' rel=\"noopener\"><span class='avia_hidden_link_text'>Compartir en Twitter<\/span><\/a><\/li><li class='av-share-link av-social-link-whatsapp' ><a target=\"_blank\" aria-label=\"Compartir en Whatsapp\" href='https:\/\/api.whatsapp.com\/send?text=https:\/\/radiorevelacionfm.cl\/?p=15021' aria-hidden='false' data-av_icon='\uf232' data-av_iconfont='entypo-fontello' title='' data-avia-related-tooltip='Compartir en Whatsapp' rel=\"noopener\"><span class='avia_hidden_link_text'>Compartir en Whatsapp<\/span><\/a><\/li><li class='av-share-link av-social-link-linkedin' ><a target=\"_blank\" aria-label=\"Compartir en LinkedIn\" href='https:\/\/linkedin.com\/shareArticle?mini=true&#038;title=%E2%80%9CPymes%20en%20L%C3%ADnea%E2%80%9D%20dispone%20de%203.000%20becas%20para%20potenciar%20las%20ventas%20digitales&#038;url=https:\/\/radiorevelacionfm.cl\/?p=15021' aria-hidden='false' data-av_icon='\ue8fc' data-av_iconfont='entypo-fontello' title='' data-avia-related-tooltip='Compartir en LinkedIn' rel=\"noopener\"><span class='avia_hidden_link_text'>Compartir en LinkedIn<\/span><\/a><\/li><li class='av-share-link av-social-link-mail' ><a  aria-label=\"Compartir por correo\" href='mailto:?subject=%E2%80%9CPymes%20en%20L%C3%ADnea%E2%80%9D%20dispone%20de%203.000%20becas%20para%20potenciar%20las%20ventas%20digitales&#038;body=https:\/\/radiorevelacionfm.cl\/?p=15021' aria-hidden='false' data-av_icon='\ue805' data-av_iconfont='entypo-fontello' title='' data-avia-related-tooltip='Compartir por correo'><span class='avia_hidden_link_text'>Compartir por correo<\/span><\/a><\/li><\/ul><\/div><\/div>\n<div  style='height:50px' class='hr hr-invisible   avia-builder-el-8  el_after_av_social_share  el_before_av_comments_list '><span class='hr-inner ' ><span class='hr-inner-style'><\/span><\/span><\/div>\n<div  class='av-buildercomment  av-blog-meta-html-info-disabled av-blog-meta-tag-disabled  '><\/div>\n","protected":false},"excerpt":{"rendered":"","protected":false},"author":1,"featured_media":15022,"comment_status":"open","ping_status":"open","sticky":false,"template":"","format":"standard","meta":{"footnotes":""},"categories":[38],"tags":[],"class_list":["post-15021","post","type-post","status-publish","format-standard","has-post-thumbnail","hentry","category-regional"],"jetpack_featured_media_url":"https:\/\/radiorevelacionfm.cl\/wp-content\/uploads\/2022\/03\/220324-pexels-vlada-karpovich-4050291-1-1.jpg","_links":{"self":[{"href":"https:\/\/radiorevelacionfm.cl\/index.php?rest_route=\/wp\/v2\/posts\/15021","targetHints":{"allow":["GET"]}}],"collection":[{"href":"https:\/\/radiorevelacionfm.cl\/index.php?rest_route=\/wp\/v2\/posts"}],"about":[{"href":"https:\/\/radiorevelacionfm.cl\/index.php?rest_route=\/wp\/v2\/types\/post"}],"author":[{"embeddable":true,"href":"https:\/\/radiorevelacionfm.cl\/index.php?rest_route=\/wp\/v2\/users\/1"}],"replies":[{"embeddable":true,"href":"https:\/\/radiorevelacionfm.cl\/index.php?rest_route=%2Fwp%2Fv2%2Fcomments&post=15021"}],"version-history":[{"count":2,"href":"https:\/\/radiorevelacionfm.cl\/index.php?rest_route=\/wp\/v2\/posts\/15021\/revisions"}],"predecessor-version":[{"id":15052,"href":"https:\/\/radiorevelacionfm.cl\/index.php?rest_route=\/wp\/v2\/posts\/15021\/revisions\/15052"}],"wp:featuredmedia":[{"embeddable":true,"href":"https:\/\/radiorevelacionfm.cl\/index.php?rest_route=\/wp\/v2\/media\/15022"}],"wp:attachment":[{"href":"https:\/\/radiorevelacionfm.cl\/index.php?rest_route=%2Fwp%2Fv2%2Fmedia&parent=15021"}],"wp:term":[{"taxonomy":"category","embeddable":true,"href":"https:\/\/radiorevelacionfm.cl\/index.php?rest_route=%2Fwp%2Fv2%2Fcategories&post=15021"},{"taxonomy":"post_tag","embeddable":true,"href":"https:\/\/radiorevelacionfm.cl\/index.php?rest_route=%2Fwp%2Fv2%2Ftags&post=15021"}],"curies":[{"name":"wp","href":"https:\/\/api.w.org\/{rel}","templated":true}]}}