{"id":15018,"date":"2022-03-25T15:03:34","date_gmt":"2022-03-25T18:03:34","guid":{"rendered":"https:\/\/radiorevelacionfm.cl\/?p=15018"},"modified":"2022-03-25T15:03:34","modified_gmt":"2022-03-25T18:03:34","slug":"fundacion-integra-llama-a-retornar-a-los-jardines-infantiles-para-recuperar-aprendizajes","status":"publish","type":"post","link":"https:\/\/radiorevelacionfm.cl\/?p=15018","title":{"rendered":"Fundaci\u00f3n Integra llama a retornar a los jardines infantiles para recuperar aprendizajes"},"content":{"rendered":"<div class=\"flex_column av_one_full  flex_column_div av-zero-column-padding first  avia-builder-el-0  el_before_av_one_full  avia-builder-el-first  \" style='border-radius:0px; '><div  class='avia-image-container  av-styling-    avia-builder-el-1  avia-builder-el-no-sibling  avia-align-center '  itemprop=\"image\" itemscope=\"itemscope\" itemtype=\"https:\/\/schema.org\/ImageObject\"  ><div class='avia-image-container-inner'><div class='avia-image-overlay-wrap'><img decoding=\"async\" class='wp-image-15019 avia-img-lazy-loading-not-15019 avia_image' src=\"https:\/\/radiorevelacionfm.cl\/wp-content\/uploads\/2022\/03\/1-90-1-1.jpg\" alt='' title='1 (90) (1) (1)' height=\"600\" width=\"900\"  itemprop=\"thumbnailUrl\" srcset=\"https:\/\/radiorevelacionfm.cl\/wp-content\/uploads\/2022\/03\/1-90-1-1.jpg 900w, https:\/\/radiorevelacionfm.cl\/wp-content\/uploads\/2022\/03\/1-90-1-1-300x200.jpg 300w, https:\/\/radiorevelacionfm.cl\/wp-content\/uploads\/2022\/03\/1-90-1-1-768x512.jpg 768w, https:\/\/radiorevelacionfm.cl\/wp-content\/uploads\/2022\/03\/1-90-1-1-705x470.jpg 705w, https:\/\/radiorevelacionfm.cl\/wp-content\/uploads\/2022\/03\/1-90-1-1-600x400.jpg 600w\" sizes=\"(max-width: 900px) 100vw, 900px\" \/><\/div><\/div><\/div><\/div><div class=\"flex_column av_one_full  flex_column_div av-zero-column-padding first  avia-builder-el-2  el_after_av_one_full  el_before_av_one_full  column-top-margin\" style='border-radius:0px; '><section class=\"av_textblock_section \"  itemscope=\"itemscope\" itemtype=\"https:\/\/schema.org\/BlogPosting\" itemprop=\"blogPost\" ><div class='avia_textblock  '   itemprop=\"text\" ><p style=\"text-align: center;\"><strong><span style=\"font-size: 18pt;\">Fundaci\u00f3n Integra llama a retornar a los jardines infantiles para recuperar aprendizajes<\/span><\/strong><\/p>\n<div id=\"gtx-trans\" style=\"position: absolute; left: -50px; top: 4.31534px;\">\n<div class=\"gtx-trans-icon\"><\/div>\n<\/div>\n<\/div><\/section><\/div><div class=\"flex_column av_one_full  flex_column_div av-zero-column-padding first  avia-builder-el-4  el_after_av_one_full  el_before_av_hr  column-top-margin\" style='border-radius:0px; '><section class=\"av_textblock_section \"  itemscope=\"itemscope\" itemtype=\"https:\/\/schema.org\/BlogPosting\" itemprop=\"blogPost\" ><div class='avia_textblock  '   itemprop=\"text\" ><p style=\"font-weight: 400; text-align: justify;\">Durante el 2021 el proceso educativo desarrollado por los equipos de jardines infantiles, salas cuna y modalidades no convencionales tuvo caracter\u00edsticas particulares dadas las medidas sanitarias orientadas a prevenir y reducir los contagios del Covid-19. Durante el primer semestre se mantuvieron cuarentenas e interrupciones de la atenci\u00f3n presencial y aunque en el segundo semestre ya todos los jardines infantiles y salas cuna estuvieron abiertos, algunas familias optaron por no enviar a sus hijos e hijas.<\/p>\n<p style=\"font-weight: 400; text-align: justify;\">Isabel Roncallo Fandi\u00f1o, directora regional de Fundaci\u00f3n Integra, destaca que los equipos educativos y pedag\u00f3gicos desplegaron su creatividad y esfuerzo para darle continuidad al proceso educativo de los ni\u00f1os y ni\u00f1as, principalmente manteniendo un contacto estrecho y permanente con las familias para compartir actividades, recursos y orientaciones sobre el bienestar, desarrollo y aprendizaje de los p\u00e1rvulos.<\/p>\n<p style=\"font-weight: 400; text-align: justify;\">Sin embargo, el funcionamiento intermitente de los jardines infantiles o la baja asistencia de ni\u00f1os y ni\u00f1as impidi\u00f3 que, al finalizar el a\u00f1o, se aplicar\u00e1 el instrumento de evaluaci\u00f3n que se utiliza normalmente, Perfil de Logro de Aprendizajes de Educaci\u00f3n Parvularia (PLAEP), que busca mostrar el nivel de logro en relaci\u00f3n a los aprendizajes esperados para cada nivel educativo.<\/p>\n<p style=\"font-weight: 400; text-align: justify;\">\u201cAnte esta situaci\u00f3n y reconociendo la importancia de contar con informaci\u00f3n relevante sobre los niveles de desarrollo y aprendizaje de ni\u00f1os y ni\u00f1as, institucionalmente revisamos diversos instrumentos nacionales e internacionales que permitir\u00e1n medir de manera equitativa las dimensiones centrales del desarrollo de los p\u00e1rvulos\u201d, se\u00f1ala Roncallo Fandi\u00f1o.<\/p>\n<p style=\"font-weight: 400; text-align: justify;\">Se eligi\u00f3 Battelle Developmental Inventory Screening BDI ST2, m\u00e1s conocido como Battelle.\u00a0 Este es un instrumento que eval\u00faa el desarrollo infantil en ni\u00f1os y ni\u00f1as entre 0 y 8 a\u00f1os de edad, permitiendo identificar indicios de desfase en sus procesos de desarrollo. Para lograrlo, cuenta con 5 escalas (sociopersonal, adaptativa, motora, comunicaci\u00f3n y cognitiva). En cada una de ellas, se consideran 20 \u00edtems ordenados en dificultad creciente que van dando cuenta de los distintos hitos del desarrollo.<\/p>\n<p style=\"font-weight: 400; text-align: justify;\">El puntaje m\u00e1ximo para la prueba es de 200 puntos, con una escala de cero a dos puntos por cada \u00edtem, donde cero corresponde a no logrado, uno a medianamente logrado y dos para logrado totalmente. El instrumento se aplic\u00f3 entre los meses de octubre y noviembre con la colaboraci\u00f3n del Centro de Estudios de Primera Infancia (CEPI), a una muestra de 2.013 ni\u00f1os y ni\u00f1as, distribuidos a lo largo del pa\u00eds, con edades de 2, 4 y 5 a\u00f1os al momento de la aplicaci\u00f3n.<\/p>\n<p style=\"font-weight: 400; text-align: justify;\"><strong><em>\u00bfQu\u00e9 resultados se obtuvieron?<\/em><\/strong><\/p>\n<p style=\"font-weight: 400; text-align: justify;\">Uno de los principales resultados de la aplicaci\u00f3n del Battelle en Integra consiste en identificar la cantidad de ni\u00f1os y ni\u00f1as que logra lo m\u00ednimo esperado para su edad, en cada una de las escalas.<\/p>\n<p style=\"text-align: justify;\">Tabla\u00a01\u00a0&#8211; Porcentaje de ni\u00f1os\/as que logra lo m\u00ednimo esperado<\/p>\n<table style=\"font-weight: 400;\" width=\"0\">\n<tbody>\n<tr>\n<td width=\"217\"><strong>Escalas del Battelle<\/strong><\/td>\n<td width=\"124\"><strong>Ni\u00f1os\/as con<\/strong><\/p>\n<p><strong>2 a\u00f1os<\/strong><\/td>\n<td width=\"124\"><strong>Ni\u00f1os\/as con<\/strong><\/p>\n<p><strong>4 a\u00f1os<\/strong><\/td>\n<td width=\"124\"><strong>Ni\u00f1os\/as con<\/strong><\/p>\n<p><strong>5 a\u00f1os<\/strong><\/td>\n<\/tr>\n<tr>\n<td width=\"217\">\u00c1rea Adaptativa<\/td>\n<td width=\"124\">89,6%<\/td>\n<td width=\"124\">89,5%<\/td>\n<td width=\"124\">86,9%<\/td>\n<\/tr>\n<tr>\n<td width=\"217\">\u00c1rea Socio personal<\/td>\n<td width=\"124\">74,6%<\/td>\n<td width=\"124\">82,3%<\/td>\n<td width=\"124\">78,8%<\/td>\n<\/tr>\n<tr>\n<td width=\"217\">\u00c1rea de Comunicaci\u00f3n<\/td>\n<td width=\"124\">68,2%<\/td>\n<td width=\"124\">80,7%<\/td>\n<td width=\"124\">75,2%<\/td>\n<\/tr>\n<tr>\n<td width=\"217\">\u00c1rea Motora<\/td>\n<td width=\"124\">73,4%<\/td>\n<td width=\"124\">90,9%<\/td>\n<td width=\"124\">83,2%<\/td>\n<\/tr>\n<tr>\n<td width=\"217\">\u00c1rea Cognitiva<\/td>\n<td width=\"124\">85,5%<\/td>\n<td width=\"124\">88,8%<\/td>\n<td width=\"124\">78,8%<\/td>\n<\/tr>\n<\/tbody>\n<\/table>\n<p style=\"font-weight: 400; text-align: justify;\">Ver\u00f3nica C\u00e1rcamo Galaz, jefa Territorial de Calidad Educativa de Fundaci\u00f3n Integra, explic\u00f3 que al hacer el an\u00e1lisis por edad, son los ni\u00f1os\/as de dos a\u00f1os los que presenta los resultados m\u00e1s bajos, lo que se contrasta con los de ni\u00f1os\/as en el tramo de 4 a\u00f1os quienes en todas las escalas superan el 80%.<\/p>\n<p style=\"font-weight: 400; text-align: justify;\">\u201cLos antecedentes presentados son una fuente relevante de informaci\u00f3n que servir\u00e1 para que los distintos niveles institucionales puedan orientar sus decisiones para apoyar los procesos de desarrollo de los ni\u00f1os y ni\u00f1as, ofreciendo oportunidades de aprendizaje integrales y de calidad que estimulen las \u00e1reas donde se observan mayores brechas respecto a lo esperado en cada tramo\u201d, destaca C\u00e1rcamo Galaz.<\/p>\n<p style=\"font-weight: 400; text-align: justify;\">La Jefa Territorial de Calidad Educativa comenta que tambi\u00e9n existe una gran oportunidad de retomar y fortalecer el Enfoque de mediaci\u00f3n sociocultural del lenguaje que apunta a desarrollar la literacidad de los ni\u00f1os y ni\u00f1as que asisten a los jardines infantiles y salas cuna de Integra. \u201cDesde este modelo se presentan estrategias que se transformar\u00e1n en diversas oportunidades para que los ni\u00f1os y ni\u00f1as vayan avanzando en el desarrollo de su lenguaje y comunicaci\u00f3n\u201d, explica.<\/p>\n<p style=\"font-weight: 400; text-align: justify;\">Y agrega: \u201ces fundamental que estos antecedentes se complementen con otras fuentes de informaci\u00f3n que utiliza Fundaci\u00f3n Integra, como es el Instrumento de Evaluaci\u00f3n de Aprendizajes (IEA) y el Reporte de Aprendizajes desde las familias para contar con un panorama claro sobre cu\u00e1les son las principales fortalezas y necesidades de apoyo de los ni\u00f1os y ni\u00f1as que asisten a nuestros jardines infantiles\u201d.<\/p>\n<p style=\"font-weight: 400; text-align: justify;\">La directora regional aclara que es tranquilizador visualizar que el grupo de ni\u00f1os y ni\u00f1as que mostraron m\u00e1s bajos resultados es justo el que por edad contin\u00faa en el jard\u00edn infantil. \u201cTenemos una gran oportunidad para disminuir las brechas que ha generado la pandemia no solo en t\u00e9rminos de aprendizaje sino tambi\u00e9n de estimulaci\u00f3n para promover el desarrollo integral de los ni\u00f1os y ni\u00f1as y por ello es tan relevante el retorno presencial. Esperamos que todos los ni\u00f1os y ni\u00f1as puedan asistir a nuestros jardines infantiles y salas cuna, que retomen sus rutinas para que aprendan jugando\u201d, concluye.<\/p>\n<p style=\"font-weight: 400; text-align: justify;\">Integra pertenece a la Red de Fundaciones de la Presidencia de la Rep\u00fablica. Con 31 a\u00f1os de experiencia, es la red m\u00e1s grande de salas cuna y jardines infantiles del pa\u00eds con m\u00e1s de 1.200 establecimientos gratuitos, a los que asisten m\u00e1s 85 mil ni\u00f1os y ni\u00f1as en todo Chile.<\/p>\n<\/div><\/section><\/div><div  style='height:50px' class='hr hr-invisible   avia-builder-el-6  el_after_av_one_full  el_before_av_social_share '><span class='hr-inner ' ><span class='hr-inner-style'><\/span><\/span><\/div><\/p>\n<div  class='av-social-sharing-box  avia-builder-el-7  el_after_av_hr  el_before_av_hr  '><div class='av-share-box'><h5 class='av-share-link-description av-no-toc '>Compartir esta noticia<\/h5><ul class='av-share-box-list noLightbox'><li class='av-share-link av-social-link-facebook' ><a target=\"_blank\" aria-label=\"Compartir en Facebook\" href='https:\/\/www.facebook.com\/sharer.php?u=https:\/\/radiorevelacionfm.cl\/?p=15018&#038;t=Fundaci%C3%B3n%20Integra%20llama%20a%20retornar%20a%20los%20jardines%20infantiles%20para%20recuperar%20aprendizajes' aria-hidden='false' data-av_icon='\ue8f3' data-av_iconfont='entypo-fontello' title='' data-avia-related-tooltip='Compartir en Facebook' rel=\"noopener\"><span class='avia_hidden_link_text'>Compartir en Facebook<\/span><\/a><\/li><li class='av-share-link av-social-link-twitter' ><a target=\"_blank\" aria-label=\"Compartir en Twitter\" href='https:\/\/twitter.com\/share?text=Fundaci%C3%B3n%20Integra%20llama%20a%20retornar%20a%20los%20jardines%20infantiles%20para%20recuperar%20aprendizajes&#038;url=https:\/\/radiorevelacionfm.cl\/?p=15018' aria-hidden='false' data-av_icon='\ue8f1' data-av_iconfont='entypo-fontello' title='' data-avia-related-tooltip='Compartir en Twitter' rel=\"noopener\"><span class='avia_hidden_link_text'>Compartir en Twitter<\/span><\/a><\/li><li class='av-share-link av-social-link-whatsapp' ><a target=\"_blank\" aria-label=\"Compartir en Whatsapp\" href='https:\/\/api.whatsapp.com\/send?text=https:\/\/radiorevelacionfm.cl\/?p=15018' aria-hidden='false' data-av_icon='\uf232' data-av_iconfont='entypo-fontello' title='' data-avia-related-tooltip='Compartir en Whatsapp' rel=\"noopener\"><span class='avia_hidden_link_text'>Compartir en Whatsapp<\/span><\/a><\/li><li class='av-share-link av-social-link-linkedin' ><a target=\"_blank\" aria-label=\"Compartir en LinkedIn\" href='https:\/\/linkedin.com\/shareArticle?mini=true&#038;title=Fundaci%C3%B3n%20Integra%20llama%20a%20retornar%20a%20los%20jardines%20infantiles%20para%20recuperar%20aprendizajes&#038;url=https:\/\/radiorevelacionfm.cl\/?p=15018' aria-hidden='false' data-av_icon='\ue8fc' data-av_iconfont='entypo-fontello' title='' data-avia-related-tooltip='Compartir en LinkedIn' rel=\"noopener\"><span class='avia_hidden_link_text'>Compartir en LinkedIn<\/span><\/a><\/li><li class='av-share-link av-social-link-mail' ><a  aria-label=\"Compartir por correo\" href='mailto:?subject=Fundaci%C3%B3n%20Integra%20llama%20a%20retornar%20a%20los%20jardines%20infantiles%20para%20recuperar%20aprendizajes&#038;body=https:\/\/radiorevelacionfm.cl\/?p=15018' aria-hidden='false' data-av_icon='\ue805' data-av_iconfont='entypo-fontello' title='' data-avia-related-tooltip='Compartir por correo'><span class='avia_hidden_link_text'>Compartir por correo<\/span><\/a><\/li><\/ul><\/div><\/div>\n<div  style='height:50px' class='hr hr-invisible   avia-builder-el-8  el_after_av_social_share  el_before_av_comments_list '><span class='hr-inner ' ><span class='hr-inner-style'><\/span><\/span><\/div>\n<div  class='av-buildercomment  av-blog-meta-html-info-disabled av-blog-meta-tag-disabled  '><\/div>\n","protected":false},"excerpt":{"rendered":"","protected":false},"author":1,"featured_media":15019,"comment_status":"open","ping_status":"open","sticky":false,"template":"","format":"standard","meta":{"footnotes":""},"categories":[49],"tags":[],"class_list":["post-15018","post","type-post","status-publish","format-standard","has-post-thumbnail","hentry","category-educacion"],"jetpack_featured_media_url":"https:\/\/radiorevelacionfm.cl\/wp-content\/uploads\/2022\/03\/1-90-1-1.jpg","_links":{"self":[{"href":"https:\/\/radiorevelacionfm.cl\/index.php?rest_route=\/wp\/v2\/posts\/15018","targetHints":{"allow":["GET"]}}],"collection":[{"href":"https:\/\/radiorevelacionfm.cl\/index.php?rest_route=\/wp\/v2\/posts"}],"about":[{"href":"https:\/\/radiorevelacionfm.cl\/index.php?rest_route=\/wp\/v2\/types\/post"}],"author":[{"embeddable":true,"href":"https:\/\/radiorevelacionfm.cl\/index.php?rest_route=\/wp\/v2\/users\/1"}],"replies":[{"embeddable":true,"href":"https:\/\/radiorevelacionfm.cl\/index.php?rest_route=%2Fwp%2Fv2%2Fcomments&post=15018"}],"version-history":[{"count":2,"href":"https:\/\/radiorevelacionfm.cl\/index.php?rest_route=\/wp\/v2\/posts\/15018\/revisions"}],"predecessor-version":[{"id":15066,"href":"https:\/\/radiorevelacionfm.cl\/index.php?rest_route=\/wp\/v2\/posts\/15018\/revisions\/15066"}],"wp:featuredmedia":[{"embeddable":true,"href":"https:\/\/radiorevelacionfm.cl\/index.php?rest_route=\/wp\/v2\/media\/15019"}],"wp:attachment":[{"href":"https:\/\/radiorevelacionfm.cl\/index.php?rest_route=%2Fwp%2Fv2%2Fmedia&parent=15018"}],"wp:term":[{"taxonomy":"category","embeddable":true,"href":"https:\/\/radiorevelacionfm.cl\/index.php?rest_route=%2Fwp%2Fv2%2Fcategories&post=15018"},{"taxonomy":"post_tag","embeddable":true,"href":"https:\/\/radiorevelacionfm.cl\/index.php?rest_route=%2Fwp%2Fv2%2Ftags&post=15018"}],"curies":[{"name":"wp","href":"https:\/\/api.w.org\/{rel}","templated":true}]}}