{"id":15009,"date":"2022-03-25T10:46:35","date_gmt":"2022-03-25T13:46:35","guid":{"rendered":"https:\/\/radiorevelacionfm.cl\/?p=15009"},"modified":"2022-03-25T10:46:35","modified_gmt":"2022-03-25T13:46:35","slug":"proteccion-de-la-naturaleza-vs-modelo-economico-la-madre-de-las-batallas-ambientales","status":"publish","type":"post","link":"https:\/\/radiorevelacionfm.cl\/?p=15009","title":{"rendered":"Protecci\u00f3n de la naturaleza vs. modelo econ\u00f3mico: la madre de las batallas ambientales"},"content":{"rendered":"<div class=\"flex_column av_one_full  flex_column_div av-zero-column-padding first  avia-builder-el-0  el_before_av_one_full  avia-builder-el-first  \" style='border-radius:0px; '><div  class='avia-image-container  av-styling-    avia-builder-el-1  avia-builder-el-no-sibling  avia-align-center '  itemprop=\"image\" itemscope=\"itemscope\" itemtype=\"https:\/\/schema.org\/ImageObject\"  ><div class='avia-image-container-inner'><div class='avia-image-overlay-wrap'><img decoding=\"async\" class='wp-image-10586 avia-img-lazy-loading-not-10586 avia_image' src=\"https:\/\/radiorevelacionfm.cl\/wp-content\/uploads\/2021\/11\/bosques-1_optimized.jpg\" alt='' title='bosques-(1)_optimized' height=\"600\" width=\"903\"  itemprop=\"thumbnailUrl\" srcset=\"https:\/\/radiorevelacionfm.cl\/wp-content\/uploads\/2021\/11\/bosques-1_optimized.jpg 903w, https:\/\/radiorevelacionfm.cl\/wp-content\/uploads\/2021\/11\/bosques-1_optimized-300x199.jpg 300w, https:\/\/radiorevelacionfm.cl\/wp-content\/uploads\/2021\/11\/bosques-1_optimized-768x510.jpg 768w, https:\/\/radiorevelacionfm.cl\/wp-content\/uploads\/2021\/11\/bosques-1_optimized-705x468.jpg 705w, https:\/\/radiorevelacionfm.cl\/wp-content\/uploads\/2021\/11\/bosques-1_optimized-600x399.jpg 600w\" sizes=\"(max-width: 903px) 100vw, 903px\" \/><\/div><\/div><\/div><\/div><div class=\"flex_column av_one_full  flex_column_div av-zero-column-padding first  avia-builder-el-2  el_after_av_one_full  el_before_av_one_full  column-top-margin\" style='border-radius:0px; '><section class=\"av_textblock_section \"  itemscope=\"itemscope\" itemtype=\"https:\/\/schema.org\/BlogPosting\" itemprop=\"blogPost\" ><div class='avia_textblock  '   itemprop=\"text\" ><p style=\"text-align: center;\"><strong><span style=\"font-size: 18pt;\">Protecci\u00f3n de la naturaleza vs. modelo econ\u00f3mico: la madre de las batallas ambientales<\/span><\/strong><\/p>\n<div id=\"gtx-trans\" style=\"position: absolute; left: -50px; top: 4.31534px;\">\n<div class=\"gtx-trans-icon\"><\/div>\n<\/div>\n<\/div><\/section><\/div><div class=\"flex_column av_one_full  flex_column_div av-zero-column-padding first  avia-builder-el-4  el_after_av_one_full  el_before_av_hr  column-top-margin\" style='border-radius:0px; '><section class=\"av_textblock_section \"  itemscope=\"itemscope\" itemtype=\"https:\/\/schema.org\/BlogPosting\" itemprop=\"blogPost\" ><div class='avia_textblock  '   itemprop=\"text\" ><p style=\"text-align: justify;\">Este viernes el pleno de la Convenci\u00f3n Constitucional votar\u00e1 informe definitivo de la Comisi\u00f3n de Medio Ambiente. Ac\u00e1 te explicamos qu\u00e9 se quit\u00f3 y qu\u00e9 se agreg\u00f3 de la primera versi\u00f3n.<\/p>\n<p style=\"text-align: justify;\">Para las\u00a09:30 de la ma\u00f1ana\u00a0de este viernes est\u00e1 convocado el pleno de la Convenci\u00f3n Constitucional. Ese d\u00eda, para parte importante del pa\u00eds y los movimientos socioambientales se dar\u00e1 una de las disputas esenciales de todo el proceso: el respeto y cuidado del medio ambiente y la naturaleza vs. el modelo econ\u00f3mico extractivista.<\/p>\n<p style=\"text-align: justify;\">Luego del traspi\u00e9 del 16 de marzo, cuando\u00a0<a href=\"https:\/\/www.latercera.com\/pulso-pm\/noticia\/tras-el-rechazo-del-pleno-la-comision-de-medio-ambiente-de-la-convencion-aprueba-un-nuevo-articulo-que-otorga-derechos-a-la-naturaleza\/O23IT3IOPNHJJGARXVWIKKSSG4\/\" target=\"_blank\" rel=\"noopener noreferrer\">fueron aprobados en general s\u00f3lo 6 de los 40 art\u00edculos propuestos en el primer informe de la Comisi\u00f3n de Medio Ambiente<\/a> (y en particular s\u00f3lo medio art\u00edculo, en realidad), han sido intensas las negociaciones para presentar un texto con viabilidad pol\u00edtica de ser aprobado. Tarea que ha involucrado mejorar los art\u00edculos en lenguaje jur\u00eddico, pero tambi\u00e9n ceder. La pregunta para muchos hoy es: \u00bfcu\u00e1nto es el m\u00ednimo que se puede entregar sin perder el foco de cautelar lo esencial? Y eso esencial sigue siendo, una Constituci\u00f3n Ecol\u00f3gica.<\/p>\n<p style=\"text-align: justify;\">El nombre oficial de la comisi\u00f3n ya daba luces sobre lo dif\u00edcil de la tarea: Medio Ambiente, Derechos de la Naturaleza, Bienes Naturales Comunes y Modelo Econ\u00f3mico. El inter\u00e9s de incorporar todo lo posible, sin dejar nada fuera, m\u00e1s que convocar a amplias mayor\u00edas (los 2\/3 en el pleno son una barrera no f\u00e1cil de franquear) hac\u00eda correr el riesgo de dejar fuera a quienes sin ser extractivistas tienen una noci\u00f3n de corte m\u00e1s \u00ab<em>social<\/em>\u00bb y profundamente antropoc\u00e9ntrica. Idea que cruza no s\u00f3lo a la derecha, tambi\u00e9n a cierta izquierda tradicional.\u00a0\u00a0Si a eso agregamos el enfrentamiento sobre el modelo de desarrollo chileno, basado en la naturaleza como un <em>commodity<\/em>, la complejidad se acentuaba.<\/p>\n<p style=\"text-align: justify;\">Por eso, la propuesta que este viernes llegar\u00e1 al pleno reviste car\u00e1cter de fundamental. Y da cuenta del choque de visiones con un sector progresista para el cual el tema ambiental, el de los bienes comunes y no s\u00f3lo los derechos sociales garantizados, a\u00fan le es lejano.<\/p>\n<p style=\"text-align: justify;\">En ese espacio est\u00e1n parte del Colectivo Socialista, del Frente Amplio, de Independientes por la Nueva Constituci\u00f3n (ex INN) y de Chile Digno.\u00a0 Ma\u00f1ana sus votos ser\u00e1n fundamentales.<\/p>\n<h3 style=\"text-align: justify;\">Las tijeras del modelo<\/h3>\n<p style=\"text-align: justify;\">El\u00a0art\u00edculo 1\u02da\u00a0del primer informe de la comisi\u00f3n (que fue en su mayor\u00eda rechazado) se hac\u00eda cargo de un tema sobre el cual se supon\u00eda ya hab\u00eda cierto acuerdo:\u00a0el cambio clim\u00e1tico.<\/p>\n<p style=\"text-align: justify;\">En la propuesta original, adem\u00e1s de todo lo ya conocido, se se\u00f1alaba que \u00ab<em>el Estado reconoce la existencia de la crisis clim\u00e1tica y ecol\u00f3gica como consecuencia de la actividad humana<\/em>\u00ab.\u00a0Esta frase, cr\u00edtica para hacerse cargo de que es nuestra forma de habitar el planeta la responsable de la grave situaci\u00f3n ambiental global y que para enfrentarla deben generarse cambios profundos, fue eliminada de ra\u00edz.<\/p>\n<p style=\"text-align: justify;\">Adem\u00e1s, se borr\u00f3 en los siguientes todo lo relacionado con las formas de enfrentar el predicamento actual, quedando un s\u00f3lo art\u00edculo en gen\u00e9rico sobre crisis clim\u00e1tica.<\/p>\n<p style=\"text-align: justify;\">El art\u00edculo 4\u02da y los posteriores consagraban los derechos de la naturaleza. Pero no s\u00f3lo aquello. Tambi\u00e9n daba una fuerte se\u00f1al sobre la incorporaci\u00f3n de la visi\u00f3n de los pueblos originarios, al aludir al mismo concepto pero en sus propias lenguas. El nuevo art\u00edculo 2\u02da elimin\u00f3 toda menci\u00f3n a las naciones ancestrales.<\/p>\n<p style=\"text-align: justify;\">Desde el\u00a0art\u00edculo 12\u02da al 18\u02da\u00a0se alud\u00eda a los\u00a0bienes comunes, mencionando entre \u00e9stos \u00ab<em>las aguas en todas sus formas e interfases, incluyendo glaciares y cri\u00f3sfera; el mar territorial, la altamar y el fondo marino; las playas, dunas y el borde costero; el subsuelo; los humedales; el aire, viento y atm\u00f3sfera; la radiaci\u00f3n solar; los campos geot\u00e9rmicos; la alta monta\u00f1a; el cielo y el espacio<\/em>\u00ab. Aunque en la propuesta de reemplazo se mantuvo la figura, se elimin\u00f3 toda menci\u00f3n a cu\u00e1les ser\u00edan \u00e9stos.<\/p>\n<p style=\"text-align: justify;\">En esta materia, las destacadas profesoras de Derecho Ambiental Dominique Herv\u00e9 y\u00a0\u00a0Ver\u00f3nica Delgado han realizado una\u00a0<a href=\"https:\/\/espaciopublico.cl\/el-manifiesto\/\" target=\"_blank\" rel=\"noopener noreferrer\">fuerte presi\u00f3n<\/a>\u00a0para que se incorporen\u00a0<a href=\"https:\/\/flacsolab.cl\/no-perdamos-la-oportunidad\/\" target=\"_blank\" rel=\"noopener noreferrer\">sus propuestas<\/a> sobre bienes comunes naturales y la figura de Custodia P\u00fablica de la Naturaleza. Planteamientos que es posible esperen se repongan en la discusi\u00f3n de ma\u00f1ana.<\/p>\n<p style=\"text-align: justify;\">En el original\u00a0art\u00edculo 19\u02da\u00a0se garantizaba el\u00a0acceso p\u00fablico y responsable\u00a0a \u00ab<em>monta\u00f1as, bosques nativos, salares, r\u00edos y riberas, mar y playas, humedales, lagos, lagunas, y caminos ancestrales<\/em>\u00ab. En la nueva versi\u00f3n no quedaron los bosques nativos, los salares, los humedales, las lagunas ni los caminos ancestrales.\u00a0\u00a0El objetivo de incluir estas figuras era, respetando el derecho de propiedad, reconocer la funci\u00f3n ambiental y, particularmente, social de \u00e9sta en el caso de ciertos bienes comunes.<\/p>\n<p style=\"text-align: justify;\">En el\u00a0art\u00edculo 20\u02da, en tanto, se materializaba el principio que propend\u00eda a la\u00a0gesti\u00f3n de los residuos, aportando formas de cumplir aquello. En el informe de reemplazo qued\u00f3 s\u00f3lo \u00ab<em>e<\/em><em>s deber del Estado normar y fomentar la gesti\u00f3n, reducci\u00f3n y valorizaci\u00f3n de residuos<\/em>\u00ab, rechazando una propuesta que apuntaba a que se concluyera con la frase \u00ab<em>d<\/em><em>icha gesti\u00f3n deber\u00e1 ser ambientalmente sustentable<\/em>\u00ab.<\/p>\n<p style=\"text-align: justify;\">Se eliminaron, adem\u00e1s, los art\u00edculos sobre derecho a la vivienda digna y ecol\u00f3gica, y la protecci\u00f3n de la biodiversidad. Sobre los animales, en el nuevo \u00a0art\u00edculo 20\u02da, qued\u00f3 que \u00e9stos \u00ab<em>son sujetos de especial protecci\u00f3n. El Estado los proteger\u00e1, reconociendo su sintiencia<\/em>\u00ab. Fuera qued\u00f3 que se reconociera su \u00ab<em>individualidad y derecho a vivir una vida libre de maltrato<\/em>\u00bb y la obligatoriedad de establecer una institucionalidad que garantice aquello.<\/p>\n<p style=\"text-align: justify;\">En la propuesta actual s\u00ed se cautelan ciertos\u00a0principios esenciales\u00a0para la protecci\u00f3n de la naturaleza y el medio ambiente, quedando en el\u00a0art\u00edculo 26\u02da\u00a0\u00ab<em>progresividad, precautorio, preventivo, justicia ambiental, solidaridad intergeneracional, responsabilidad y acci\u00f3n clim\u00e1tica justa<\/em>\u00ab. Eso s\u00ed, se borr\u00f3 todo lo relacionado con principios de la cosmovisi\u00f3n ind\u00edgena.<\/p>\n<p style=\"text-align: justify;\">Y, por \u00faltimo, se elimin\u00f3 toda alusi\u00f3n a los deberes de las personas de proteger la naturaleza, comunidades resilientes, delitos ambientales, responsabilidad en materia ambiental.<\/p>\n<p style=\"text-align: justify;\">S\u00ed se aprob\u00f3 el concepto de\u00a0democracia ambiental, propendiendo a la \u00ab<em>participaci\u00f3n informada<\/em>\u00bb y el \u00ab<em>derecho a acceder a la informaci\u00f3n ambiental que conste en poder o custodia del Estado. Los particulares deber\u00e1n entregar la informaci\u00f3n ambiental relacionada con su actividad<\/em>\u00ab.\u00a0\u00a0Claro que no se estableci\u00f3 distingo alguno en esta materia con los derechos de los pueblos originarios.<\/p>\n<p style=\"text-align: justify;\">Sobre los pueblos originarios, es preciso se\u00f1alar que aunque no fueron foco en las propuestas asociadas a la naturaleza, este mi\u00e9rcoles el pleno ya aprob\u00f3 por amplia mayor\u00eda que \u00ab<em>Chile es un Estado Plurinacional e Intercultural que reconoce la coexistencia de diversas naciones y pueblos en el marco de la unidad del Estado<\/em>\u00ab, por lo cual estas cosmovisiones \u00edntimamente ligadas a la naturaleza estar\u00edan ya siendo cauteladas en la propuesta de borrador de nueva Carta Fundamental.<\/p>\n<h3 style=\"text-align: justify;\">\u00bfDejar caer lo accesorio, salvar lo esencial?<\/h3>\n<p style=\"text-align: justify;\">Dejemos algo claro: la propuesta que ha emergido de la comisi\u00f3n es un avance con relaci\u00f3n a lo que la actual Constituci\u00f3n se\u00f1ala en materia ecol\u00f3gica y ambiental, principalmente en el art\u00edculo 19 n\u00famero 8 sobre el derecho a vivir en un medio ambiente libre de contaminaci\u00f3n. Pero para los movimientos socioambientales, muchos de los cuales est\u00e1n anclados en territorios que viven la presi\u00f3n agroindustrial, minera, salmonera, hidroel\u00e9ctrica, todav\u00eda no es suficiente.<\/p>\n<p style=\"text-align: justify;\">La disputa ha sido ideol\u00f3gica, pero tambi\u00e9n de forma. Aunque muchas veces esto \u00faltimo ha sido m\u00e1s un pretexto para no reconocer las diferencias de paradigma.<\/p>\n<p style=\"text-align: justify;\">El mejor ejemplo es la cr\u00edtica al nivel de detalle que las y los convencionales con mirada ecologista quieren llegar. En l\u00ednea con la figura de Constituci\u00f3n \u00ab<em>minimalista<\/em>\u00bb que algunos proponen. Normalmente este planteamiento es realizado por quienes se reconocen minor\u00eda en la Convenci\u00f3n, apostando a que el margen abierto les permita hacer las precisiones en otros momentos, con otra correlaci\u00f3n de fuerzas en el Congreso.<\/p>\n<p style=\"text-align: justify;\">Lo parad\u00f3jico es que quienes esto se\u00f1alan nada dicen del nivel de especificidad que la actual Constituci\u00f3n s\u00ed tiene en una materia que les es fundamental: el derecho de propiedad individual.<\/p>\n<p style=\"text-align: justify;\">Dice el art\u00edculo 19 n\u00famero 24 que en el caso de las expropiaciones del Estado \u00ab<em>a falta de acuerdo, la indemnizaci\u00f3n deber\u00e1 ser pagada en dinero efectivo al contado<\/em>\u00ab. Este p\u00e1rrafo nada tiene de general, minimalista ni de alto vuelo.<\/p>\n<p style=\"text-align: justify;\">\u00bfPor qu\u00e9 el legislador as\u00ed lo quiso y, consecuentemente, materializ\u00f3?\u00a0\u00a0Simplemente porque para los ide\u00f3logos del modelo de sociedad neoliberal impuesto en la Dictadura, dejar amarrado todo lo relacionado con la propiedad privada era fundamental. Es \u00e9ste el mismo objetivo de quienes pretenden una Constituci\u00f3n Ecol\u00f3gica, m\u00e1s all\u00e1 de discusiones supuestamente objetivas sobre la t\u00e9cnica legislativa. Porque \u00e9sta es una disputa pol\u00edtica.<\/p>\n<p style=\"text-align: justify;\">S\u00ed, por la mirada territorial, por las luchas que se dan d\u00eda a d\u00eda en demasiados r\u00edos, demasiadas monta\u00f1as, demasiados lagos y mares, se ha intentado acotarlo todo. Quiz\u00e1s demasiado, pero esto tambi\u00e9n es responsabilidad del modelo extractivista que, lo digo por experiencia propia, nos ha tocado enfrentar.<\/p>\n<p style=\"text-align: justify;\">Por lo dem\u00e1s, hoy por hoy existe cierto acuerdo entre la elite progresista sobre materias relacionadas con el matrimonio homosexual, la despenalizaci\u00f3n del consumo de marihuana y los derechos de los pueblos originarios (cuando no toca lo relacionado con la naturaleza, por cierto).\u00a0 No as\u00ed cuando hablamos de cambiar el modelo de desarrollo extractivista, donde el cuidado ambiental, el respeto de los ciclos ecosist\u00e9micos, la regeneraci\u00f3n y la restauraci\u00f3n de la biodiversidad, la gobernanza democr\u00e1tica sobre la gesti\u00f3n de los territorios e, incluso, la cosmovisi\u00f3n ind\u00edgena, es visto como una traba a lo que entienden por progreso.<\/p>\n<p style=\"text-align: justify;\">Lo que no se asimila es que su defensa de lo \u00absocial\u00bb parad\u00f3jicamente sigue empujando a demasiados a la precariedad y vulnerabilidad, adem\u00e1s de seguir concentrando riqueza producto de la acumulaci\u00f3n en pocas manos de la naturaleza en su funci\u00f3n productiva. Un tema que cierta izquierda se ha negado, insistentemente, a enfrentar.<\/p>\n<p style=\"text-align: justify;\">Este viernes 25 de marzo, a las 9,30 horas, ser\u00e1 el momento de la pol\u00edtica real. De la que m\u00e1s all\u00e1 de los principios declarados, debe hacerse cargo de convencer a otros, negociar, alinearse en los temas de fondo, m\u00e1s all\u00e1 de las formas. Ser\u00e1 un debate intenso, qu\u00e9 duda cabe. Tomar\u00e1 todo el d\u00eda. Pero es uno que nos merecemos como sociedad. Quien quiera podr\u00e1 seguirlo online en <a href=\"https:\/\/convencion.tv\/\" target=\"_blank\" rel=\"noopener noreferrer\">https:\/\/convencion.tv<\/a>.<\/p>\n<p style=\"text-align: justify;\">Y tambi\u00e9n ser\u00e1 ma\u00f1ana el d\u00eda de la ciudadan\u00eda.<\/p>\n<p style=\"text-align: justify;\">Los eco-constituyentes han convocado a una manifestaci\u00f3n desde las 12:00 horas en las afueras del ex Congreso Nacional en Santiago, sede de la Convenci\u00f3n Constitucional.\u00a0 Y en paralelo, una multiplicidad de organizaciones como MODATIMA, Glaciares Libres, Fridays for Future-Chile, Defensa Ambiental, el Movimiento por el Agua y los Territorios (MAT), entre otras, est\u00e1n llamando a reunirse en el mismo lugar desde las 11:00 horas.<\/p>\n<p style=\"text-align: justify;\">Porque el cambio ser\u00e1 en la Convenci\u00f3n, claro est\u00e1. Pero tambi\u00e9n en las casas, calles y plazas, porque ser\u00e1 el momento en que definiremos el camino que, en materia socioambiental, recorreremos como sociedad.<\/p>\n<p>Por:<span class=\"v1gmail-Apple-converted-space\">\u00a0<\/span>Patricio Segura<span class=\"v1gmail-Apple-converted-space\">\u00a0<\/span>|<\/p>\n<\/div><\/section><\/div><div  style='height:50px' class='hr hr-invisible   avia-builder-el-6  el_after_av_one_full  el_before_av_social_share '><span class='hr-inner ' ><span class='hr-inner-style'><\/span><\/span><\/div><\/p>\n<div  class='av-social-sharing-box  avia-builder-el-7  el_after_av_hr  el_before_av_hr  '><div class='av-share-box'><h5 class='av-share-link-description av-no-toc '>Compartir esta noticia<\/h5><ul class='av-share-box-list noLightbox'><li class='av-share-link av-social-link-facebook' ><a target=\"_blank\" aria-label=\"Compartir en Facebook\" href='https:\/\/www.facebook.com\/sharer.php?u=https:\/\/radiorevelacionfm.cl\/?p=15009&#038;t=Protecci%C3%B3n%20de%20la%20naturaleza%20vs.%20modelo%20econ%C3%B3mico%3A%20la%20madre%20de%20las%20batallas%20ambientales' aria-hidden='false' data-av_icon='\ue8f3' data-av_iconfont='entypo-fontello' title='' data-avia-related-tooltip='Compartir en Facebook' rel=\"noopener\"><span class='avia_hidden_link_text'>Compartir en Facebook<\/span><\/a><\/li><li class='av-share-link av-social-link-twitter' ><a target=\"_blank\" aria-label=\"Compartir en Twitter\" href='https:\/\/twitter.com\/share?text=Protecci%C3%B3n%20de%20la%20naturaleza%20vs.%20modelo%20econ%C3%B3mico%3A%20la%20madre%20de%20las%20batallas%20ambientales&#038;url=https:\/\/radiorevelacionfm.cl\/?p=15009' aria-hidden='false' data-av_icon='\ue8f1' data-av_iconfont='entypo-fontello' title='' data-avia-related-tooltip='Compartir en Twitter' rel=\"noopener\"><span class='avia_hidden_link_text'>Compartir en Twitter<\/span><\/a><\/li><li class='av-share-link av-social-link-whatsapp' ><a target=\"_blank\" aria-label=\"Compartir en Whatsapp\" href='https:\/\/api.whatsapp.com\/send?text=https:\/\/radiorevelacionfm.cl\/?p=15009' aria-hidden='false' data-av_icon='\uf232' data-av_iconfont='entypo-fontello' title='' data-avia-related-tooltip='Compartir en Whatsapp' rel=\"noopener\"><span class='avia_hidden_link_text'>Compartir en Whatsapp<\/span><\/a><\/li><li class='av-share-link av-social-link-linkedin' ><a target=\"_blank\" aria-label=\"Compartir en LinkedIn\" href='https:\/\/linkedin.com\/shareArticle?mini=true&#038;title=Protecci%C3%B3n%20de%20la%20naturaleza%20vs.%20modelo%20econ%C3%B3mico%3A%20la%20madre%20de%20las%20batallas%20ambientales&#038;url=https:\/\/radiorevelacionfm.cl\/?p=15009' aria-hidden='false' data-av_icon='\ue8fc' data-av_iconfont='entypo-fontello' title='' data-avia-related-tooltip='Compartir en LinkedIn' rel=\"noopener\"><span class='avia_hidden_link_text'>Compartir en LinkedIn<\/span><\/a><\/li><li class='av-share-link av-social-link-mail' ><a  aria-label=\"Compartir por correo\" href='mailto:?subject=Protecci%C3%B3n%20de%20la%20naturaleza%20vs.%20modelo%20econ%C3%B3mico%3A%20la%20madre%20de%20las%20batallas%20ambientales&#038;body=https:\/\/radiorevelacionfm.cl\/?p=15009' aria-hidden='false' data-av_icon='\ue805' data-av_iconfont='entypo-fontello' title='' data-avia-related-tooltip='Compartir por correo'><span class='avia_hidden_link_text'>Compartir por correo<\/span><\/a><\/li><\/ul><\/div><\/div>\n<div  style='height:50px' class='hr hr-invisible   avia-builder-el-8  el_after_av_social_share  el_before_av_comments_list '><span class='hr-inner ' ><span class='hr-inner-style'><\/span><\/span><\/div>\n<div  class='av-buildercomment  av-blog-meta-html-info-disabled av-blog-meta-tag-disabled  '><\/div>\n","protected":false},"excerpt":{"rendered":"","protected":false},"author":1,"featured_media":10586,"comment_status":"open","ping_status":"open","sticky":false,"template":"","format":"standard","meta":{"footnotes":""},"categories":[39],"tags":[],"class_list":["post-15009","post","type-post","status-publish","format-standard","has-post-thumbnail","hentry","category-medio-ambiente"],"jetpack_featured_media_url":"https:\/\/radiorevelacionfm.cl\/wp-content\/uploads\/2021\/11\/bosques-1_optimized.jpg","_links":{"self":[{"href":"https:\/\/radiorevelacionfm.cl\/index.php?rest_route=\/wp\/v2\/posts\/15009","targetHints":{"allow":["GET"]}}],"collection":[{"href":"https:\/\/radiorevelacionfm.cl\/index.php?rest_route=\/wp\/v2\/posts"}],"about":[{"href":"https:\/\/radiorevelacionfm.cl\/index.php?rest_route=\/wp\/v2\/types\/post"}],"author":[{"embeddable":true,"href":"https:\/\/radiorevelacionfm.cl\/index.php?rest_route=\/wp\/v2\/users\/1"}],"replies":[{"embeddable":true,"href":"https:\/\/radiorevelacionfm.cl\/index.php?rest_route=%2Fwp%2Fv2%2Fcomments&post=15009"}],"version-history":[{"count":2,"href":"https:\/\/radiorevelacionfm.cl\/index.php?rest_route=\/wp\/v2\/posts\/15009\/revisions"}],"predecessor-version":[{"id":15046,"href":"https:\/\/radiorevelacionfm.cl\/index.php?rest_route=\/wp\/v2\/posts\/15009\/revisions\/15046"}],"wp:featuredmedia":[{"embeddable":true,"href":"https:\/\/radiorevelacionfm.cl\/index.php?rest_route=\/wp\/v2\/media\/10586"}],"wp:attachment":[{"href":"https:\/\/radiorevelacionfm.cl\/index.php?rest_route=%2Fwp%2Fv2%2Fmedia&parent=15009"}],"wp:term":[{"taxonomy":"category","embeddable":true,"href":"https:\/\/radiorevelacionfm.cl\/index.php?rest_route=%2Fwp%2Fv2%2Fcategories&post=15009"},{"taxonomy":"post_tag","embeddable":true,"href":"https:\/\/radiorevelacionfm.cl\/index.php?rest_route=%2Fwp%2Fv2%2Ftags&post=15009"}],"curies":[{"name":"wp","href":"https:\/\/api.w.org\/{rel}","templated":true}]}}