{"id":15005,"date":"2022-03-24T15:50:19","date_gmt":"2022-03-24T18:50:19","guid":{"rendered":"https:\/\/radiorevelacionfm.cl\/?p=15005"},"modified":"2022-03-24T15:50:19","modified_gmt":"2022-03-24T18:50:19","slug":"dia-de-la-tuberculosis-bovina-sag-aysen-llama-a-productores-as-a-informarse-y-cumplir-con-la-normativa-para-erradicar-la-tuberculosis","status":"publish","type":"post","link":"https:\/\/radiorevelacionfm.cl\/?p=15005","title":{"rendered":"D\u00eda de la tuberculosis Bovina: SAG Ays\u00e9n llama a productores\/as a informarse y cumplir con la normativa para erradicar la tuberculosis"},"content":{"rendered":"<div class=\"flex_column av_one_full  flex_column_div av-zero-column-padding first  avia-builder-el-0  el_before_av_one_full  avia-builder-el-first  \" style='border-radius:0px; '><div  class='avia-image-container  av-styling-    avia-builder-el-1  avia-builder-el-no-sibling  avia-align-center '  itemprop=\"image\" itemscope=\"itemscope\" itemtype=\"https:\/\/schema.org\/ImageObject\"  ><div class='avia-image-container-inner'><div class='avia-image-overlay-wrap'><img decoding=\"async\" class='wp-image-15006 avia-img-lazy-loading-not-15006 avia_image' src=\"https:\/\/radiorevelacionfm.cl\/wp-content\/uploads\/2022\/03\/tbb2_optimized.jpg\" alt='' title='tbb2_optimized' height=\"600\" width=\"814\"  itemprop=\"thumbnailUrl\" srcset=\"https:\/\/radiorevelacionfm.cl\/wp-content\/uploads\/2022\/03\/tbb2_optimized.jpg 814w, https:\/\/radiorevelacionfm.cl\/wp-content\/uploads\/2022\/03\/tbb2_optimized-300x221.jpg 300w, https:\/\/radiorevelacionfm.cl\/wp-content\/uploads\/2022\/03\/tbb2_optimized-768x566.jpg 768w, https:\/\/radiorevelacionfm.cl\/wp-content\/uploads\/2022\/03\/tbb2_optimized-705x520.jpg 705w, https:\/\/radiorevelacionfm.cl\/wp-content\/uploads\/2022\/03\/tbb2_optimized-600x442.jpg 600w\" sizes=\"(max-width: 814px) 100vw, 814px\" \/><\/div><\/div><\/div><\/div><div class=\"flex_column av_one_full  flex_column_div av-zero-column-padding first  avia-builder-el-2  el_after_av_one_full  el_before_av_one_full  column-top-margin\" style='border-radius:0px; '><section class=\"av_textblock_section \"  itemscope=\"itemscope\" itemtype=\"https:\/\/schema.org\/BlogPosting\" itemprop=\"blogPost\" ><div class='avia_textblock  '   itemprop=\"text\" ><p style=\"text-align: center;\"><strong><span style=\"font-size: 18pt;\">D\u00eda de la tuberculosis Bovina: SAG Ays\u00e9n llama a productores\/as a informarse y cumplir con la normativa para erradicar la tuberculosis<\/span><\/strong><\/p>\n<div id=\"gtx-trans\" style=\"position: absolute; left: -50px; top: 4.31534px;\">\n<div class=\"gtx-trans-icon\"><\/div>\n<\/div>\n<\/div><\/section><\/div><div class=\"flex_column av_one_full  flex_column_div av-zero-column-padding first  avia-builder-el-4  el_after_av_one_full  el_before_av_hr  column-top-margin\" style='border-radius:0px; '><section class=\"av_textblock_section \"  itemscope=\"itemscope\" itemtype=\"https:\/\/schema.org\/BlogPosting\" itemprop=\"blogPost\" ><div class='avia_textblock  '   itemprop=\"text\" ><p style=\"text-align: justify;\">El 24 de marzo se conmemora el d\u00eda mundial de la tuberculosis, en recuerdo al d\u00eda en el que Robert Koch descubri\u00f3 el bacilo causante de esta enfermedad en humanos en el a\u00f1o 1882. La tuberculosis (TB) puede afectar a humanos y a otros mam\u00edferos de distintas especies, dentro de las cuales est\u00e1n los bovinos, porcinos, y eventualmente perros y gatos.<\/p>\n<p style=\"text-align: justify;\">Entre los animales, la tuberculosis bovina (TBb) es las enfermedades de mayor impacto, ya que implica altas p\u00e9rdidas econ\u00f3micas para la ganader\u00eda, as\u00ed como el potencial de transmitir la infecci\u00f3n desde bovinos infectados a seres humanos (zoonosis).<\/p>\n<p style=\"text-align: justify;\">En Chile, la vigilancia de la TBb comenz\u00f3 durante la d\u00e9cada de los 80\u2019s, y el a\u00f1o 2011 se lanz\u00f3 el programa oficial de control y erradicaci\u00f3n de la enfermedad, el cual ha permitido reducir la ocurrencia de la enfermedad y las p\u00e9rdidas que implica, as\u00ed como mejorar el acceso a mercados para la exportaci\u00f3n de animales y productos.<\/p>\n<p style=\"text-align: justify;\">Nicol\u00e1s\u00a0Valdivieso\u00a0Cariola, Encargado Regional, Protecci\u00f3n Pecuaria, se\u00f1ala \u201cen la regi\u00f3n de Ays\u00e9n, en este momento no tenemos casos de Tuberculosis bovina activa, sin embargo, el SAG se mantiene en constante alerta en investigaciones por sospecha, el Servicio siempre frente a una sospecha se trasladar\u00e1 al predio para \u00a0atender la denuncia. Es importante que si los resultados son positivos o reactores a las pruebas tuberculinas el productor o veterinario autorizado debe avisar al SAG.<\/p>\n<p style=\"text-align: justify;\">Por otra parte realiz\u00f3 un llamado a los productores\/as que al momento de comprar ganado fuera de la regi\u00f3n lo hagan dentro de la zona de erradicaci\u00f3n e idealmente predios libres\u201d.<\/p>\n<p style=\"text-align: justify;\">El desaf\u00edo de erradicar la TBb sigue presente, y en la regi\u00f3n de Ays\u00e9n el Servicio Agr\u00edcola y Ganadero busca en el corto plazo poder declarar Ays\u00e9n como la primera regi\u00f3n libre de Tuberculosis bovina. Es por esto que el trabajo debemos realizarlo en conjunto y \u00a0ganaderos y comerciantes de ganado de todas las escalas, deben informarse, cumplir la normativa y facilitar la vigilancia de la tuberculosis bovina, indic\u00f3 el M\u00e9dico Veterinario Nicol\u00e1s Valdivieso.<\/p>\n<\/div><\/section><\/div><div  style='height:50px' class='hr hr-invisible   avia-builder-el-6  el_after_av_one_full  el_before_av_social_share '><span class='hr-inner ' ><span class='hr-inner-style'><\/span><\/span><\/div><\/p>\n<div  class='av-social-sharing-box  avia-builder-el-7  el_after_av_hr  el_before_av_hr  '><div class='av-share-box'><h5 class='av-share-link-description av-no-toc '>Compartir esta noticia<\/h5><ul class='av-share-box-list noLightbox'><li class='av-share-link av-social-link-facebook' ><a target=\"_blank\" aria-label=\"Compartir en Facebook\" href='https:\/\/www.facebook.com\/sharer.php?u=https:\/\/radiorevelacionfm.cl\/?p=15005&#038;t=D%C3%ADa%20de%20la%20tuberculosis%20Bovina%3A%20SAG%20Ays%C3%A9n%20llama%20a%20productores%2Fas%20a%20informarse%20y%20cumplir%20con%20la%20normativa%20para%20erradicar%20la%20tuberculosis' aria-hidden='false' data-av_icon='\ue8f3' data-av_iconfont='entypo-fontello' title='' data-avia-related-tooltip='Compartir en Facebook' rel=\"noopener\"><span class='avia_hidden_link_text'>Compartir en Facebook<\/span><\/a><\/li><li class='av-share-link av-social-link-twitter' ><a target=\"_blank\" aria-label=\"Compartir en Twitter\" href='https:\/\/twitter.com\/share?text=D%C3%ADa%20de%20la%20tuberculosis%20Bovina%3A%20SAG%20Ays%C3%A9n%20llama%20a%20productores%2Fas%20a%20informarse%20y%20cumplir%20con%20la%20normativa%20para%20erradicar%20la%20tuberculosis&#038;url=https:\/\/radiorevelacionfm.cl\/?p=15005' aria-hidden='false' data-av_icon='\ue8f1' data-av_iconfont='entypo-fontello' title='' data-avia-related-tooltip='Compartir en Twitter' rel=\"noopener\"><span class='avia_hidden_link_text'>Compartir en Twitter<\/span><\/a><\/li><li class='av-share-link av-social-link-whatsapp' ><a target=\"_blank\" aria-label=\"Compartir en Whatsapp\" href='https:\/\/api.whatsapp.com\/send?text=https:\/\/radiorevelacionfm.cl\/?p=15005' aria-hidden='false' data-av_icon='\uf232' data-av_iconfont='entypo-fontello' title='' data-avia-related-tooltip='Compartir en Whatsapp' rel=\"noopener\"><span class='avia_hidden_link_text'>Compartir en Whatsapp<\/span><\/a><\/li><li class='av-share-link av-social-link-linkedin' ><a target=\"_blank\" aria-label=\"Compartir en LinkedIn\" href='https:\/\/linkedin.com\/shareArticle?mini=true&#038;title=D%C3%ADa%20de%20la%20tuberculosis%20Bovina%3A%20SAG%20Ays%C3%A9n%20llama%20a%20productores%2Fas%20a%20informarse%20y%20cumplir%20con%20la%20normativa%20para%20erradicar%20la%20tuberculosis&#038;url=https:\/\/radiorevelacionfm.cl\/?p=15005' aria-hidden='false' data-av_icon='\ue8fc' data-av_iconfont='entypo-fontello' title='' data-avia-related-tooltip='Compartir en LinkedIn' rel=\"noopener\"><span class='avia_hidden_link_text'>Compartir en LinkedIn<\/span><\/a><\/li><li class='av-share-link av-social-link-mail' ><a  aria-label=\"Compartir por correo\" href='mailto:?subject=D%C3%ADa%20de%20la%20tuberculosis%20Bovina%3A%20SAG%20Ays%C3%A9n%20llama%20a%20productores%2Fas%20a%20informarse%20y%20cumplir%20con%20la%20normativa%20para%20erradicar%20la%20tuberculosis&#038;body=https:\/\/radiorevelacionfm.cl\/?p=15005' aria-hidden='false' data-av_icon='\ue805' data-av_iconfont='entypo-fontello' title='' data-avia-related-tooltip='Compartir por correo'><span class='avia_hidden_link_text'>Compartir por correo<\/span><\/a><\/li><\/ul><\/div><\/div>\n<div  style='height:50px' class='hr hr-invisible   avia-builder-el-8  el_after_av_social_share  el_before_av_comments_list '><span class='hr-inner ' ><span class='hr-inner-style'><\/span><\/span><\/div>\n<div  class='av-buildercomment  av-blog-meta-html-info-disabled av-blog-meta-tag-disabled  '><\/div>\n","protected":false},"excerpt":{"rendered":"","protected":false},"author":1,"featured_media":15006,"comment_status":"open","ping_status":"open","sticky":false,"template":"","format":"standard","meta":{"footnotes":""},"categories":[58],"tags":[],"class_list":["post-15005","post","type-post","status-publish","format-standard","has-post-thumbnail","hentry","category-agricultura"],"jetpack_featured_media_url":"https:\/\/radiorevelacionfm.cl\/wp-content\/uploads\/2022\/03\/tbb2_optimized.jpg","_links":{"self":[{"href":"https:\/\/radiorevelacionfm.cl\/index.php?rest_route=\/wp\/v2\/posts\/15005","targetHints":{"allow":["GET"]}}],"collection":[{"href":"https:\/\/radiorevelacionfm.cl\/index.php?rest_route=\/wp\/v2\/posts"}],"about":[{"href":"https:\/\/radiorevelacionfm.cl\/index.php?rest_route=\/wp\/v2\/types\/post"}],"author":[{"embeddable":true,"href":"https:\/\/radiorevelacionfm.cl\/index.php?rest_route=\/wp\/v2\/users\/1"}],"replies":[{"embeddable":true,"href":"https:\/\/radiorevelacionfm.cl\/index.php?rest_route=%2Fwp%2Fv2%2Fcomments&post=15005"}],"version-history":[{"count":2,"href":"https:\/\/radiorevelacionfm.cl\/index.php?rest_route=\/wp\/v2\/posts\/15005\/revisions"}],"predecessor-version":[{"id":15008,"href":"https:\/\/radiorevelacionfm.cl\/index.php?rest_route=\/wp\/v2\/posts\/15005\/revisions\/15008"}],"wp:featuredmedia":[{"embeddable":true,"href":"https:\/\/radiorevelacionfm.cl\/index.php?rest_route=\/wp\/v2\/media\/15006"}],"wp:attachment":[{"href":"https:\/\/radiorevelacionfm.cl\/index.php?rest_route=%2Fwp%2Fv2%2Fmedia&parent=15005"}],"wp:term":[{"taxonomy":"category","embeddable":true,"href":"https:\/\/radiorevelacionfm.cl\/index.php?rest_route=%2Fwp%2Fv2%2Fcategories&post=15005"},{"taxonomy":"post_tag","embeddable":true,"href":"https:\/\/radiorevelacionfm.cl\/index.php?rest_route=%2Fwp%2Fv2%2Ftags&post=15005"}],"curies":[{"name":"wp","href":"https:\/\/api.w.org\/{rel}","templated":true}]}}