{"id":15002,"date":"2022-03-25T15:50:51","date_gmt":"2022-03-25T18:50:51","guid":{"rendered":"https:\/\/radiorevelacionfm.cl\/?p=15002"},"modified":"2022-03-25T15:50:51","modified_gmt":"2022-03-25T18:50:51","slug":"comienza-a-regir-derecho-a-garantia-legal-de-seis-meses-en-compras-de-productos","status":"publish","type":"post","link":"https:\/\/radiorevelacionfm.cl\/?p=15002","title":{"rendered":"Comienza a regir derecho a garant\u00eda legal de seis meses en compras de productos"},"content":{"rendered":"<div class=\"flex_column av_one_full  flex_column_div av-zero-column-padding first  avia-builder-el-0  el_before_av_one_full  avia-builder-el-first  \" style='border-radius:0px; '><div  class='avia-image-container  av-styling-    avia-builder-el-1  avia-builder-el-no-sibling  avia-align-center '  itemprop=\"image\" itemscope=\"itemscope\" itemtype=\"https:\/\/schema.org\/ImageObject\"  ><div class='avia-image-container-inner'><div class='avia-image-overlay-wrap'><img decoding=\"async\" class='wp-image-15003 avia-img-lazy-loading-not-15003 avia_image' src=\"https:\/\/radiorevelacionfm.cl\/wp-content\/uploads\/2022\/03\/compras-1_optimized.jpg\" alt='' title='compras-(1)_optimized' height=\"600\" width=\"1067\"  itemprop=\"thumbnailUrl\" srcset=\"https:\/\/radiorevelacionfm.cl\/wp-content\/uploads\/2022\/03\/compras-1_optimized.jpg 1067w, https:\/\/radiorevelacionfm.cl\/wp-content\/uploads\/2022\/03\/compras-1_optimized-300x169.jpg 300w, https:\/\/radiorevelacionfm.cl\/wp-content\/uploads\/2022\/03\/compras-1_optimized-1030x579.jpg 1030w, https:\/\/radiorevelacionfm.cl\/wp-content\/uploads\/2022\/03\/compras-1_optimized-768x432.jpg 768w, https:\/\/radiorevelacionfm.cl\/wp-content\/uploads\/2022\/03\/compras-1_optimized-705x396.jpg 705w, https:\/\/radiorevelacionfm.cl\/wp-content\/uploads\/2022\/03\/compras-1_optimized-600x337.jpg 600w\" sizes=\"(max-width: 1067px) 100vw, 1067px\" \/><\/div><\/div><\/div><\/div><div class=\"flex_column av_one_full  flex_column_div av-zero-column-padding first  avia-builder-el-2  el_after_av_one_full  el_before_av_one_full  column-top-margin\" style='border-radius:0px; '><section class=\"av_textblock_section \"  itemscope=\"itemscope\" itemtype=\"https:\/\/schema.org\/BlogPosting\" itemprop=\"blogPost\" ><div class='avia_textblock  '   itemprop=\"text\" ><p style=\"text-align: center;\"><strong><span style=\"font-size: 18pt;\">Comienza a regir derecho a garant\u00eda legal de seis meses en compras de productos<\/span><\/strong><\/p>\n<div id=\"gtx-trans\" style=\"position: absolute; left: -50px; top: 4.31534px;\">\n<div class=\"gtx-trans-icon\"><\/div>\n<\/div>\n<\/div><\/section><\/div><div class=\"flex_column av_one_full  flex_column_div av-zero-column-padding first  avia-builder-el-4  el_after_av_one_full  el_before_av_hr  column-top-margin\" style='border-radius:0px; '><section class=\"av_textblock_section \"  itemscope=\"itemscope\" itemtype=\"https:\/\/schema.org\/BlogPosting\" itemprop=\"blogPost\" ><div class='avia_textblock  '   itemprop=\"text\" ><p style=\"text-align: justify;\">Este 24 de marzo entr\u00f3 en vigencia la reforma a la Ley del Consumidor que ampl\u00eda el plazo de garant\u00eda legal de los productos, pasando de tres, a seis meses en que las personas podr\u00e1n exigir el cambio del producto que sali\u00f3 defectuoso, la devoluci\u00f3n del dinero pagado o la reparaci\u00f3n.<\/p>\n<p style=\"text-align: justify;\">Esta reforma se enmarca en las modificaciones introducidas por la Ley N\u00b0 21.398, y que reforz\u00f3 la Ley del Consumidor (Ley N\u00b0 19.496), estableciendo una serie de modificaciones en beneficio de los consumidores en distintos \u00e1mbitos.<\/p>\n<p style=\"text-align: justify;\">En el caso de la garant\u00eda legal, la nueva normativa establece una ampliaci\u00f3n del plazo para ejercer el derecho, de tres a seis meses, lo que implica que las personas que compren un producto a partir de hoy, podr\u00e1n exigir a las empresas: el cambio, la reparaci\u00f3n o devoluci\u00f3n de lo pagado cuando un producto sale malo o no sirve para los fines que fue adquirido. Ese plazo se cuenta desde la recepci\u00f3n del producto. Ello, sin perjuicio de la indemnizaci\u00f3n que pudiera solicitar un consumidor por los da\u00f1os ocasionados.<\/p>\n<p style=\"text-align: justify;\">Algunos productos como los electrodom\u00e9sticos, pueden requerir de una revisi\u00f3n por parte del servicio t\u00e9cnico para verificar el origen de la falla, pero cumplido ese tr\u00e1mite, los consumidores tienen derecho al cambio, la reparaci\u00f3n o la devoluci\u00f3n de lo pagado, a su elecci\u00f3n. Es importante se\u00f1alar que mientras el proveedor realiza esta revisi\u00f3n el plazo para ejercer el derecho de retracto se encuentra suspendido.<\/p>\n<p style=\"text-align: justify;\">Adem\u00e1s, la nueva ley establece que las empresas no podr\u00e1n ofrecer a los consumidores la contrataci\u00f3n de servicios, productos o p\u00f3lizas cuya cobertura corresponda a las obligaciones propias de la garant\u00eda legal o afecte su plazo y opciones.<\/p>\n<p style=\"text-align: justify;\">Por tanto, con la nueva Ley, las empresas no pueden cobrar por los derechos propios de la garant\u00eda, ni establecer restricciones al ejercicio de los seis meses de garant\u00eda legal, argumentando que existe una garant\u00eda voluntaria.<\/p>\n<p style=\"text-align: justify;\">Ante la entrada en vigencia de estos nuevos derechos, el SERNAC estar\u00e1 monitoreando el cumplimiento por parte de las empresas, y en caso de detectar infracciones, tomar\u00e1 las acciones que correspondan.<\/p>\n<p style=\"text-align: justify;\">Los problemas derivados del ejercicio al derecho a la garant\u00eda es uno de los motivos por los cuales los consumidores m\u00e1s reclaman ante el SERNAC. De hecho, durante el a\u00f1o 2021, el organismo recibi\u00f3 37.530 reclamos, mientras que en lo que va de este 2022, ya suma m\u00e1s de 11.100 casos.<\/p>\n<p style=\"text-align: justify;\">Los problemas m\u00e1s habituales se refieren a la negativa por parte de las empresas a devolver el dinero, seguido por no realizar el cambio del producto, y no cumplir con los t\u00e9rminos de la garant\u00eda voluntaria.<\/p>\n<p style=\"text-align: justify;\"><strong>Otros derechos<\/strong><\/p>\n<p style=\"text-align: justify;\">Recordemos adem\u00e1s que la reforma a la ley estableci\u00f3 que las empresas deber\u00e1n informar la vida \u00fatil de los productos durables. Por ejemplo, si una persona quiere comprar un refrigerador, antes de hacerlo, deber\u00e1 ser informada que con un uso normal el aparato le durar\u00e1 cinco o diez a\u00f1os. Este derecho entrar\u00e1 en vigencia el pr\u00f3ximo 24 de agosto de 2022.<\/p>\n<p style=\"text-align: justify;\">Tambi\u00e9n esta normativa estableci\u00f3 como obligatorio el derecho a retracto en compras electr\u00f3nicas, telef\u00f3nicas o por cat\u00e1logos, dando la posibilidad de arrepentirse de la compra en 10 d\u00edas desde recibido el producto, disposici\u00f3n ya se encuentra vigente desde el 24 de diciembre pasado.<\/p>\n<p style=\"text-align: justify;\">La reforma tambi\u00e9n incluy\u00f3 otros nuevos derechos para los consumidores en otros \u00e1mbitos del consumo, por ejemplo, al momento de comprar un auto, estableciendo la libre elecci\u00f3n de servicios t\u00e9cnicos en las mantenciones o la obligaci\u00f3n de parte de las automotoras a entregar un auto a las personas mientras el veh\u00edculo se encuentra en reparaci\u00f3n por m\u00e1s de cinco d\u00edas h\u00e1biles. Estos derechos entran en vigencia a partir del pr\u00f3ximo 24 de abril.<\/p>\n<p style=\"text-align: justify;\">Tambi\u00e9n estableci\u00f3 nuevos derechos de los pasajeros de avi\u00f3n; nuevos est\u00e1ndares en la protecci\u00f3n de datos personales; nuevas obligaciones en el mercado financiero; entre otros aspectos. Para m\u00e1s informaci\u00f3n visite <a href=\"http:\/\/www.sernac.cl\">www.sernac.cl<\/a><\/p>\n<\/div><\/section><\/div><div  style='height:50px' class='hr hr-invisible   avia-builder-el-6  el_after_av_one_full  el_before_av_social_share '><span class='hr-inner ' ><span class='hr-inner-style'><\/span><\/span><\/div><\/p>\n<div  class='av-social-sharing-box  avia-builder-el-7  el_after_av_hr  el_before_av_hr  '><div class='av-share-box'><h5 class='av-share-link-description av-no-toc '>Compartir esta noticia<\/h5><ul class='av-share-box-list noLightbox'><li class='av-share-link av-social-link-facebook' ><a target=\"_blank\" aria-label=\"Compartir en Facebook\" href='https:\/\/www.facebook.com\/sharer.php?u=https:\/\/radiorevelacionfm.cl\/?p=15002&#038;t=Comienza%20a%20regir%20derecho%20a%20garant%C3%ADa%20legal%20de%20seis%20meses%20en%20compras%20de%20productos' aria-hidden='false' data-av_icon='\ue8f3' data-av_iconfont='entypo-fontello' title='' data-avia-related-tooltip='Compartir en Facebook' rel=\"noopener\"><span class='avia_hidden_link_text'>Compartir en Facebook<\/span><\/a><\/li><li class='av-share-link av-social-link-twitter' ><a target=\"_blank\" aria-label=\"Compartir en Twitter\" href='https:\/\/twitter.com\/share?text=Comienza%20a%20regir%20derecho%20a%20garant%C3%ADa%20legal%20de%20seis%20meses%20en%20compras%20de%20productos&#038;url=https:\/\/radiorevelacionfm.cl\/?p=15002' aria-hidden='false' data-av_icon='\ue8f1' data-av_iconfont='entypo-fontello' title='' data-avia-related-tooltip='Compartir en Twitter' rel=\"noopener\"><span class='avia_hidden_link_text'>Compartir en Twitter<\/span><\/a><\/li><li class='av-share-link av-social-link-whatsapp' ><a target=\"_blank\" aria-label=\"Compartir en Whatsapp\" href='https:\/\/api.whatsapp.com\/send?text=https:\/\/radiorevelacionfm.cl\/?p=15002' aria-hidden='false' data-av_icon='\uf232' data-av_iconfont='entypo-fontello' title='' data-avia-related-tooltip='Compartir en Whatsapp' rel=\"noopener\"><span class='avia_hidden_link_text'>Compartir en Whatsapp<\/span><\/a><\/li><li class='av-share-link av-social-link-linkedin' ><a target=\"_blank\" aria-label=\"Compartir en LinkedIn\" href='https:\/\/linkedin.com\/shareArticle?mini=true&#038;title=Comienza%20a%20regir%20derecho%20a%20garant%C3%ADa%20legal%20de%20seis%20meses%20en%20compras%20de%20productos&#038;url=https:\/\/radiorevelacionfm.cl\/?p=15002' aria-hidden='false' data-av_icon='\ue8fc' data-av_iconfont='entypo-fontello' title='' data-avia-related-tooltip='Compartir en LinkedIn' rel=\"noopener\"><span class='avia_hidden_link_text'>Compartir en LinkedIn<\/span><\/a><\/li><li class='av-share-link av-social-link-mail' ><a  aria-label=\"Compartir por correo\" href='mailto:?subject=Comienza%20a%20regir%20derecho%20a%20garant%C3%ADa%20legal%20de%20seis%20meses%20en%20compras%20de%20productos&#038;body=https:\/\/radiorevelacionfm.cl\/?p=15002' aria-hidden='false' data-av_icon='\ue805' data-av_iconfont='entypo-fontello' title='' data-avia-related-tooltip='Compartir por correo'><span class='avia_hidden_link_text'>Compartir por correo<\/span><\/a><\/li><\/ul><\/div><\/div>\n<div  style='height:50px' class='hr hr-invisible   avia-builder-el-8  el_after_av_social_share  el_before_av_comments_list '><span class='hr-inner ' ><span class='hr-inner-style'><\/span><\/span><\/div>\n<div  class='av-buildercomment  av-blog-meta-html-info-disabled av-blog-meta-tag-disabled  '><\/div>\n","protected":false},"excerpt":{"rendered":"","protected":false},"author":1,"featured_media":15003,"comment_status":"open","ping_status":"open","sticky":false,"template":"","format":"standard","meta":{"footnotes":""},"categories":[45],"tags":[],"class_list":["post-15002","post","type-post","status-publish","format-standard","has-post-thumbnail","hentry","category-comercio"],"jetpack_featured_media_url":"https:\/\/radiorevelacionfm.cl\/wp-content\/uploads\/2022\/03\/compras-1_optimized.jpg","_links":{"self":[{"href":"https:\/\/radiorevelacionfm.cl\/index.php?rest_route=\/wp\/v2\/posts\/15002","targetHints":{"allow":["GET"]}}],"collection":[{"href":"https:\/\/radiorevelacionfm.cl\/index.php?rest_route=\/wp\/v2\/posts"}],"about":[{"href":"https:\/\/radiorevelacionfm.cl\/index.php?rest_route=\/wp\/v2\/types\/post"}],"author":[{"embeddable":true,"href":"https:\/\/radiorevelacionfm.cl\/index.php?rest_route=\/wp\/v2\/users\/1"}],"replies":[{"embeddable":true,"href":"https:\/\/radiorevelacionfm.cl\/index.php?rest_route=%2Fwp%2Fv2%2Fcomments&post=15002"}],"version-history":[{"count":2,"href":"https:\/\/radiorevelacionfm.cl\/index.php?rest_route=\/wp\/v2\/posts\/15002\/revisions"}],"predecessor-version":[{"id":15068,"href":"https:\/\/radiorevelacionfm.cl\/index.php?rest_route=\/wp\/v2\/posts\/15002\/revisions\/15068"}],"wp:featuredmedia":[{"embeddable":true,"href":"https:\/\/radiorevelacionfm.cl\/index.php?rest_route=\/wp\/v2\/media\/15003"}],"wp:attachment":[{"href":"https:\/\/radiorevelacionfm.cl\/index.php?rest_route=%2Fwp%2Fv2%2Fmedia&parent=15002"}],"wp:term":[{"taxonomy":"category","embeddable":true,"href":"https:\/\/radiorevelacionfm.cl\/index.php?rest_route=%2Fwp%2Fv2%2Fcategories&post=15002"},{"taxonomy":"post_tag","embeddable":true,"href":"https:\/\/radiorevelacionfm.cl\/index.php?rest_route=%2Fwp%2Fv2%2Ftags&post=15002"}],"curies":[{"name":"wp","href":"https:\/\/api.w.org\/{rel}","templated":true}]}}