{"id":14997,"date":"2022-03-25T09:15:16","date_gmt":"2022-03-25T12:15:16","guid":{"rendered":"https:\/\/radiorevelacionfm.cl\/?p=14997"},"modified":"2022-03-25T09:25:53","modified_gmt":"2022-03-25T12:25:53","slug":"ministra-jeannette-jara-convoca-a-lideres-de-la-cpc-a-dialogo-tripartito-por-reforma-de-pensiones","status":"publish","type":"post","link":"https:\/\/radiorevelacionfm.cl\/?p=14997","title":{"rendered":"Ministra Jeannette Jara convoca a l\u00edderes de la CPC a di\u00e1logo tripartito por reforma de pensiones"},"content":{"rendered":"<div class=\"flex_column av_one_full  flex_column_div av-zero-column-padding first  avia-builder-el-0  el_before_av_one_full  avia-builder-el-first  \" style='border-radius:0px; '><div  class='avia-image-container  av-styling-    avia-builder-el-1  avia-builder-el-no-sibling  avia-align-center '  itemprop=\"image\" itemscope=\"itemscope\" itemtype=\"https:\/\/schema.org\/ImageObject\"  ><div class='avia-image-container-inner'><div class='avia-image-overlay-wrap'><img decoding=\"async\" class='wp-image-15037 avia-img-lazy-loading-not-15037 avia_image' src=\"https:\/\/radiorevelacionfm.cl\/wp-content\/uploads\/2022\/03\/PHOTO-2022-03-23-18-27-24-2-1-1.jpg\" alt='' title='PHOTO-2022-03-23-18-27-24 (2) (1) (1)' height=\"600\" width=\"1063\"  itemprop=\"thumbnailUrl\" srcset=\"https:\/\/radiorevelacionfm.cl\/wp-content\/uploads\/2022\/03\/PHOTO-2022-03-23-18-27-24-2-1-1.jpg 1063w, https:\/\/radiorevelacionfm.cl\/wp-content\/uploads\/2022\/03\/PHOTO-2022-03-23-18-27-24-2-1-1-300x169.jpg 300w, https:\/\/radiorevelacionfm.cl\/wp-content\/uploads\/2022\/03\/PHOTO-2022-03-23-18-27-24-2-1-1-1030x581.jpg 1030w, https:\/\/radiorevelacionfm.cl\/wp-content\/uploads\/2022\/03\/PHOTO-2022-03-23-18-27-24-2-1-1-768x433.jpg 768w, https:\/\/radiorevelacionfm.cl\/wp-content\/uploads\/2022\/03\/PHOTO-2022-03-23-18-27-24-2-1-1-705x398.jpg 705w, https:\/\/radiorevelacionfm.cl\/wp-content\/uploads\/2022\/03\/PHOTO-2022-03-23-18-27-24-2-1-1-600x339.jpg 600w\" sizes=\"(max-width: 1063px) 100vw, 1063px\" \/><\/div><\/div><\/div><\/div><div class=\"flex_column av_one_full  flex_column_div av-zero-column-padding first  avia-builder-el-2  el_after_av_one_full  el_before_av_one_full  column-top-margin\" style='border-radius:0px; '><section class=\"av_textblock_section \"  itemscope=\"itemscope\" itemtype=\"https:\/\/schema.org\/BlogPosting\" itemprop=\"blogPost\" ><div class='avia_textblock  '   itemprop=\"text\" ><p style=\"text-align: center;\"><span style=\"font-size: 18pt;\"><b>Ministra Jeannette Jara convoca a l\u00edderes de la CPC a di\u00e1logo tripartito por reforma de pensiones<\/b><\/span><\/p>\n<div id=\"gtx-trans\" style=\"position: absolute; left: -50px; top: 4.31534px;\">\n<div class=\"gtx-trans-icon\"><\/div>\n<\/div>\n<\/div><\/section><\/div><\/p>\n<div class=\"flex_column av_one_full  flex_column_div av-zero-column-padding first  avia-builder-el-4  el_after_av_one_full  el_before_av_hr  column-top-margin\" style='border-radius:0px; '><section class=\"av_textblock_section \"  itemscope=\"itemscope\" itemtype=\"https:\/\/schema.org\/BlogPosting\" itemprop=\"blogPost\" ><div class='avia_textblock  '   itemprop=\"text\" ><p class=\"v1MsoNormal\" style=\"text-align: justify;\">\u00abHay un \u00e1nimo de di\u00e1logo y de construcci\u00f3n en conjunto, una mirada de pa\u00eds importante, de que hay que hacer cambios con gradualidad en su implementaci\u00f3n\u00bb, dijo la ministra del Trabajo y Previsi\u00f3n Social, Jeannette Jara, luego de reunirse esta tarde con el presidente de la Confederaci\u00f3n de la Producci\u00f3n y del Comercio (CPC), Juan Sutil, y con representantes de las seis ramas que integran la multigremial.<\/p>\n<p class=\"v1MsoNormal\" style=\"text-align: justify;\">La autoridad manifest\u00f3 que la \u00abconvocatoria que le hemos hecho a la CPC se enmarca en los di\u00e1logos tripartitos para la reforma previsional, que son muy importantes, que son ineludibles y que tenemos el deber como sociedad de concretarlos\u00bb.<\/p>\n<p class=\"v1MsoNormal\" style=\"text-align: justify;\">El presidente de la CPC, en tanto, valor\u00f3 la reuni\u00f3n con la secretaria de Estado. \u00abEs importante entender que la construcci\u00f3n de acuerdos y el trabajo prelegislativo es muy importante, porque tambi\u00e9n tenemos un Congreso que tiene que concurrir a aquellos acuerdos. Como la ministra ha mencionado, tiene que ser un trabajo tripartito donde estemos todos presentes\u00bb, afirm\u00f3, a\u00f1adiendo que los cambios deben contemplar gradualidad y racionalidad.<\/p>\n<p class=\"v1MsoNormal\" style=\"text-align: justify;\">\u00abCreemos que estas mesas (de di\u00e1logo social), que permitan construir esa gradualidad, racionalidad y acuerdos, y mir\u00e1ndolo en el pa\u00eds del futuro, en el pa\u00eds del desarrollo, vamos a tener que ir encontrando los caminos\u00bb, sostuvo Sutil.<\/p>\n<p class=\"v1MsoNormal\" style=\"text-align: justify;\">Acompa\u00f1ando a la ministra, en la cita estuvieron presentes los subsecretarios de Previsi\u00f3n Social, Christian Larra\u00edn, y de Trabajo, Giorgio Boccardo. Mientras, junto a Sutil asistieron Fernando Alvear, gerente general de la CPC; Cristi\u00e1n Allendes, presidente de la Sociedad Nacional de Agricultura (SNA); Ricardo Mewes, presidente de la C\u00e1mara Nacional de Comercio (CNC); Francisco Costabal, vicepresidente de la Sociedad Nacional de Miner\u00eda (Sonami); Aurora Olave, secretaria general de la Sociedad de Fomento Fabril (Sofofa); Antonio Err\u00e1zuriz, presidente de la C\u00e1mara Chilena de la Construcci\u00f3n (CChC); y Mat\u00edas Bernier, gerente de estudios de la Asociaci\u00f3n de Bancos (ABIF).<\/p>\n<p class=\"v1MsoNormal\" style=\"text-align: justify;\">Con todo, respecto a los fondos de pensiones que los afiliados al sistema de pensiones mantienen en sus cuentas individuales, la titular de la cartera de Trabajo reiter\u00f3 que se van a mantener en las AFP. \u00abNosotros no hemos innovado sobre la materia\u00bb, dijo. Y agreg\u00f3: \u00abRespecto de las nuevas cotizaciones, debemos construir un nuevo sistema de seguridad social\u00bb.<\/p>\n<p class=\"v1MsoNormal\" style=\"text-align: justify;\"><b>\u00a0<\/b><\/p>\n<p class=\"v1MsoNormal\" style=\"text-align: justify;\"><b>Salario m\u00ednimo y 40 horas<\/b><\/p>\n<p class=\"v1MsoNormal\" style=\"text-align: justify;\">El Programa de Gobierno del Presidente Gabriel Boric contempla una agenda de importantes cambios previsionales, como una reforma al sistema de pensiones con un modelo p\u00fablico y solidario, y laborales, como el aumento gradual del salario m\u00ednimo para llevarlo a $500 mil hacia el final de la administraci\u00f3n del Presidente Boric.<\/p>\n<p class=\"v1MsoNormal\" style=\"text-align: justify;\">Sobre el proyecto de reducci\u00f3n de la jornada laboral de 45 a 40 horas semanales, Jara sostuvo que se est\u00e1 estudiando la moci\u00f3n presentada por las diputadas Karol Cariola y Camila Vallejo (actualmente, ministra Vocera de Palacio). \u00abEstamos comprometidos en avanzar en la reducci\u00f3n de la jornada laboral a 40 horas\u00bb, enfatiz\u00f3.<\/p>\n<p class=\"v1MsoNormal\" style=\"text-align: justify;\">Al respecto, el presidente de la CPC dijo que \u00abcreo que es una aspiraci\u00f3n de la sociedad en su conjunto, m\u00e1s que de un sector u otro. As\u00ed que iremos trabajar en ello y esperamos contribuir en esos acuerdos, en esa gradualidad, en esa forma de hacer bien las cosas\u00bb.<\/p>\n<p class=\"v1MsoNormal\" style=\"text-align: justify;\">En cuanto al aumento del salario m\u00ednimo, Jara inform\u00f3 que se est\u00e1 trabajando en la elaboraci\u00f3n del proyecto de ley y que se est\u00e1n estudiando los apoyos que se les brindar\u00e1n las pymes. \u00ab<span lang=\"ES\">Creemos que para eso todas y todos estamos llamados a hacer los esfuerzos indispensables para que los cambios se produzcan. Eso nos har\u00e1 bien como pa\u00eds. No hay que temerles a los cambios. S\u00ed tenemos que implementarlos con responsabilidad, gradualidad y mucho di\u00e1logo. Seguro que desde ah\u00ed vamos a tener una inversi\u00f3n para el futuro\u00bb, se\u00f1al\u00f3.<\/span><\/p>\n<p class=\"v1MsoNormal\" style=\"text-align: justify;\">En el mismo tema, el presidente de la multigremial indic\u00f3 que \u00ab<span lang=\"ES\">el pa\u00eds est\u00e1 en condiciones de avanzar\u00bb, precisando que se deben evaluar apoyos para las peque\u00f1as y medianas empresas.<\/span><\/p>\n<p class=\"v1MsoNormal\" style=\"text-align: justify;\"><span class=\"v1gmail_default\">Durante las \u00faltimas jornadas, la ministra Jara ya hab\u00eda sostenido reuniones con la Asociaci\u00f3n Gremial Nacional de Pensionados del Sistema Privado de Chile (Anacpen), la Central Unitaria de Trabajadores (CUT) y la Coordinadora NO+AFP.<\/span><\/p>\n<\/div><\/section><\/div>\n<div  style='height:50px' class='hr hr-invisible   avia-builder-el-6  el_after_av_one_full  el_before_av_social_share '><span class='hr-inner ' ><span class='hr-inner-style'><\/span><\/span><\/div>\n<div  class='av-social-sharing-box  avia-builder-el-7  el_after_av_hr  el_before_av_hr  '><div class='av-share-box'><h5 class='av-share-link-description av-no-toc '>Compartir esta noticia<\/h5><ul class='av-share-box-list noLightbox'><li class='av-share-link av-social-link-facebook' ><a target=\"_blank\" aria-label=\"Compartir en Facebook\" href='https:\/\/www.facebook.com\/sharer.php?u=https:\/\/radiorevelacionfm.cl\/?p=14997&#038;t=Ministra%20Jeannette%20Jara%20convoca%20a%20l%C3%ADderes%20de%20la%20CPC%20a%20di%C3%A1logo%20tripartito%20por%20reforma%20de%20pensiones' aria-hidden='false' data-av_icon='\ue8f3' data-av_iconfont='entypo-fontello' title='' data-avia-related-tooltip='Compartir en Facebook' rel=\"noopener\"><span class='avia_hidden_link_text'>Compartir en Facebook<\/span><\/a><\/li><li class='av-share-link av-social-link-twitter' ><a target=\"_blank\" aria-label=\"Compartir en Twitter\" href='https:\/\/twitter.com\/share?text=Ministra%20Jeannette%20Jara%20convoca%20a%20l%C3%ADderes%20de%20la%20CPC%20a%20di%C3%A1logo%20tripartito%20por%20reforma%20de%20pensiones&#038;url=https:\/\/radiorevelacionfm.cl\/?p=14997' aria-hidden='false' data-av_icon='\ue8f1' data-av_iconfont='entypo-fontello' title='' data-avia-related-tooltip='Compartir en Twitter' rel=\"noopener\"><span class='avia_hidden_link_text'>Compartir en Twitter<\/span><\/a><\/li><li class='av-share-link av-social-link-whatsapp' ><a target=\"_blank\" aria-label=\"Compartir en Whatsapp\" href='https:\/\/api.whatsapp.com\/send?text=https:\/\/radiorevelacionfm.cl\/?p=14997' aria-hidden='false' data-av_icon='\uf232' data-av_iconfont='entypo-fontello' title='' data-avia-related-tooltip='Compartir en Whatsapp' rel=\"noopener\"><span class='avia_hidden_link_text'>Compartir en Whatsapp<\/span><\/a><\/li><li class='av-share-link av-social-link-linkedin' ><a target=\"_blank\" aria-label=\"Compartir en LinkedIn\" href='https:\/\/linkedin.com\/shareArticle?mini=true&#038;title=Ministra%20Jeannette%20Jara%20convoca%20a%20l%C3%ADderes%20de%20la%20CPC%20a%20di%C3%A1logo%20tripartito%20por%20reforma%20de%20pensiones&#038;url=https:\/\/radiorevelacionfm.cl\/?p=14997' aria-hidden='false' data-av_icon='\ue8fc' data-av_iconfont='entypo-fontello' title='' data-avia-related-tooltip='Compartir en LinkedIn' rel=\"noopener\"><span class='avia_hidden_link_text'>Compartir en LinkedIn<\/span><\/a><\/li><li class='av-share-link av-social-link-mail' ><a  aria-label=\"Compartir por correo\" href='mailto:?subject=Ministra%20Jeannette%20Jara%20convoca%20a%20l%C3%ADderes%20de%20la%20CPC%20a%20di%C3%A1logo%20tripartito%20por%20reforma%20de%20pensiones&#038;body=https:\/\/radiorevelacionfm.cl\/?p=14997' aria-hidden='false' data-av_icon='\ue805' data-av_iconfont='entypo-fontello' title='' data-avia-related-tooltip='Compartir por correo'><span class='avia_hidden_link_text'>Compartir por correo<\/span><\/a><\/li><\/ul><\/div><\/div>\n<div  style='height:50px' class='hr hr-invisible   avia-builder-el-8  el_after_av_social_share  el_before_av_comments_list '><span class='hr-inner ' ><span class='hr-inner-style'><\/span><\/span><\/div>\n<div  class='av-buildercomment  av-blog-meta-html-info-disabled av-blog-meta-tag-disabled  '><\/div>\n","protected":false},"excerpt":{"rendered":"","protected":false},"author":1,"featured_media":15037,"comment_status":"open","ping_status":"open","sticky":false,"template":"","format":"standard","meta":{"footnotes":""},"categories":[56],"tags":[],"class_list":["post-14997","post","type-post","status-publish","format-standard","has-post-thumbnail","hentry","category-trabajo"],"jetpack_featured_media_url":"https:\/\/radiorevelacionfm.cl\/wp-content\/uploads\/2022\/03\/PHOTO-2022-03-23-18-27-24-2-1-1.jpg","_links":{"self":[{"href":"https:\/\/radiorevelacionfm.cl\/index.php?rest_route=\/wp\/v2\/posts\/14997","targetHints":{"allow":["GET"]}}],"collection":[{"href":"https:\/\/radiorevelacionfm.cl\/index.php?rest_route=\/wp\/v2\/posts"}],"about":[{"href":"https:\/\/radiorevelacionfm.cl\/index.php?rest_route=\/wp\/v2\/types\/post"}],"author":[{"embeddable":true,"href":"https:\/\/radiorevelacionfm.cl\/index.php?rest_route=\/wp\/v2\/users\/1"}],"replies":[{"embeddable":true,"href":"https:\/\/radiorevelacionfm.cl\/index.php?rest_route=%2Fwp%2Fv2%2Fcomments&post=14997"}],"version-history":[{"count":3,"href":"https:\/\/radiorevelacionfm.cl\/index.php?rest_route=\/wp\/v2\/posts\/14997\/revisions"}],"predecessor-version":[{"id":15036,"href":"https:\/\/radiorevelacionfm.cl\/index.php?rest_route=\/wp\/v2\/posts\/14997\/revisions\/15036"}],"wp:featuredmedia":[{"embeddable":true,"href":"https:\/\/radiorevelacionfm.cl\/index.php?rest_route=\/wp\/v2\/media\/15037"}],"wp:attachment":[{"href":"https:\/\/radiorevelacionfm.cl\/index.php?rest_route=%2Fwp%2Fv2%2Fmedia&parent=14997"}],"wp:term":[{"taxonomy":"category","embeddable":true,"href":"https:\/\/radiorevelacionfm.cl\/index.php?rest_route=%2Fwp%2Fv2%2Fcategories&post=14997"},{"taxonomy":"post_tag","embeddable":true,"href":"https:\/\/radiorevelacionfm.cl\/index.php?rest_route=%2Fwp%2Fv2%2Ftags&post=14997"}],"curies":[{"name":"wp","href":"https:\/\/api.w.org\/{rel}","templated":true}]}}