{"id":14995,"date":"2022-03-24T15:09:31","date_gmt":"2022-03-24T18:09:31","guid":{"rendered":"https:\/\/radiorevelacionfm.cl\/?p=14995"},"modified":"2022-03-24T15:09:31","modified_gmt":"2022-03-24T18:09:31","slug":"senador-sandoval-pide-a-hacienda-revisar-monto-de-subsidio-de-calefaccion-para-la-region-de-aysen","status":"publish","type":"post","link":"https:\/\/radiorevelacionfm.cl\/?p=14995","title":{"rendered":"Senador Sandoval pide a Hacienda revisar monto de subsidio de calefacci\u00f3n para la regi\u00f3n de Ays\u00e9n"},"content":{"rendered":"<div class=\"flex_column av_one_full  flex_column_div av-zero-column-padding first  avia-builder-el-0  el_before_av_one_full  avia-builder-el-first  \" style='border-radius:0px; '><div  class='avia-image-container  av-styling-    avia-builder-el-1  avia-builder-el-no-sibling  avia-align-center '  itemprop=\"image\" itemscope=\"itemscope\" itemtype=\"https:\/\/schema.org\/ImageObject\"  ><div class='avia-image-container-inner'><div class='avia-image-overlay-wrap'><img decoding=\"async\" class='wp-image-8342 avia-img-lazy-loading-not-8342 avia_image' src=\"https:\/\/radiorevelacionfm.cl\/wp-content\/uploads\/2021\/09\/SENADOR-SANDOVAL-3-1.jpg\" alt='' title='SENADOR SANDOVAL (3) 1' height=\"600\" width=\"889\"  itemprop=\"thumbnailUrl\" srcset=\"https:\/\/radiorevelacionfm.cl\/wp-content\/uploads\/2021\/09\/SENADOR-SANDOVAL-3-1.jpg 889w, https:\/\/radiorevelacionfm.cl\/wp-content\/uploads\/2021\/09\/SENADOR-SANDOVAL-3-1-300x202.jpg 300w, https:\/\/radiorevelacionfm.cl\/wp-content\/uploads\/2021\/09\/SENADOR-SANDOVAL-3-1-768x518.jpg 768w, https:\/\/radiorevelacionfm.cl\/wp-content\/uploads\/2021\/09\/SENADOR-SANDOVAL-3-1-705x476.jpg 705w, https:\/\/radiorevelacionfm.cl\/wp-content\/uploads\/2021\/09\/SENADOR-SANDOVAL-3-1-600x405.jpg 600w\" sizes=\"(max-width: 889px) 100vw, 889px\" \/><\/div><\/div><\/div><\/div><div class=\"flex_column av_one_full  flex_column_div av-zero-column-padding first  avia-builder-el-2  el_after_av_one_full  el_before_av_one_full  column-top-margin\" style='border-radius:0px; '><section class=\"av_textblock_section \"  itemscope=\"itemscope\" itemtype=\"https:\/\/schema.org\/BlogPosting\" itemprop=\"blogPost\" ><div class='avia_textblock  '   itemprop=\"text\" ><p style=\"text-align: center;\"><strong><span style=\"font-size: 18pt;\">Senador Sandoval pide a Hacienda revisar monto de subsidio de calefacci\u00f3n para la regi\u00f3n de Ays\u00e9n <\/span><\/strong><\/p>\n<div id=\"gtx-trans\" style=\"position: absolute; left: -50px; top: 4.31534px;\">\n<div class=\"gtx-trans-icon\"><\/div>\n<\/div>\n<\/div><\/section><\/div><div class=\"flex_column av_one_full  flex_column_div av-zero-column-padding first  avia-builder-el-4  el_after_av_one_full  el_before_av_hr  column-top-margin\" style='border-radius:0px; '><section class=\"av_textblock_section \"  itemscope=\"itemscope\" itemtype=\"https:\/\/schema.org\/BlogPosting\" itemprop=\"blogPost\" ><div class='avia_textblock  '   itemprop=\"text\" ><p style=\"text-align: justify;\">Durante el debate en que se discuti\u00f3 la extensi\u00f3n de la cobertura del mecanismo de estabilizaci\u00f3n de precios del combustible (MEPCO), el senador David Sandoval, solicit\u00f3 al ministro de Hacienda, Mario Marcel, analizar y revisar el monto del subsidio de calefacci\u00f3n que se paga a las familias m\u00e1s vulnerables de la regi\u00f3n de Ays\u00e9n, el cual no se ha reajustado desde que fue implementado en el a\u00f1o 2014.<\/p>\n<p style=\"text-align: justify;\">En su intervenci\u00f3n, el parlamentario record\u00f3 que el beneficio surgi\u00f3 luego de la movilizaci\u00f3n social del a\u00f1o 2012 en la regi\u00f3n, el cual era equivalente a cuatro metros c\u00fabicos de le\u00f1a, en ese entonces a $25 mil el metro. \u201cDado que ese subsidio incentivaba el uso de la le\u00f1a, un gran contaminante en la zona sur austral, se resolvi\u00f3 que no fuera solamente equivalente a le\u00f1a, sino que fuera un monto global disponible. El problema es que el monto sigue siendo el mismo que se otorg\u00f3 (desde) el a\u00f1o 2014, no teniendo un mecanismo de reajustabilidad. Y lo que entonces permit\u00eda comprar 4 metros de le\u00f1a, hoy alcanza a dos metros\u201d, explic\u00f3.<\/p>\n<p style=\"text-align: justify;\">Cabe se\u00f1alar que el subsidio calefacci\u00f3n beneficia aproximadamente a 28.550 familias, con un aporte de $100.000 por cada una de ellas.<\/p>\n<p style=\"text-align: justify;\">Por lo mismo fue que solicit\u00f3 al secretario de Estado se pueda revisar el monto que se paga actualmente, considerando el costo de la vida en la zona. \u201cEl presupuesto 2022 para el subsidio de la regi\u00f3n de Magallanes para el gas, es de 54 mil millones de pesos, lo que es equivalente a casi el 85% del FNDR de la Ays\u00e9n. No estoy en contra del subsidio de Magallanes, porque lo ganaron fruto de una gran movilizaci\u00f3n, pero tambi\u00e9n se tienen que poner las pol\u00edticas p\u00fablicas sobre ciertos balanceos b\u00e1sicos\u201d, subray\u00f3.<\/p>\n<p style=\"text-align: justify;\">Adicional a esto, Sandoval tambi\u00e9n solicit\u00f3 se acelere la firma del presidente Gabriel Boric, del decreto que permite poner en marcha el pago del beneficio este a\u00f1o. \u201cEst\u00e1 pendiente la firma del actual presidente Boric, del decreto N\u00ba 10 del 18 de marzo de 2022, el cual ya est\u00e1 firmado por la ministra de Desarrollo Social Jeannette Vega\u201d, indic\u00f3.<\/p>\n<p style=\"text-align: justify;\"><strong>Precio de los combustibles <\/strong><\/p>\n<p style=\"text-align: justify;\">Respecto de la fuerte alza que ha experimentado el valor de los combustibles, tema que fue abordado este mi\u00e9rcoles en el Senado, donde se aprob\u00f3 la extensi\u00f3n de la cobertura del MEPCO, Sandoval dijo entender la inquietud de distintos actores a nivel regional. \u201cMe hago parte de los reclamos que han manifestado gremios del transporte, entre ellos Ram\u00f3n Vidal y los alcaldes de la regi\u00f3n, a trav\u00e9s de la Aremu, y su alcalde Marcelo Santana\u201d, se\u00f1al\u00f3.<\/p>\n<\/div><\/section><\/div><div  style='height:50px' class='hr hr-invisible   avia-builder-el-6  el_after_av_one_full  el_before_av_social_share '><span class='hr-inner ' ><span class='hr-inner-style'><\/span><\/span><\/div><\/p>\n<div  class='av-social-sharing-box  avia-builder-el-7  el_after_av_hr  el_before_av_hr  '><div class='av-share-box'><h5 class='av-share-link-description av-no-toc '>Compartir esta noticia<\/h5><ul class='av-share-box-list noLightbox'><li class='av-share-link av-social-link-facebook' ><a target=\"_blank\" aria-label=\"Compartir en Facebook\" href='https:\/\/www.facebook.com\/sharer.php?u=https:\/\/radiorevelacionfm.cl\/?p=14995&#038;t=Senador%20Sandoval%20pide%20a%20Hacienda%20revisar%20monto%20de%20subsidio%20de%20calefacci%C3%B3n%20para%20la%20regi%C3%B3n%20de%20Ays%C3%A9n' aria-hidden='false' data-av_icon='\ue8f3' data-av_iconfont='entypo-fontello' title='' data-avia-related-tooltip='Compartir en Facebook' rel=\"noopener\"><span class='avia_hidden_link_text'>Compartir en Facebook<\/span><\/a><\/li><li class='av-share-link av-social-link-twitter' ><a target=\"_blank\" aria-label=\"Compartir en Twitter\" href='https:\/\/twitter.com\/share?text=Senador%20Sandoval%20pide%20a%20Hacienda%20revisar%20monto%20de%20subsidio%20de%20calefacci%C3%B3n%20para%20la%20regi%C3%B3n%20de%20Ays%C3%A9n&#038;url=https:\/\/radiorevelacionfm.cl\/?p=14995' aria-hidden='false' data-av_icon='\ue8f1' data-av_iconfont='entypo-fontello' title='' data-avia-related-tooltip='Compartir en Twitter' rel=\"noopener\"><span class='avia_hidden_link_text'>Compartir en Twitter<\/span><\/a><\/li><li class='av-share-link av-social-link-whatsapp' ><a target=\"_blank\" aria-label=\"Compartir en Whatsapp\" href='https:\/\/api.whatsapp.com\/send?text=https:\/\/radiorevelacionfm.cl\/?p=14995' aria-hidden='false' data-av_icon='\uf232' data-av_iconfont='entypo-fontello' title='' data-avia-related-tooltip='Compartir en Whatsapp' rel=\"noopener\"><span class='avia_hidden_link_text'>Compartir en Whatsapp<\/span><\/a><\/li><li class='av-share-link av-social-link-linkedin' ><a target=\"_blank\" aria-label=\"Compartir en LinkedIn\" href='https:\/\/linkedin.com\/shareArticle?mini=true&#038;title=Senador%20Sandoval%20pide%20a%20Hacienda%20revisar%20monto%20de%20subsidio%20de%20calefacci%C3%B3n%20para%20la%20regi%C3%B3n%20de%20Ays%C3%A9n&#038;url=https:\/\/radiorevelacionfm.cl\/?p=14995' aria-hidden='false' data-av_icon='\ue8fc' data-av_iconfont='entypo-fontello' title='' data-avia-related-tooltip='Compartir en LinkedIn' rel=\"noopener\"><span class='avia_hidden_link_text'>Compartir en LinkedIn<\/span><\/a><\/li><li class='av-share-link av-social-link-mail' ><a  aria-label=\"Compartir por correo\" href='mailto:?subject=Senador%20Sandoval%20pide%20a%20Hacienda%20revisar%20monto%20de%20subsidio%20de%20calefacci%C3%B3n%20para%20la%20regi%C3%B3n%20de%20Ays%C3%A9n&#038;body=https:\/\/radiorevelacionfm.cl\/?p=14995' aria-hidden='false' data-av_icon='\ue805' data-av_iconfont='entypo-fontello' title='' data-avia-related-tooltip='Compartir por correo'><span class='avia_hidden_link_text'>Compartir por correo<\/span><\/a><\/li><\/ul><\/div><\/div>\n<div  style='height:50px' class='hr hr-invisible   avia-builder-el-8  el_after_av_social_share  el_before_av_comments_list '><span class='hr-inner ' ><span class='hr-inner-style'><\/span><\/span><\/div>\n<div  class='av-buildercomment  av-blog-meta-html-info-disabled av-blog-meta-tag-disabled  '><\/div>\n","protected":false},"excerpt":{"rendered":"","protected":false},"author":1,"featured_media":8342,"comment_status":"open","ping_status":"open","sticky":false,"template":"","format":"standard","meta":{"footnotes":""},"categories":[35],"tags":[],"class_list":["post-14995","post","type-post","status-publish","format-standard","has-post-thumbnail","hentry","category-politica"],"jetpack_featured_media_url":"https:\/\/radiorevelacionfm.cl\/wp-content\/uploads\/2021\/09\/SENADOR-SANDOVAL-3-1.jpg","_links":{"self":[{"href":"https:\/\/radiorevelacionfm.cl\/index.php?rest_route=\/wp\/v2\/posts\/14995","targetHints":{"allow":["GET"]}}],"collection":[{"href":"https:\/\/radiorevelacionfm.cl\/index.php?rest_route=\/wp\/v2\/posts"}],"about":[{"href":"https:\/\/radiorevelacionfm.cl\/index.php?rest_route=\/wp\/v2\/types\/post"}],"author":[{"embeddable":true,"href":"https:\/\/radiorevelacionfm.cl\/index.php?rest_route=\/wp\/v2\/users\/1"}],"replies":[{"embeddable":true,"href":"https:\/\/radiorevelacionfm.cl\/index.php?rest_route=%2Fwp%2Fv2%2Fcomments&post=14995"}],"version-history":[{"count":2,"href":"https:\/\/radiorevelacionfm.cl\/index.php?rest_route=\/wp\/v2\/posts\/14995\/revisions"}],"predecessor-version":[{"id":15001,"href":"https:\/\/radiorevelacionfm.cl\/index.php?rest_route=\/wp\/v2\/posts\/14995\/revisions\/15001"}],"wp:featuredmedia":[{"embeddable":true,"href":"https:\/\/radiorevelacionfm.cl\/index.php?rest_route=\/wp\/v2\/media\/8342"}],"wp:attachment":[{"href":"https:\/\/radiorevelacionfm.cl\/index.php?rest_route=%2Fwp%2Fv2%2Fmedia&parent=14995"}],"wp:term":[{"taxonomy":"category","embeddable":true,"href":"https:\/\/radiorevelacionfm.cl\/index.php?rest_route=%2Fwp%2Fv2%2Fcategories&post=14995"},{"taxonomy":"post_tag","embeddable":true,"href":"https:\/\/radiorevelacionfm.cl\/index.php?rest_route=%2Fwp%2Fv2%2Ftags&post=14995"}],"curies":[{"name":"wp","href":"https:\/\/api.w.org\/{rel}","templated":true}]}}