{"id":14992,"date":"2022-03-24T12:49:15","date_gmt":"2022-03-24T15:49:15","guid":{"rendered":"https:\/\/radiorevelacionfm.cl\/?p=14992"},"modified":"2022-03-24T12:49:15","modified_gmt":"2022-03-24T15:49:15","slug":"coyhaique-mesa-interinstitucional-por-la-infancia-realizo-su-primera-sesion-del-ano","status":"publish","type":"post","link":"https:\/\/radiorevelacionfm.cl\/?p=14992","title":{"rendered":"Coyhaique: Mesa Interinstitucional por la Infancia realiz\u00f3 su primera sesi\u00f3n del a\u00f1o"},"content":{"rendered":"<div class=\"flex_column av_one_full  flex_column_div av-zero-column-padding first  avia-builder-el-0  el_before_av_one_full  avia-builder-el-first  \" style='border-radius:0px; '><div  class='avia-image-container  av-styling-    avia-builder-el-1  avia-builder-el-no-sibling  avia-align-center '  itemprop=\"image\" itemscope=\"itemscope\" itemtype=\"https:\/\/schema.org\/ImageObject\"  ><div class='avia-image-container-inner'><div class='avia-image-overlay-wrap'><img decoding=\"async\" class='wp-image-14993 avia-img-lazy-loading-not-14993 avia_image' src=\"https:\/\/radiorevelacionfm.cl\/wp-content\/uploads\/2022\/03\/foto-mesa-por-la-infancia-1_optimized.jpg\" alt='' title='foto-mesa-por-la-infancia-1_optimized' height=\"488\" width=\"1068\"  itemprop=\"thumbnailUrl\" srcset=\"https:\/\/radiorevelacionfm.cl\/wp-content\/uploads\/2022\/03\/foto-mesa-por-la-infancia-1_optimized.jpg 1068w, https:\/\/radiorevelacionfm.cl\/wp-content\/uploads\/2022\/03\/foto-mesa-por-la-infancia-1_optimized-300x137.jpg 300w, https:\/\/radiorevelacionfm.cl\/wp-content\/uploads\/2022\/03\/foto-mesa-por-la-infancia-1_optimized-1030x471.jpg 1030w, https:\/\/radiorevelacionfm.cl\/wp-content\/uploads\/2022\/03\/foto-mesa-por-la-infancia-1_optimized-768x351.jpg 768w, https:\/\/radiorevelacionfm.cl\/wp-content\/uploads\/2022\/03\/foto-mesa-por-la-infancia-1_optimized-705x322.jpg 705w, https:\/\/radiorevelacionfm.cl\/wp-content\/uploads\/2022\/03\/foto-mesa-por-la-infancia-1_optimized-600x274.jpg 600w\" sizes=\"(max-width: 1068px) 100vw, 1068px\" \/><\/div><\/div><\/div><\/div><div class=\"flex_column av_one_full  flex_column_div av-zero-column-padding first  avia-builder-el-2  el_after_av_one_full  el_before_av_one_full  column-top-margin\" style='border-radius:0px; '><section class=\"av_textblock_section \"  itemscope=\"itemscope\" itemtype=\"https:\/\/schema.org\/BlogPosting\" itemprop=\"blogPost\" ><div class='avia_textblock  '   itemprop=\"text\" ><p style=\"text-align: center;\"><span style=\"font-size: 18pt;\"><b>Coyhaique: Mesa Interinstitucional por la Infancia realiz\u00f3 su primera sesi\u00f3n del a\u00f1o<\/b><\/span><\/p>\n<div id=\"gtx-trans\" style=\"position: absolute; left: -50px; top: 4.31534px;\">\n<div class=\"gtx-trans-icon\"><\/div>\n<\/div>\n<\/div><\/section><\/div><div class=\"flex_column av_one_full  flex_column_div av-zero-column-padding first  avia-builder-el-4  el_after_av_one_full  el_before_av_hr  column-top-margin\" style='border-radius:0px; '><section class=\"av_textblock_section \"  itemscope=\"itemscope\" itemtype=\"https:\/\/schema.org\/BlogPosting\" itemprop=\"blogPost\" ><div class='avia_textblock  '   itemprop=\"text\" ><p class=\"v1MsoNormal\" style=\"text-align: justify;\">La mesa interinstitucional por la infancia de la jurisdicci\u00f3n Coyhaique tuvo su primera sesi\u00f3n del a\u00f1o 2022, enfocada en la presentaci\u00f3n de las cinco unidades de trabajo que componen al nuevo Servicio Mejor Ni\u00f1ez y su relaci\u00f3n con los otros actores del sistema proteccional de ni\u00f1os, ni\u00f1as y adolescentes.<\/p>\n<p class=\"v1MsoNormal\" style=\"text-align: justify;\">La actividad virtual realizada el pasado -martes 22 de marzo- fue encabezada por la ministra Natalia Rencoret Oliva, encargada de los asuntos de Familia de la Corte de Apelaciones de Coyhaique y presidenta de la instancia, adem\u00e1s del nuevo director regional del Servicio Mejor Ni\u00f1ez, Sergio Becerra Mera.<\/p>\n<p class=\"v1MsoNormal\" style=\"text-align: justify;\">Asimismo, estuvieron presentes jueces, secretarios,\u00a0 administradores, consejeros t\u00e9cnicos, funcionarios e instituciones relacionadas de la red de protecci\u00f3n, tales como las Secretar\u00edas Ministeriales de Justicia y Derechos Humanos, Desarrollo Social y Familia, Defensor\u00eda de la Ni\u00f1ez y Programa Mi Abogado.<\/p>\n<p class=\"v1MsoNormal\" style=\"text-align: justify;\">\u00abPara esta primera jornada, cre\u00edmos conveniente centrarnos en conocer el trabajo del Servicio Nacional de Protecci\u00f3n Especializada a la ni\u00f1ez y adolescencia,\u00a0 \u00abMejor Ni\u00f1ez\u00bb. Aprovechando la instancia para dar la bienvenida al nuevo director regional de este servicio, Sergio Becerra Mera, quien asumi\u00f3 el 1 de marzo pasado y a quien ya tuve la posibilidad de conocer personalmente hace algunos d\u00edas. Esperamos mantener una permanente comunicaci\u00f3n y disposici\u00f3n para ir analizando y superando situaciones que se vayan presentando a partir del trabajo con tribunales y en torno a ni\u00f1os, ni\u00f1as y adolescentes que han sido vulnerados en sus derechos\u00bb, sostuvo la ministra Natalia Rencoret.<\/p>\n<p class=\"v1MsoNormal\" style=\"text-align: justify;\">Agreg\u00f3 que: \u00abAl mes de marzo de 2022, el Servicio Mejor Ni\u00f1ez de nuestra regi\u00f3n ya cuenta con la contrataci\u00f3n de la mayor\u00eda de su equipo profesional, por lo que es relevante conocer su organigrama y poder mostrar las caras visibles dentro de cada funci\u00f3n, con el fin de facilitar las comunicaciones y el entendimiento de cada rol. Se suma a esta presentaci\u00f3n, antecedentes generales acerca de la funci\u00f3n de Fiscalizaci\u00f3n del nuevo servicio\u00bb.<\/p>\n<p class=\"v1MsoNormal\" style=\"text-align: justify;\">En este sentido, Gabriela Opazo, Jefa del Departamento de Servicios y Prestaciones del Servicio Mejor Ni\u00f1ez, explic\u00f3 las funciones y conformaci\u00f3n de las unidades de Participaci\u00f3n de Ni\u00f1os, Ni\u00f1as y Adolescentes, de Asistencia t\u00e9cnica, Monitoreo y Seguimiento, de Supervisi\u00f3n y Fiscalizaci\u00f3n, y las unidades de Planificaci\u00f3n y Gesti\u00f3n de la Oferta Regional, y finalmente la unidad de Adopci\u00f3n.<\/p>\n<\/div><\/section><\/div><div  style='height:50px' class='hr hr-invisible   avia-builder-el-6  el_after_av_one_full  el_before_av_social_share '><span class='hr-inner ' ><span class='hr-inner-style'><\/span><\/span><\/div><\/p>\n<div  class='av-social-sharing-box  avia-builder-el-7  el_after_av_hr  el_before_av_hr  '><div class='av-share-box'><h5 class='av-share-link-description av-no-toc '>Compartir esta noticia<\/h5><ul class='av-share-box-list noLightbox'><li class='av-share-link av-social-link-facebook' ><a target=\"_blank\" aria-label=\"Compartir en Facebook\" href='https:\/\/www.facebook.com\/sharer.php?u=https:\/\/radiorevelacionfm.cl\/?p=14992&#038;t=Coyhaique%3A%20Mesa%20Interinstitucional%20por%20la%20Infancia%20realiz%C3%B3%20su%20primera%20sesi%C3%B3n%20del%20a%C3%B1o' aria-hidden='false' data-av_icon='\ue8f3' data-av_iconfont='entypo-fontello' title='' data-avia-related-tooltip='Compartir en Facebook' rel=\"noopener\"><span class='avia_hidden_link_text'>Compartir en Facebook<\/span><\/a><\/li><li class='av-share-link av-social-link-twitter' ><a target=\"_blank\" aria-label=\"Compartir en Twitter\" href='https:\/\/twitter.com\/share?text=Coyhaique%3A%20Mesa%20Interinstitucional%20por%20la%20Infancia%20realiz%C3%B3%20su%20primera%20sesi%C3%B3n%20del%20a%C3%B1o&#038;url=https:\/\/radiorevelacionfm.cl\/?p=14992' aria-hidden='false' data-av_icon='\ue8f1' data-av_iconfont='entypo-fontello' title='' data-avia-related-tooltip='Compartir en Twitter' rel=\"noopener\"><span class='avia_hidden_link_text'>Compartir en Twitter<\/span><\/a><\/li><li class='av-share-link av-social-link-whatsapp' ><a target=\"_blank\" aria-label=\"Compartir en Whatsapp\" href='https:\/\/api.whatsapp.com\/send?text=https:\/\/radiorevelacionfm.cl\/?p=14992' aria-hidden='false' data-av_icon='\uf232' data-av_iconfont='entypo-fontello' title='' data-avia-related-tooltip='Compartir en Whatsapp' rel=\"noopener\"><span class='avia_hidden_link_text'>Compartir en Whatsapp<\/span><\/a><\/li><li class='av-share-link av-social-link-linkedin' ><a target=\"_blank\" aria-label=\"Compartir en LinkedIn\" href='https:\/\/linkedin.com\/shareArticle?mini=true&#038;title=Coyhaique%3A%20Mesa%20Interinstitucional%20por%20la%20Infancia%20realiz%C3%B3%20su%20primera%20sesi%C3%B3n%20del%20a%C3%B1o&#038;url=https:\/\/radiorevelacionfm.cl\/?p=14992' aria-hidden='false' data-av_icon='\ue8fc' data-av_iconfont='entypo-fontello' title='' data-avia-related-tooltip='Compartir en LinkedIn' rel=\"noopener\"><span class='avia_hidden_link_text'>Compartir en LinkedIn<\/span><\/a><\/li><li class='av-share-link av-social-link-mail' ><a  aria-label=\"Compartir por correo\" href='mailto:?subject=Coyhaique%3A%20Mesa%20Interinstitucional%20por%20la%20Infancia%20realiz%C3%B3%20su%20primera%20sesi%C3%B3n%20del%20a%C3%B1o&#038;body=https:\/\/radiorevelacionfm.cl\/?p=14992' aria-hidden='false' data-av_icon='\ue805' data-av_iconfont='entypo-fontello' title='' data-avia-related-tooltip='Compartir por correo'><span class='avia_hidden_link_text'>Compartir por correo<\/span><\/a><\/li><\/ul><\/div><\/div>\n<div  style='height:50px' class='hr hr-invisible   avia-builder-el-8  el_after_av_social_share  el_before_av_comments_list '><span class='hr-inner ' ><span class='hr-inner-style'><\/span><\/span><\/div>\n<div  class='av-buildercomment  av-blog-meta-html-info-disabled av-blog-meta-tag-disabled  '><\/div>\n","protected":false},"excerpt":{"rendered":"","protected":false},"author":1,"featured_media":14993,"comment_status":"open","ping_status":"open","sticky":false,"template":"","format":"standard","meta":{"footnotes":""},"categories":[55],"tags":[],"class_list":["post-14992","post","type-post","status-publish","format-standard","has-post-thumbnail","hentry","category-justicia"],"jetpack_featured_media_url":"https:\/\/radiorevelacionfm.cl\/wp-content\/uploads\/2022\/03\/foto-mesa-por-la-infancia-1_optimized.jpg","_links":{"self":[{"href":"https:\/\/radiorevelacionfm.cl\/index.php?rest_route=\/wp\/v2\/posts\/14992","targetHints":{"allow":["GET"]}}],"collection":[{"href":"https:\/\/radiorevelacionfm.cl\/index.php?rest_route=\/wp\/v2\/posts"}],"about":[{"href":"https:\/\/radiorevelacionfm.cl\/index.php?rest_route=\/wp\/v2\/types\/post"}],"author":[{"embeddable":true,"href":"https:\/\/radiorevelacionfm.cl\/index.php?rest_route=\/wp\/v2\/users\/1"}],"replies":[{"embeddable":true,"href":"https:\/\/radiorevelacionfm.cl\/index.php?rest_route=%2Fwp%2Fv2%2Fcomments&post=14992"}],"version-history":[{"count":2,"href":"https:\/\/radiorevelacionfm.cl\/index.php?rest_route=\/wp\/v2\/posts\/14992\/revisions"}],"predecessor-version":[{"id":15000,"href":"https:\/\/radiorevelacionfm.cl\/index.php?rest_route=\/wp\/v2\/posts\/14992\/revisions\/15000"}],"wp:featuredmedia":[{"embeddable":true,"href":"https:\/\/radiorevelacionfm.cl\/index.php?rest_route=\/wp\/v2\/media\/14993"}],"wp:attachment":[{"href":"https:\/\/radiorevelacionfm.cl\/index.php?rest_route=%2Fwp%2Fv2%2Fmedia&parent=14992"}],"wp:term":[{"taxonomy":"category","embeddable":true,"href":"https:\/\/radiorevelacionfm.cl\/index.php?rest_route=%2Fwp%2Fv2%2Fcategories&post=14992"},{"taxonomy":"post_tag","embeddable":true,"href":"https:\/\/radiorevelacionfm.cl\/index.php?rest_route=%2Fwp%2Fv2%2Ftags&post=14992"}],"curies":[{"name":"wp","href":"https:\/\/api.w.org\/{rel}","templated":true}]}}