{"id":14987,"date":"2022-03-24T12:07:50","date_gmt":"2022-03-24T15:07:50","guid":{"rendered":"https:\/\/radiorevelacionfm.cl\/?p=14987"},"modified":"2022-03-24T12:07:50","modified_gmt":"2022-03-24T15:07:50","slug":"grupo-transversal-de-diputados-presenta-reforma-constitucional-para-eliminar-el-impuesto-especifico-en-las-zonas-extremas","status":"publish","type":"post","link":"https:\/\/radiorevelacionfm.cl\/?p=14987","title":{"rendered":"Grupo transversal de diputados presenta reforma constitucional para eliminar el impuesto espec\u00edfico en las Zonas Extremas"},"content":{"rendered":"<div class=\"flex_column av_one_full  flex_column_div av-zero-column-padding first  avia-builder-el-0  el_before_av_one_full  avia-builder-el-first  \" style='border-radius:0px; '><div  class='avia-image-container  av-styling-    avia-builder-el-1  avia-builder-el-no-sibling  avia-align-center '  itemprop=\"image\" itemscope=\"itemscope\" itemtype=\"https:\/\/schema.org\/ImageObject\"  ><div class='avia-image-container-inner'><div class='avia-image-overlay-wrap'><img decoding=\"async\" class='wp-image-14988 avia-img-lazy-loading-not-14988 avia_image' src=\"https:\/\/radiorevelacionfm.cl\/wp-content\/uploads\/2022\/03\/diputados-zonas-extremas2-1_optimized.jpg\" alt='' title='diputados-zonas-extremas2-(1)_optimized' height=\"600\" width=\"1389\"  itemprop=\"thumbnailUrl\" srcset=\"https:\/\/radiorevelacionfm.cl\/wp-content\/uploads\/2022\/03\/diputados-zonas-extremas2-1_optimized.jpg 1389w, https:\/\/radiorevelacionfm.cl\/wp-content\/uploads\/2022\/03\/diputados-zonas-extremas2-1_optimized-300x130.jpg 300w, https:\/\/radiorevelacionfm.cl\/wp-content\/uploads\/2022\/03\/diputados-zonas-extremas2-1_optimized-1030x445.jpg 1030w, https:\/\/radiorevelacionfm.cl\/wp-content\/uploads\/2022\/03\/diputados-zonas-extremas2-1_optimized-768x332.jpg 768w, https:\/\/radiorevelacionfm.cl\/wp-content\/uploads\/2022\/03\/diputados-zonas-extremas2-1_optimized-705x305.jpg 705w, https:\/\/radiorevelacionfm.cl\/wp-content\/uploads\/2022\/03\/diputados-zonas-extremas2-1_optimized-600x259.jpg 600w\" sizes=\"(max-width: 1389px) 100vw, 1389px\" \/><\/div><\/div><\/div><\/div><div class=\"flex_column av_one_full  flex_column_div av-zero-column-padding first  avia-builder-el-2  el_after_av_one_full  el_before_av_one_full  column-top-margin\" style='border-radius:0px; '><section class=\"av_textblock_section \"  itemscope=\"itemscope\" itemtype=\"https:\/\/schema.org\/BlogPosting\" itemprop=\"blogPost\" ><div class='avia_textblock  '   itemprop=\"text\" ><p style=\"text-align: center;\"><span style=\"font-size: 18pt;\"><b><span lang=\"ES\">Grupo transversal de diputados presenta reforma constitucional para eliminar el impuesto espec\u00edfico en las Zonas Extremas<\/span><\/b><\/span><\/p>\n<div id=\"gtx-trans\" style=\"position: absolute; left: -50px; top: 4.31534px;\">\n<div class=\"gtx-trans-icon\"><\/div>\n<\/div>\n<\/div><\/section><\/div><div class=\"flex_column av_one_full  flex_column_div av-zero-column-padding first  avia-builder-el-4  el_after_av_one_full  el_before_av_hr  column-top-margin\" style='border-radius:0px; '><section class=\"av_textblock_section \"  itemscope=\"itemscope\" itemtype=\"https:\/\/schema.org\/BlogPosting\" itemprop=\"blogPost\" ><div class='avia_textblock  '   itemprop=\"text\" ><p style=\"font-weight: 400; text-align: justify;\">Frente a las constantes alzas del precio de los combustibles y las diferencias de valor en relaci\u00f3n a la zona central, un grupo de diputados representantes de las Zonas Extremas, comandados por Miguel \u00c1ngel Calisto, presentaron una reforma constitucional para eliminar el impuesto espec\u00edfico a los combustibles en estos lugares.<\/p>\n<p style=\"font-weight: 400; text-align: justify;\">La iniciativa consiste en un art\u00edculo transitorio a la constituci\u00f3n donde se establece que \u201cpara todas las zonas extremas reconocidas en la ley N\u00b0 20.655, no se cobrar\u00e1 ni considerar\u00e1 el impuesto espec\u00edfico a los combustibles referidos en la ley N\u00b0 18.502, en cualquiera de sus componentes\u201d. La iniciativa fu firmada por los diputados Miguel \u00c1ngel Calisto, Ren\u00e9 Alinco, Hotuiti Teao, Danisa Astudillo y Alejandro Bernales, entre otros.<\/p>\n<p style=\"font-weight: 400; text-align: justify;\">Seg\u00fan el diputado Miguel \u00c1ngel Calisto, \u201choy existen zonas de nuestro pa\u00eds que est\u00e1n pagando $1390 por el litro de combustible. El 50% de este valor es impuesto, porque pagamos el impuesto espec\u00edfico y adem\u00e1s el IVA. Creemos que ac\u00e1 tiene que existir una decisi\u00f3n pol\u00edtica por parte del Gobierno y que patrocine este proyecto, y as\u00ed dar una se\u00f1al a las Zonas Extremas por el alto costo que significa vivir fuera del centro del pa\u00eds\u201d.<\/p>\n<p style=\"font-weight: 400; text-align: justify;\">\u201cRecordemos que los territorios m\u00e1s asilados pagan los precios m\u00e1s altos en el gas, en la electricidad, sin tener ning\u00fan apoyo del Estado. Con esta reforma constitucional vamos a garantizar que exista un apoyo de parte del Estado a aquellas zonas que est\u00e1n alejadas del centro\u201d, se\u00f1al\u00f3.<\/p>\n<p style=\"font-weight: 400; text-align: justify;\">Por su parte, el diputado Alejandro Bernales, que representa a la provincia de Palena, afirm\u00f3 que \u201cNo es justo que cada vez que el alza de los precios de distintos productos le toca el bolsillo a los santiaguinos, sea un tema de discusi\u00f3n, mientras que las y los vecinos de zonas extremas, llevan bastante tiempo pagando m\u00e1s de mil pesos por el litro de combustible y nadie se ha escandalizado\u201d.<\/p>\n<p style=\"font-weight: 400; text-align: justify;\">\u201cNosotros creemos que esto debiera ser un beneficio para estas personas que viven en zonas extremas, y que las y los diputados de Santiago no rechacen el proyecto, tal como lo hicieron la otra vez, que voten pensando en las personas que nosotros representamos y son de Zonas Extremas.<\/p>\n<p style=\"font-weight: 400; text-align: justify;\">El diputado Hotuiti Teao indic\u00f3 que \u201cRapa Nui hoy est\u00e1 hoy aislada y ya no puede vivir del turismo, su fuente principal de ingreso. Por eso, esta iniciativa legal va a significar un beneficio directo a su bolsillo.\u00a0 Las zonas extremas siempre han sido olvidadas, no de la mano de Dios, sino que de la mano del Estado. Por eso, le exigimos tambi\u00e9n al presidente Gabriel Boric, a que se sume a este proyecto y se acuerde de aquellos ciudadanos que est\u00e1n alejados del continente, a 4 mil kil\u00f3metros de la regi\u00f3n de Valpara\u00edso y que necesitan su ayuda\u201d.<\/p>\n<p style=\"font-weight: 400; text-align: justify;\">Finalmente, la diputada por Iquique, Danisa Astudillo, afirm\u00f3 que \u201cvivimos en un pa\u00eds largo y muy diverso, las regiones extremas, que muchas veces son olvidadas y tenemos necesidades espec\u00edficas. Este proyecto va en poyo de las familias m\u00e1s vulnerables, en una regi\u00f3n que ha sido azotada por la crisis migratoria. Esperamos que nuestros colegas apoyen este proyecto. Tenemos los m\u00e1s altos precios de combustible, por lo tanto, nos hemos unido para pedir el apoyo de los dem\u00e1s parlamentarios y este proyecto salga adelante. Hay que ponerse la mano en el coraz\u00f3n y pensar que Chile no solamente es Santiago\u201d.<\/p>\n<\/div><\/section><\/div><div  style='height:50px' class='hr hr-invisible   avia-builder-el-6  el_after_av_one_full  el_before_av_social_share '><span class='hr-inner ' ><span class='hr-inner-style'><\/span><\/span><\/div><\/p>\n<div  class='av-social-sharing-box  avia-builder-el-7  el_after_av_hr  el_before_av_hr  '><div class='av-share-box'><h5 class='av-share-link-description av-no-toc '>Compartir esta noticia<\/h5><ul class='av-share-box-list noLightbox'><li class='av-share-link av-social-link-facebook' ><a target=\"_blank\" aria-label=\"Compartir en Facebook\" href='https:\/\/www.facebook.com\/sharer.php?u=https:\/\/radiorevelacionfm.cl\/?p=14987&#038;t=Grupo%20transversal%20de%20diputados%20presenta%20reforma%20constitucional%20para%20eliminar%20el%20impuesto%20espec%C3%ADfico%20en%20las%20Zonas%20Extremas' aria-hidden='false' data-av_icon='\ue8f3' data-av_iconfont='entypo-fontello' title='' data-avia-related-tooltip='Compartir en Facebook' rel=\"noopener\"><span class='avia_hidden_link_text'>Compartir en Facebook<\/span><\/a><\/li><li class='av-share-link av-social-link-twitter' ><a target=\"_blank\" aria-label=\"Compartir en Twitter\" href='https:\/\/twitter.com\/share?text=Grupo%20transversal%20de%20diputados%20presenta%20reforma%20constitucional%20para%20eliminar%20el%20impuesto%20espec%C3%ADfico%20en%20las%20Zonas%20Extremas&#038;url=https:\/\/radiorevelacionfm.cl\/?p=14987' aria-hidden='false' data-av_icon='\ue8f1' data-av_iconfont='entypo-fontello' title='' data-avia-related-tooltip='Compartir en Twitter' rel=\"noopener\"><span class='avia_hidden_link_text'>Compartir en Twitter<\/span><\/a><\/li><li class='av-share-link av-social-link-whatsapp' ><a target=\"_blank\" aria-label=\"Compartir en Whatsapp\" href='https:\/\/api.whatsapp.com\/send?text=https:\/\/radiorevelacionfm.cl\/?p=14987' aria-hidden='false' data-av_icon='\uf232' data-av_iconfont='entypo-fontello' title='' data-avia-related-tooltip='Compartir en Whatsapp' rel=\"noopener\"><span class='avia_hidden_link_text'>Compartir en Whatsapp<\/span><\/a><\/li><li class='av-share-link av-social-link-linkedin' ><a target=\"_blank\" aria-label=\"Compartir en LinkedIn\" href='https:\/\/linkedin.com\/shareArticle?mini=true&#038;title=Grupo%20transversal%20de%20diputados%20presenta%20reforma%20constitucional%20para%20eliminar%20el%20impuesto%20espec%C3%ADfico%20en%20las%20Zonas%20Extremas&#038;url=https:\/\/radiorevelacionfm.cl\/?p=14987' aria-hidden='false' data-av_icon='\ue8fc' data-av_iconfont='entypo-fontello' title='' data-avia-related-tooltip='Compartir en LinkedIn' rel=\"noopener\"><span class='avia_hidden_link_text'>Compartir en LinkedIn<\/span><\/a><\/li><li class='av-share-link av-social-link-mail' ><a  aria-label=\"Compartir por correo\" href='mailto:?subject=Grupo%20transversal%20de%20diputados%20presenta%20reforma%20constitucional%20para%20eliminar%20el%20impuesto%20espec%C3%ADfico%20en%20las%20Zonas%20Extremas&#038;body=https:\/\/radiorevelacionfm.cl\/?p=14987' aria-hidden='false' data-av_icon='\ue805' data-av_iconfont='entypo-fontello' title='' data-avia-related-tooltip='Compartir por correo'><span class='avia_hidden_link_text'>Compartir por correo<\/span><\/a><\/li><\/ul><\/div><\/div>\n<div  style='height:50px' class='hr hr-invisible   avia-builder-el-8  el_after_av_social_share  el_before_av_comments_list '><span class='hr-inner ' ><span class='hr-inner-style'><\/span><\/span><\/div>\n<div  class='av-buildercomment  av-blog-meta-html-info-disabled av-blog-meta-tag-disabled  '><\/div>\n","protected":false},"excerpt":{"rendered":"","protected":false},"author":1,"featured_media":14988,"comment_status":"open","ping_status":"open","sticky":false,"template":"","format":"standard","meta":{"footnotes":""},"categories":[35],"tags":[],"class_list":["post-14987","post","type-post","status-publish","format-standard","has-post-thumbnail","hentry","category-politica"],"jetpack_featured_media_url":"https:\/\/radiorevelacionfm.cl\/wp-content\/uploads\/2022\/03\/diputados-zonas-extremas2-1_optimized.jpg","_links":{"self":[{"href":"https:\/\/radiorevelacionfm.cl\/index.php?rest_route=\/wp\/v2\/posts\/14987","targetHints":{"allow":["GET"]}}],"collection":[{"href":"https:\/\/radiorevelacionfm.cl\/index.php?rest_route=\/wp\/v2\/posts"}],"about":[{"href":"https:\/\/radiorevelacionfm.cl\/index.php?rest_route=\/wp\/v2\/types\/post"}],"author":[{"embeddable":true,"href":"https:\/\/radiorevelacionfm.cl\/index.php?rest_route=\/wp\/v2\/users\/1"}],"replies":[{"embeddable":true,"href":"https:\/\/radiorevelacionfm.cl\/index.php?rest_route=%2Fwp%2Fv2%2Fcomments&post=14987"}],"version-history":[{"count":2,"href":"https:\/\/radiorevelacionfm.cl\/index.php?rest_route=\/wp\/v2\/posts\/14987\/revisions"}],"predecessor-version":[{"id":14991,"href":"https:\/\/radiorevelacionfm.cl\/index.php?rest_route=\/wp\/v2\/posts\/14987\/revisions\/14991"}],"wp:featuredmedia":[{"embeddable":true,"href":"https:\/\/radiorevelacionfm.cl\/index.php?rest_route=\/wp\/v2\/media\/14988"}],"wp:attachment":[{"href":"https:\/\/radiorevelacionfm.cl\/index.php?rest_route=%2Fwp%2Fv2%2Fmedia&parent=14987"}],"wp:term":[{"taxonomy":"category","embeddable":true,"href":"https:\/\/radiorevelacionfm.cl\/index.php?rest_route=%2Fwp%2Fv2%2Fcategories&post=14987"},{"taxonomy":"post_tag","embeddable":true,"href":"https:\/\/radiorevelacionfm.cl\/index.php?rest_route=%2Fwp%2Fv2%2Ftags&post=14987"}],"curies":[{"name":"wp","href":"https:\/\/api.w.org\/{rel}","templated":true}]}}