{"id":14983,"date":"2022-03-24T11:16:46","date_gmt":"2022-03-24T14:16:46","guid":{"rendered":"https:\/\/radiorevelacionfm.cl\/?p=14983"},"modified":"2022-03-24T11:16:46","modified_gmt":"2022-03-24T14:16:46","slug":"precio-del-gas-anuncian-compromiso-para-tramitar-proyectos-sobre-la-materia","status":"publish","type":"post","link":"https:\/\/radiorevelacionfm.cl\/?p=14983","title":{"rendered":"Precio del gas: anuncian compromiso para tramitar proyectos sobre la materia"},"content":{"rendered":"<div class=\"flex_column av_one_full  flex_column_div av-zero-column-padding first  avia-builder-el-0  el_before_av_one_full  avia-builder-el-first  \" style='border-radius:0px; '><div  class='avia-image-container  av-styling-    avia-builder-el-1  avia-builder-el-no-sibling  avia-align-center '  itemprop=\"image\" itemscope=\"itemscope\" itemtype=\"https:\/\/schema.org\/ImageObject\"  ><div class='avia-image-container-inner'><div class='avia-image-overlay-wrap'><img decoding=\"async\" class='wp-image-9781 avia-img-lazy-loading-not-9781 avia_image' src=\"https:\/\/radiorevelacionfm.cl\/wp-content\/uploads\/2021\/10\/gas-1-1-1.jpg\" alt='' title='gas (1) (1) (1)' height=\"600\" width=\"1024\"  itemprop=\"thumbnailUrl\" srcset=\"https:\/\/radiorevelacionfm.cl\/wp-content\/uploads\/2021\/10\/gas-1-1-1.jpg 1024w, https:\/\/radiorevelacionfm.cl\/wp-content\/uploads\/2021\/10\/gas-1-1-1-300x176.jpg 300w, https:\/\/radiorevelacionfm.cl\/wp-content\/uploads\/2021\/10\/gas-1-1-1-768x450.jpg 768w, https:\/\/radiorevelacionfm.cl\/wp-content\/uploads\/2021\/10\/gas-1-1-1-705x413.jpg 705w, https:\/\/radiorevelacionfm.cl\/wp-content\/uploads\/2021\/10\/gas-1-1-1-600x352.jpg 600w\" sizes=\"(max-width: 1024px) 100vw, 1024px\" \/><\/div><\/div><\/div><\/div><div class=\"flex_column av_one_full  flex_column_div av-zero-column-padding first  avia-builder-el-2  el_after_av_one_full  el_before_av_one_full  column-top-margin\" style='border-radius:0px; '><section class=\"av_textblock_section \"  itemscope=\"itemscope\" itemtype=\"https:\/\/schema.org\/BlogPosting\" itemprop=\"blogPost\" ><div class='avia_textblock  '   itemprop=\"text\" ><p style=\"text-align: center;\"><strong><span style=\"font-size: 18pt;\">Precio del gas: anuncian compromiso para tramitar proyectos sobre la materia<\/span><\/strong><\/p>\n<div id=\"gtx-trans\" style=\"position: absolute; left: -50px; top: 4.31534px;\">\n<div class=\"gtx-trans-icon\"><\/div>\n<\/div>\n<\/div><\/section><\/div><div class=\"flex_column av_one_full  flex_column_div av-zero-column-padding first  avia-builder-el-4  el_after_av_one_full  el_before_av_hr  column-top-margin\" style='border-radius:0px; '><section class=\"av_textblock_section \"  itemscope=\"itemscope\" itemtype=\"https:\/\/schema.org\/BlogPosting\" itemprop=\"blogPost\" ><div class='avia_textblock  '   itemprop=\"text\" ><p style=\"text-align: justify;\">La Mesa del Senado recibi\u00f3 a la Asociaci\u00f3n de Municipalidades por \u201cel gas a precio justo\u201d y manifest\u00f3 que la idea es buscar una soluci\u00f3n al tema, sobre todo en el actual contexto.<\/p>\n<p style=\"text-align: justify;\">\u201cNuestro compromiso es tramitar y llevar adelante los distintos proyectos de ley que se han presentado en la materia a objeto de buscar una soluci\u00f3n\u201d,\u00a0dijo el presidente del Senado, \u00c1lvaro Elizalde, al t\u00e9rmino de la reuni\u00f3n que sostuvo junto a la vicepresidenta de la Corporaci\u00f3n, Luz Ebensperger, con la asociaci\u00f3n de municipalidades por \u201cel gas a precio justo\u201d.<\/p>\n<p style=\"text-align: justify;\">\u201cNos parece muy importante contar con un marco regulatorio que proteja adecuadamente a las familias chilenas y que evite estos precios excesivos que se est\u00e1n cobrando en la actualidad, m\u00e1s a\u00fan cuando existe un contexto internacional complejo\u201d, dijo el titular de la C\u00e1mara Alta.<\/p>\n<p style=\"text-align: justify;\">Agreg\u00f3 que \u201cestamos solicitando al gobierno buscar mecanismos que permitan que los precios que se cobren no sean excesivos, que las familias de sectores medios y vulnerables puedan acceder a la prestaci\u00f3n de servicios y al acceso de este producto que es b\u00e1sico para poder enfrentar el invierno en condiciones complejas\u201d.<\/p>\n<p style=\"text-align: justify;\">Se\u00f1al\u00f3 que existen diversas alternativas y que por lo mismo \u201ces imprescindible una definici\u00f3n del gobierno con el objeto de establecer cu\u00e1l va a ser la propuesta espec\u00edfica para enfrentar esta situaci\u00f3n, sobre la base del di\u00e1logo no solo con los alcaldes, sino que con todos los actores que est\u00e1n involucrados en este tema\u201d.<\/p>\n<p style=\"text-align: justify;\">En tanto,\u00a0el presidente de la asociaci\u00f3n de municipios por gas a precio justo, Antonio Rivas, valor\u00f3 la reuni\u00f3n con la Mesa de la Corporaci\u00f3n, se\u00f1alando que \u201caqu\u00ed hubo tremenda transparencia y gran responsabilidad hist\u00f3rica, pero adem\u00e1s un compromiso con la ciudadan\u00eda a nivel nacional\u201d.<\/p>\n<p style=\"text-align: justify;\">En su opini\u00f3n una alternativa es avanzar en un proyecto que fue aprobado en general por la C\u00e1mara de Diputadas y Diputados, pero que no tuvo qu\u00f3rum suficiente en su articulado. \u201cSe puede reponer y resolver r\u00e1pidamente el problema de tener acceso al gas a precio justo\u201d, dijo tras se\u00f1alar que ello permitir\u00eda que los municipios pudieran vender el gas a 16 mil pesos.<\/p>\n<p style=\"text-align: justify;\">Agreg\u00f3 que en la actualidad \u201csomos 100 municipios que estamos disponibles a iniciar hoy d\u00eda en Chile la venta de gas a precio justo\u00a0 en nuestro pa\u00eds, desde Puerto Natales hasta Arica\u201d.<\/p>\n<\/div><\/section><\/div><div  style='height:50px' class='hr hr-invisible   avia-builder-el-6  el_after_av_one_full  el_before_av_social_share '><span class='hr-inner ' ><span class='hr-inner-style'><\/span><\/span><\/div><\/p>\n<div  class='av-social-sharing-box  avia-builder-el-7  el_after_av_hr  el_before_av_hr  '><div class='av-share-box'><h5 class='av-share-link-description av-no-toc '>Compartir esta noticia<\/h5><ul class='av-share-box-list noLightbox'><li class='av-share-link av-social-link-facebook' ><a target=\"_blank\" aria-label=\"Compartir en Facebook\" href='https:\/\/www.facebook.com\/sharer.php?u=https:\/\/radiorevelacionfm.cl\/?p=14983&#038;t=Precio%20del%20gas%3A%20anuncian%20compromiso%20para%20tramitar%20proyectos%20sobre%20la%20materia' aria-hidden='false' data-av_icon='\ue8f3' data-av_iconfont='entypo-fontello' title='' data-avia-related-tooltip='Compartir en Facebook' rel=\"noopener\"><span class='avia_hidden_link_text'>Compartir en Facebook<\/span><\/a><\/li><li class='av-share-link av-social-link-twitter' ><a target=\"_blank\" aria-label=\"Compartir en Twitter\" href='https:\/\/twitter.com\/share?text=Precio%20del%20gas%3A%20anuncian%20compromiso%20para%20tramitar%20proyectos%20sobre%20la%20materia&#038;url=https:\/\/radiorevelacionfm.cl\/?p=14983' aria-hidden='false' data-av_icon='\ue8f1' data-av_iconfont='entypo-fontello' title='' data-avia-related-tooltip='Compartir en Twitter' rel=\"noopener\"><span class='avia_hidden_link_text'>Compartir en Twitter<\/span><\/a><\/li><li class='av-share-link av-social-link-whatsapp' ><a target=\"_blank\" aria-label=\"Compartir en Whatsapp\" href='https:\/\/api.whatsapp.com\/send?text=https:\/\/radiorevelacionfm.cl\/?p=14983' aria-hidden='false' data-av_icon='\uf232' data-av_iconfont='entypo-fontello' title='' data-avia-related-tooltip='Compartir en Whatsapp' rel=\"noopener\"><span class='avia_hidden_link_text'>Compartir en Whatsapp<\/span><\/a><\/li><li class='av-share-link av-social-link-linkedin' ><a target=\"_blank\" aria-label=\"Compartir en LinkedIn\" href='https:\/\/linkedin.com\/shareArticle?mini=true&#038;title=Precio%20del%20gas%3A%20anuncian%20compromiso%20para%20tramitar%20proyectos%20sobre%20la%20materia&#038;url=https:\/\/radiorevelacionfm.cl\/?p=14983' aria-hidden='false' data-av_icon='\ue8fc' data-av_iconfont='entypo-fontello' title='' data-avia-related-tooltip='Compartir en LinkedIn' rel=\"noopener\"><span class='avia_hidden_link_text'>Compartir en LinkedIn<\/span><\/a><\/li><li class='av-share-link av-social-link-mail' ><a  aria-label=\"Compartir por correo\" href='mailto:?subject=Precio%20del%20gas%3A%20anuncian%20compromiso%20para%20tramitar%20proyectos%20sobre%20la%20materia&#038;body=https:\/\/radiorevelacionfm.cl\/?p=14983' aria-hidden='false' data-av_icon='\ue805' data-av_iconfont='entypo-fontello' title='' data-avia-related-tooltip='Compartir por correo'><span class='avia_hidden_link_text'>Compartir por correo<\/span><\/a><\/li><\/ul><\/div><\/div>\n<div  style='height:50px' class='hr hr-invisible   avia-builder-el-8  el_after_av_social_share  el_before_av_comments_list '><span class='hr-inner ' ><span class='hr-inner-style'><\/span><\/span><\/div>\n<div  class='av-buildercomment  av-blog-meta-html-info-disabled av-blog-meta-tag-disabled  '><\/div>\n","protected":false},"excerpt":{"rendered":"","protected":false},"author":1,"featured_media":9781,"comment_status":"open","ping_status":"open","sticky":false,"template":"","format":"standard","meta":{"footnotes":""},"categories":[61],"tags":[],"class_list":["post-14983","post","type-post","status-publish","format-standard","has-post-thumbnail","hentry","category-nacional"],"jetpack_featured_media_url":"https:\/\/radiorevelacionfm.cl\/wp-content\/uploads\/2021\/10\/gas-1-1-1.jpg","_links":{"self":[{"href":"https:\/\/radiorevelacionfm.cl\/index.php?rest_route=\/wp\/v2\/posts\/14983","targetHints":{"allow":["GET"]}}],"collection":[{"href":"https:\/\/radiorevelacionfm.cl\/index.php?rest_route=\/wp\/v2\/posts"}],"about":[{"href":"https:\/\/radiorevelacionfm.cl\/index.php?rest_route=\/wp\/v2\/types\/post"}],"author":[{"embeddable":true,"href":"https:\/\/radiorevelacionfm.cl\/index.php?rest_route=\/wp\/v2\/users\/1"}],"replies":[{"embeddable":true,"href":"https:\/\/radiorevelacionfm.cl\/index.php?rest_route=%2Fwp%2Fv2%2Fcomments&post=14983"}],"version-history":[{"count":2,"href":"https:\/\/radiorevelacionfm.cl\/index.php?rest_route=\/wp\/v2\/posts\/14983\/revisions"}],"predecessor-version":[{"id":14986,"href":"https:\/\/radiorevelacionfm.cl\/index.php?rest_route=\/wp\/v2\/posts\/14983\/revisions\/14986"}],"wp:featuredmedia":[{"embeddable":true,"href":"https:\/\/radiorevelacionfm.cl\/index.php?rest_route=\/wp\/v2\/media\/9781"}],"wp:attachment":[{"href":"https:\/\/radiorevelacionfm.cl\/index.php?rest_route=%2Fwp%2Fv2%2Fmedia&parent=14983"}],"wp:term":[{"taxonomy":"category","embeddable":true,"href":"https:\/\/radiorevelacionfm.cl\/index.php?rest_route=%2Fwp%2Fv2%2Fcategories&post=14983"},{"taxonomy":"post_tag","embeddable":true,"href":"https:\/\/radiorevelacionfm.cl\/index.php?rest_route=%2Fwp%2Fv2%2Ftags&post=14983"}],"curies":[{"name":"wp","href":"https:\/\/api.w.org\/{rel}","templated":true}]}}