{"id":14976,"date":"2022-03-23T19:01:53","date_gmt":"2022-03-23T22:01:53","guid":{"rendered":"https:\/\/radiorevelacionfm.cl\/?p=14976"},"modified":"2022-03-23T19:01:53","modified_gmt":"2022-03-23T22:01:53","slug":"carabineros-y-la-comunidad-se-unen-en-ayuda-de-familia-damnificada-por-incendio-en-coyhaique","status":"publish","type":"post","link":"https:\/\/radiorevelacionfm.cl\/?p=14976","title":{"rendered":"Carabineros y la comunidad se unen en ayuda de familia damnificada por incendio en Coyhaique"},"content":{"rendered":"<div class=\"flex_column av_one_full  flex_column_div av-zero-column-padding first  avia-builder-el-0  el_before_av_one_full  avia-builder-el-first  \" style='border-radius:0px; '><div  class='avia-image-container  av-styling-    avia-builder-el-1  avia-builder-el-no-sibling  avia-align-center '  itemprop=\"image\" itemscope=\"itemscope\" itemtype=\"https:\/\/schema.org\/ImageObject\"  ><div class='avia-image-container-inner'><div class='avia-image-overlay-wrap'><img decoding=\"async\" class='wp-image-14978 avia-img-lazy-loading-not-14978 avia_image' src=\"https:\/\/radiorevelacionfm.cl\/wp-content\/uploads\/2022\/03\/Ayuda-2-1-1-1.jpg\" alt='' title='Ayuda (2) (1) (1)' height=\"600\" width=\"1067\"  itemprop=\"thumbnailUrl\" srcset=\"https:\/\/radiorevelacionfm.cl\/wp-content\/uploads\/2022\/03\/Ayuda-2-1-1-1.jpg 1067w, https:\/\/radiorevelacionfm.cl\/wp-content\/uploads\/2022\/03\/Ayuda-2-1-1-1-300x169.jpg 300w, https:\/\/radiorevelacionfm.cl\/wp-content\/uploads\/2022\/03\/Ayuda-2-1-1-1-1030x579.jpg 1030w, https:\/\/radiorevelacionfm.cl\/wp-content\/uploads\/2022\/03\/Ayuda-2-1-1-1-768x432.jpg 768w, https:\/\/radiorevelacionfm.cl\/wp-content\/uploads\/2022\/03\/Ayuda-2-1-1-1-705x396.jpg 705w, https:\/\/radiorevelacionfm.cl\/wp-content\/uploads\/2022\/03\/Ayuda-2-1-1-1-600x337.jpg 600w\" sizes=\"(max-width: 1067px) 100vw, 1067px\" \/><\/div><\/div><\/div><\/div><div class=\"flex_column av_one_full  flex_column_div av-zero-column-padding first  avia-builder-el-2  el_after_av_one_full  el_before_av_one_full  column-top-margin\" style='border-radius:0px; '><section class=\"av_textblock_section \"  itemscope=\"itemscope\" itemtype=\"https:\/\/schema.org\/BlogPosting\" itemprop=\"blogPost\" ><div class='avia_textblock  '   itemprop=\"text\" ><p style=\"text-align: center;\"><span style=\"font-size: 18pt;\"><b>Carabineros y la comunidad se unen en ayuda de familia damnificada por incendio en Coyhaique<\/b><\/span><\/p>\n<div id=\"gtx-trans\" style=\"position: absolute; left: -50px; top: 4.31534px;\">\n<div class=\"gtx-trans-icon\"><\/div>\n<\/div>\n<\/div><\/section><\/div><div class=\"flex_column av_one_full  flex_column_div av-zero-column-padding first  avia-builder-el-4  el_after_av_one_full  el_before_av_hr  column-top-margin\" style='border-radius:0px; '><section class=\"av_textblock_section \"  itemscope=\"itemscope\" itemtype=\"https:\/\/schema.org\/BlogPosting\" itemprop=\"blogPost\" ><div class='avia_textblock  '   itemprop=\"text\" ><p class=\"v1MsoNormal\" style=\"text-align: justify;\">La p\u00e9rdida total de un inmueble de material ligero, a ra\u00edz de un lamentable incendio que dej\u00f3 a una familia damnificada en la ciudad de Coyhaique, motiv\u00f3 una acci\u00f3n solidaria por parte de Carabineros de la 1ra. Comisar\u00eda de esta ciudad, iniciativa a la cual se sumaron trabajadores del supermercado HiperPatag\u00f3nico y la propia comunidad.<\/p>\n<p class=\"v1MsoNormal\" style=\"text-align: justify;\">El Sargento 2do. Diego Vargas Cort\u00e9s, delegado del cuadrante N\u00b03 de la Oficina de Integraci\u00f3n Comunitaria de dotaci\u00f3n de la 1ra. Comisar\u00eda de Coyhaique, indic\u00f3 que tras conocer de la emergencia estructural registrada el 10 de marzo, el personal del MICC se traslad\u00f3 hasta el domicilio ubicado en Av. Tucapel Jim\u00e9nez con Vicente Barahona en la poblaci\u00f3n Clotario Blest de esta comuna, con la finalidad de visitar a la due\u00f1a de casa y su familia para levantar su problem\u00e1tica.<\/p>\n<p class=\"v1MsoNormal\" style=\"text-align: justify;\">\u00abLogramos canalizar diversas ayudas con la comunidad y algunas otras instituciones como el supermercado HiperPatag\u00f3nico. Les comentamos acerca de lo que hab\u00eda sufrido esta familia donde perdieron pr\u00e1cticamente todos sus enseres, ropa y dinero en efectivo que estaba destinado para los estudios de dos de sus hijas que se van a la ciudad de Valdivia\u00bb, expres\u00f3 el Sargento 2do. Vargas.<\/p>\n<p class=\"v1MsoNormal\" style=\"text-align: justify;\"><b>Colaboraci\u00f3n<\/b><\/p>\n<p class=\"v1MsoNormal\" style=\"text-align: justify;\">El Delegado de Cuadrante N\u00b03 de Carabineros agradeci\u00f3 el gesto solidario y ayuda brindada por la comunidad que hizo aportes a la cuenta bancaria de la afectada, as\u00ed como al personal institucional que realiz\u00f3 aportes consistentes en canastas familiares y ropa de abrigo para ir en ayuda de la familia damnificada a trav\u00e9s de esta cruzada solidaria que igualmente se dio a conocer a trav\u00e9s de la radio y televisi\u00f3n.<\/p>\n<p class=\"v1MsoNormal\" style=\"text-align: justify;\">Por su parte Rodrigo Canales, Gerente del supermercado HiperPatag\u00f3nico -en representaci\u00f3n de los trabajadores de la empresa- hizo entrega de un aporte econ\u00f3mico y mercader\u00eda con la finalidad de contribuir a enfrentar este complejo momento.<\/p>\n<p class=\"v1MsoNormal\" style=\"text-align: justify;\">\u00abLa idea es poder estar en contacto m\u00e1s adelante para ver qu\u00e9 otros aportes podemos hacer. Nos sentimos felices en poder ayudar en algo, sabemos que nuestra ayuda no es una soluci\u00f3n definitiva a los problemas de nuestra vecina, pero quisimos estar presentes\u00bb, expres\u00f3.<\/p>\n<p class=\"v1MsoNormal\" style=\"text-align: justify;\"><b>Afecto y solidaridad<\/b><\/p>\n<p class=\"v1MsoNormal\" style=\"text-align: justify;\">Oristia Lemus Ojeda, afectada por la emergencia, agradeci\u00f3 las muestras de solidaridad por parte de vecinos y la comunidad organizada, quienes acudieron en socorro una vez desatado el incendio que destruy\u00f3 su vivienda, generando cuantiosas p\u00e9rdidas.<\/p>\n<p class=\"v1MsoNormal\" style=\"text-align: justify;\">\u00abYo estaba juntando un dinero para el arriendo de mis hijas que se van a Valdivia, una de ellas a la universidad. Como ten\u00eda mi tel\u00e9fono malo para hacer transferencias, fui al banco y saqu\u00e9 700 mil pesos, los ten\u00eda en un bolso y se me quem\u00f3 todo, sal\u00ed por entre las llamas, ni siquiera alcanc\u00e9 a salir con zapatos\u00bb, lament\u00f3.<\/p>\n<p class=\"v1MsoNormal\" style=\"text-align: justify;\">Asimismo la afectada agradeci\u00f3 las muestras de apoyo y solidaridad por parte de Carabineros y la comunidad, para enfrentar este dif\u00edcil momento y salir adelante.<\/p>\n<p class=\"v1MsoNormal\" style=\"text-align: justify;\">\u00abLas primeras palabras de aliento del funcionario de carabineros fueron fundamentales, me hicieron reaccionar, yo estaba muy mal y comenc\u00e9 a asimilar que hubiese sido peor (&#8230;) porque a una le cuesta todo tanto trabajo. Carabineros fue fundamental en ese momento, especialmente el Sargento Vargas y, sus palabras fueron de aliento para m\u00ed al igual que las de mis vecinos. Fue muy grato sentir el cari\u00f1o de la gente\u00bb, expres\u00f3.<\/p>\n<p class=\"v1MsoNormal\" style=\"text-align: justify;\">Producto del fuego, la afectada \u2013quien se encontraba junto a una de sus hijas al momento de la emergencia- perdi\u00f3 igualmente su documentaci\u00f3n y equipos inform\u00e1ticos destinados para los estudios superiores de ambas j\u00f3venes, indicando que en familia reunir\u00e1n las fuerzas necesarias para salir nuevamente adelante.<\/p>\n<\/div><\/section><\/div><div  style='height:50px' class='hr hr-invisible   avia-builder-el-6  el_after_av_one_full  el_before_av_social_share '><span class='hr-inner ' ><span class='hr-inner-style'><\/span><\/span><\/div><\/p>\n<div  class='av-social-sharing-box  avia-builder-el-7  el_after_av_hr  el_before_av_hr  '><div class='av-share-box'><h5 class='av-share-link-description av-no-toc '>Compartir esta noticia<\/h5><ul class='av-share-box-list noLightbox'><li class='av-share-link av-social-link-facebook' ><a target=\"_blank\" aria-label=\"Compartir en Facebook\" href='https:\/\/www.facebook.com\/sharer.php?u=https:\/\/radiorevelacionfm.cl\/?p=14976&#038;t=Carabineros%20y%20la%20comunidad%20se%20unen%20en%20ayuda%20de%20familia%20damnificada%20por%20incendio%20en%20Coyhaique' aria-hidden='false' data-av_icon='\ue8f3' data-av_iconfont='entypo-fontello' title='' data-avia-related-tooltip='Compartir en Facebook' rel=\"noopener\"><span class='avia_hidden_link_text'>Compartir en Facebook<\/span><\/a><\/li><li class='av-share-link av-social-link-twitter' ><a target=\"_blank\" aria-label=\"Compartir en Twitter\" href='https:\/\/twitter.com\/share?text=Carabineros%20y%20la%20comunidad%20se%20unen%20en%20ayuda%20de%20familia%20damnificada%20por%20incendio%20en%20Coyhaique&#038;url=https:\/\/radiorevelacionfm.cl\/?p=14976' aria-hidden='false' data-av_icon='\ue8f1' data-av_iconfont='entypo-fontello' title='' data-avia-related-tooltip='Compartir en Twitter' rel=\"noopener\"><span class='avia_hidden_link_text'>Compartir en Twitter<\/span><\/a><\/li><li class='av-share-link av-social-link-whatsapp' ><a target=\"_blank\" aria-label=\"Compartir en Whatsapp\" href='https:\/\/api.whatsapp.com\/send?text=https:\/\/radiorevelacionfm.cl\/?p=14976' aria-hidden='false' data-av_icon='\uf232' data-av_iconfont='entypo-fontello' title='' data-avia-related-tooltip='Compartir en Whatsapp' rel=\"noopener\"><span class='avia_hidden_link_text'>Compartir en Whatsapp<\/span><\/a><\/li><li class='av-share-link av-social-link-linkedin' ><a target=\"_blank\" aria-label=\"Compartir en LinkedIn\" href='https:\/\/linkedin.com\/shareArticle?mini=true&#038;title=Carabineros%20y%20la%20comunidad%20se%20unen%20en%20ayuda%20de%20familia%20damnificada%20por%20incendio%20en%20Coyhaique&#038;url=https:\/\/radiorevelacionfm.cl\/?p=14976' aria-hidden='false' data-av_icon='\ue8fc' data-av_iconfont='entypo-fontello' title='' data-avia-related-tooltip='Compartir en LinkedIn' rel=\"noopener\"><span class='avia_hidden_link_text'>Compartir en LinkedIn<\/span><\/a><\/li><li class='av-share-link av-social-link-mail' ><a  aria-label=\"Compartir por correo\" href='mailto:?subject=Carabineros%20y%20la%20comunidad%20se%20unen%20en%20ayuda%20de%20familia%20damnificada%20por%20incendio%20en%20Coyhaique&#038;body=https:\/\/radiorevelacionfm.cl\/?p=14976' aria-hidden='false' data-av_icon='\ue805' data-av_iconfont='entypo-fontello' title='' data-avia-related-tooltip='Compartir por correo'><span class='avia_hidden_link_text'>Compartir por correo<\/span><\/a><\/li><\/ul><\/div><\/div>\n<div  style='height:50px' class='hr hr-invisible   avia-builder-el-8  el_after_av_social_share  el_before_av_comments_list '><span class='hr-inner ' ><span class='hr-inner-style'><\/span><\/span><\/div>\n<div  class='av-buildercomment  av-blog-meta-html-info-disabled av-blog-meta-tag-disabled  '><\/div>\n","protected":false},"excerpt":{"rendered":"","protected":false},"author":1,"featured_media":14977,"comment_status":"open","ping_status":"open","sticky":false,"template":"","format":"standard","meta":{"footnotes":""},"categories":[38],"tags":[],"class_list":["post-14976","post","type-post","status-publish","format-standard","has-post-thumbnail","hentry","category-regional"],"jetpack_featured_media_url":"https:\/\/radiorevelacionfm.cl\/wp-content\/uploads\/2022\/03\/Ayuda-2-1-1.jpg","_links":{"self":[{"href":"https:\/\/radiorevelacionfm.cl\/index.php?rest_route=\/wp\/v2\/posts\/14976","targetHints":{"allow":["GET"]}}],"collection":[{"href":"https:\/\/radiorevelacionfm.cl\/index.php?rest_route=\/wp\/v2\/posts"}],"about":[{"href":"https:\/\/radiorevelacionfm.cl\/index.php?rest_route=\/wp\/v2\/types\/post"}],"author":[{"embeddable":true,"href":"https:\/\/radiorevelacionfm.cl\/index.php?rest_route=\/wp\/v2\/users\/1"}],"replies":[{"embeddable":true,"href":"https:\/\/radiorevelacionfm.cl\/index.php?rest_route=%2Fwp%2Fv2%2Fcomments&post=14976"}],"version-history":[{"count":2,"href":"https:\/\/radiorevelacionfm.cl\/index.php?rest_route=\/wp\/v2\/posts\/14976\/revisions"}],"predecessor-version":[{"id":14980,"href":"https:\/\/radiorevelacionfm.cl\/index.php?rest_route=\/wp\/v2\/posts\/14976\/revisions\/14980"}],"wp:featuredmedia":[{"embeddable":true,"href":"https:\/\/radiorevelacionfm.cl\/index.php?rest_route=\/wp\/v2\/media\/14977"}],"wp:attachment":[{"href":"https:\/\/radiorevelacionfm.cl\/index.php?rest_route=%2Fwp%2Fv2%2Fmedia&parent=14976"}],"wp:term":[{"taxonomy":"category","embeddable":true,"href":"https:\/\/radiorevelacionfm.cl\/index.php?rest_route=%2Fwp%2Fv2%2Fcategories&post=14976"},{"taxonomy":"post_tag","embeddable":true,"href":"https:\/\/radiorevelacionfm.cl\/index.php?rest_route=%2Fwp%2Fv2%2Ftags&post=14976"}],"curies":[{"name":"wp","href":"https:\/\/api.w.org\/{rel}","templated":true}]}}